{"id":255451,"date":"2020-01-14T14:03:24","date_gmt":"2020-01-14T11:03:24","guid":{"rendered":"http:\/\/www.tvturk.com\/index.php\/turk-kultur-ajandasi-tanitildi\/"},"modified":"2020-01-14T14:03:24","modified_gmt":"2020-01-14T11:03:24","slug":"turk-kultur-ajandasi-tanitildi","status":"publish","type":"post","link":"http:\/\/www.tvturk.com\/index.php\/turk-kultur-ajandasi-tanitildi\/","title":{"rendered":"T\u00fcrk K\u00fclt\u00fcr Ajandas\u0131 tan\u0131t\u0131ld\u0131"},"content":{"rendered":"<p>2020 y\u0131l\u0131 i\u00e7in \u00f6zel olarak haz\u0131rlanan ve T\u00fcrk k\u00fclt\u00fcr miras\u0131n\u0131n kap\u0131lar\u0131n\u0131 aralayan T\u00fcrk K\u00fclt\u00fcr Ajandas\u0131, d\u00fczenlenen sergide g\u00f6r\u00fcc\u00fcye \u00e7\u0131kt\u0131.<\/p>\n<p>Ankara\u2019da Y\u00fcksek H\u0131zl\u0131 Tren Gar\u0131nda d\u00fczenlenen sergide 2020 y\u0131l\u0131 i\u00e7in haz\u0131rlanan T\u00fcrk K\u00fclt\u00fcr Ajandas\u0131 bir sergiyle g\u00f6r\u00fcc\u00fcye \u00e7\u0131kt\u0131. Sergi vatanda\u015flar taraf\u0131ndan ilgi g\u00f6r\u00fcrken, yolcular ise merakl\u0131 g\u00f6zlerle sergiyi gezerek bilgiler ald\u0131.<\/p>\n<p>Yunus Emre Enstit\u00fcs\u00fc uzmanlar\u0131n\u0131n bir y\u0131ll\u0131k \u00e7al\u0131\u015fmalar\u0131 neticesinde ortaya \u00e7\u0131kan T\u00fcrk K\u00fclt\u00fcr Ajandas\u0131, 2020 y\u0131l\u0131na \u00f6zel \u201cT\u00fcrk K\u0131rm\u0131z\u0131s\u0131\u201d ve \u201cSaray-\u0131 H\u00fcmayun\u201d temalar\u0131 esas al\u0131narak haz\u0131rland\u0131. T\u00fcrk K\u00fclt\u00fcr Ajandas\u0131n\u0131n kapa\u011f\u0131nda; Osmanl\u0131 cilt\u00e7ili\u011finde yayg\u0131n olarak kullan\u0131lan deri cilt ve miklepli kapak kullan\u0131ld\u0131. \u00d6n kapak \u00fczerine Topkap\u0131 Saray\u0131\u2019n\u0131n sembol yap\u0131lardan biri olan ve halk taraf\u0131ndan \u201cdevlet kap\u0131s\u0131\u201d olarak da adland\u0131r\u0131lan Bab\u00fcsselam g\u00f6rseli yer ald\u0131. Ajanda, T\u00fcrk\u00e7e ve \u0130ngilizce olarak T\u00fcrk k\u00fclt\u00fcr\u00fcn\u00fc yans\u0131tan \u00e7e\u015fitli konularla birlikte T\u00fcrk motifleri ve sembollerinin anlamlar\u0131na da yer verilerek T\u00fcrkiye\u2019nin k\u00fclt\u00fcr miras\u0131n\u0131n k\u00fc\u00e7\u00fck bir alb\u00fcm\u00fc olarak haz\u0131rland\u0131.<\/p>\n<p>Sergide T\u00fcrk K\u00fclt\u00fcr ajandas\u0131na ili\u015fkin konu\u015fan Yunus Emre Enstit\u00fcs\u00fc Ba\u015fkan\u0131 Prof. Dr. \u015eeref Ate\u015f, \u201cBiz 2020 i\u00e7in T\u00fcrk k\u00fclt\u00fcr ajandas\u0131 \u00e7\u0131kard\u0131k. \u00c7ok yo\u011fun bir ilgiyle kar\u015f\u0131la\u015ft\u0131k. Yunus Emre Enstit\u00fcs\u00fcn\u00fcn temel amac\u0131 yurt d\u0131\u015f\u0131nda T\u00fcrk k\u00fclt\u00fcr\u00fcn\u00fc tan\u0131tmak. Bir seneye yak\u0131n bir \u00e7al\u0131\u015fma neticesinde ilk defa k\u00fclt\u00fcr ajandas\u0131 \u00e7\u0131kard\u0131k. T\u00fcrk k\u00fclt\u00fcr\u00fcn\u00fcn temel unsurlar\u0131 nedir? \u00c7\u00fcnk\u00fc k\u00fclt\u00fcr\u00fcn\u00fcn bir\u00e7ok anlam\u0131 var. Bunlardan birisi de \u00e7\u0131kar\u0131lan \u00fcr\u00fcnlerdir. Bu anlamda da bak\u0131ld\u0131\u011f\u0131nda T\u00fcrk k\u00fclt\u00fcr\u00fc \u00f6zellikle hayat\u0131 anlamak hayat\u0131 anlatmak ve anlamd\u0131rmaktad\u0131r. Bu 3 ba\u015fl\u0131kta bakt\u0131\u011f\u0131m\u0131zda T\u00fcrk k\u00fclt\u00fcr\u00fcnde \u00e7ok ciddi say\u0131da eser var. G\u00fcnl\u00fck hayat\u0131m\u0131zda her a\u015famada bizi asl\u0131nda hayat\u0131n anlam\u0131n\u0131 sorgulad\u0131\u011f\u0131m\u0131z zamanlar oluyor. Sergi bizim k\u00fclt\u00fcr\u00fcm\u00fcz\u00fc anlat\u0131yor. \u0130nsan\u0131 do\u011faya tabiat\u0131 yakla\u015f\u0131m\u0131 ve hayata yakla\u015f\u0131m\u0131n\u0131 anlat\u0131yor. T\u00fcrk k\u00fclt\u00fcr\u00fc hayat\u0131 estetik ve etik ya\u015famay\u0131 gerektiriyor. Bu de\u011ferleri yeniden ya\u015famay\u0131 halkla beraber olmay\u0131 ve bu g\u00fczel de\u011ferlerin yans\u0131mas\u0131n\u0131 bu eserlerin bir k\u0131sm\u0131n\u0131 da sergilemek istedik. Ayn\u0131 \u015fekilde de yurtd\u0131\u015f\u0131nda da bunu devam ettirmek istedik. B\u00f6ylelikle T\u00fcrk insan\u0131n kendine bak\u0131\u015f\u0131 m\u00fczi\u011fi, esteti\u011fi, \u00e7ay\u0131, kendine bakmas\u0131 b\u00fct\u00fcn k\u00fclt\u00fcrel alanlar\u0131 tan\u0131ma f\u0131rsat\u0131 buluyor. Biz bu ajanday\u0131 T\u00fcrk\u00e7e ve \u0130ngilizce olarak \u00e7\u0131kard\u0131k. Yabanc\u0131 bir insan T\u00fcrklerle hi\u00e7 kar\u015f\u0131la\u015fmayan bir insan buradan bir k\u00fclt\u00fcr g\u00f6rmesi m\u00fcmk\u00fcnd\u00fcr. \u00c7ok ciddi bir ara\u015ft\u0131rmaya dayal\u0131d\u0131r. Kars\u2019tan Edirne\u2019ye kadar y\u00f6resel farkl\u0131l\u0131klar da var. Onun i\u00e7in \u00e7o\u011funu da d\u0131\u015far\u0131da b\u0131rakmak kald\u0131k. Her y\u00f6reden bir \u015feyler bulmak m\u00fcmk\u00fcnd\u00fcr. Halk i\u00e7inde y\u00f6resel yiyeceklerine g\u00fcvenece\u011fi bir \u015fey oldu\u201d dedi.<\/p>\n<p>Daha sonras\u0131nda Ate\u015f, T\u00fcrk K\u00fclt\u00fcr Ajandas\u0131n\u0131 tan\u0131tt\u0131. T\u00fcrk K\u00fclt\u00fcr Ajandas\u0131 her sene farkl\u0131 bir temayla T\u00fcrkiye\u2019nin k\u00fclt\u00fcrel de\u011ferlerini \u00f6n plana \u00e7\u0131karmaya devam edecek.<\/p>\n","protected":false},"excerpt":{"rendered":"<p>YUNUS EMRE ENST\u0130T\u00dcS\u00dc BA\u015eKANI PROF. DR. \u015eEREF ATE\u015e, \u201cB\u0130Z 2020 \u0130\u00c7\u0130N T\u00dcRK K\u00dcLT\u00dcR AJANDASI \u00c7IKARDIK. \u00c7OK YO\u011eUN B\u0130R \u0130LG\u0130YLE KAR\u015eILA\u015eTIK. YUNUS EMRE ENST\u0130T\u00dcS\u00dcN\u00dcN TEMEL AMACI YURT DI\u015eINDA T\u00dcRK K\u00dcLT\u00dcR\u00dcN\u00dc TANITMAK. B\u0130R SENEYE YAKIN B\u0130R \u00c7ALI\u015eMA NET\u0130CES\u0130NDE \u0130LK DEFA K\u00dcLT\u00dcR AJANDASI \u00c7IKARDIK&#8221; \u0130FADELER\u0130N\u0130 KULLANDI.<\/p>\n","protected":false},"author":1,"featured_media":255452,"comment_status":"closed","ping_status":"open","sticky":false,"template":"","format":"standard","meta":{"jetpack_post_was_ever_published":false,"_jetpack_newsletter_access":"","_jetpack_dont_email_post_to_subs":false,"_jetpack_newsletter_tier_id":0,"_jetpack_memberships_contains_paywalled_content":false,"_jetpack_memberships_contains_paid_content":false,"footnotes":"","jetpack_publicize_message":"","jetpack_publicize_feature_enabled":true,"jetpack_social_post_already_shared":true,"jetpack_social_options":{"image_generator_settings":{"template":"highway","default_image_id":0,"font":"","enabled":false},"version":2}},"categories":[656],"tags":[63169,630,1860,957],"class_list":["post-255451","post","type-post","status-publish","format-standard","has-post-thumbnail","hentry","category-kultur-sanat","tag-ajandasi","tag-kultur","tag-tanitildi","tag-turk"],"jetpack_publicize_connections":[],"jetpack_featured_media_url":"https:\/\/i0.wp.com\/www.tvturk.com\/wp-content\/uploads\/2020\/01\/turk-kultur-ajandasi-tanitildi_21bbae4.jpg?fit=1000%2C666","jetpack_sharing_enabled":true,"jetpack_shortlink":"https:\/\/wp.me\/paKIfm-14sb","_links":{"self":[{"href":"http:\/\/www.tvturk.com\/index.php\/wp-json\/wp\/v2\/posts\/255451","targetHints":{"allow":["GET"]}}],"collection":[{"href":"http:\/\/www.tvturk.com\/index.php\/wp-json\/wp\/v2\/posts"}],"about":[{"href":"http:\/\/www.tvturk.com\/index.php\/wp-json\/wp\/v2\/types\/post"}],"author":[{"embeddable":true,"href":"http:\/\/www.tvturk.com\/index.php\/wp-json\/wp\/v2\/users\/1"}],"replies":[{"embeddable":true,"href":"http:\/\/www.tvturk.com\/index.php\/wp-json\/wp\/v2\/comments?post=255451"}],"version-history":[{"count":0,"href":"http:\/\/www.tvturk.com\/index.php\/wp-json\/wp\/v2\/posts\/255451\/revisions"}],"wp:featuredmedia":[{"embeddable":true,"href":"http:\/\/www.tvturk.com\/index.php\/wp-json\/wp\/v2\/media\/255452"}],"wp:attachment":[{"href":"http:\/\/www.tvturk.com\/index.php\/wp-json\/wp\/v2\/media?parent=255451"}],"wp:term":[{"taxonomy":"category","embeddable":true,"href":"http:\/\/www.tvturk.com\/index.php\/wp-json\/wp\/v2\/categories?post=255451"},{"taxonomy":"post_tag","embeddable":true,"href":"http:\/\/www.tvturk.com\/index.php\/wp-json\/wp\/v2\/tags?post=255451"}],"curies":[{"name":"wp","href":"https:\/\/api.w.org\/{rel}","templated":true}]}}