{"id":255453,"date":"2020-01-14T14:16:35","date_gmt":"2020-01-14T11:16:35","guid":{"rendered":"http:\/\/www.tvturk.com\/index.php\/multeci-ve-insan-haklari-orgutlerinden-ortak-aciklama\/"},"modified":"2020-01-14T14:16:35","modified_gmt":"2020-01-14T11:16:35","slug":"multeci-ve-insan-haklari-orgutlerinden-ortak-aciklama","status":"publish","type":"post","link":"http:\/\/www.tvturk.com\/index.php\/multeci-ve-insan-haklari-orgutlerinden-ortak-aciklama\/","title":{"rendered":"M\u00fclteci ve insan haklar\u0131 \u00f6rg\u00fctlerinden ortak a\u00e7\u0131klama"},"content":{"rendered":"<p>\u0130zmir\u2019deki m\u00fclteci ve insan haklar\u0131 \u00f6rg\u00fctleri, Ege\u2019deki m\u00fclteci \u00f6l\u00fcmleri ile ilgili \u0130nsan Haklar\u0131 Derne\u011fi (\u0130HD) \u0130zmir \u015eubesinde ortak a\u00e7\u0131klama yapt\u0131. A\u00e7\u0131klamada, \u201cAkdeniz\u2019de daha \u00e7ok m\u00fclteci \u00f6l\u00fcm\u00fc ya\u015fanmadan, Avrupa Birli\u011fi m\u00fcltecilere s\u0131n\u0131rlar\u0131n\u0131 a\u00e7mal\u0131d\u0131r\u201d denildi.<\/p>\n<p>\u0130zmir\u2019de faaliyette bulunan m\u00fclteci ve insan haklar\u0131 \u00f6rg\u00fctleri, \u0130HD \u0130zmir \u015eubesinde Ege\u2019deki m\u00fclteci \u00f6l\u00fcmleri ile ilgili ortak a\u00e7\u0131klamada bulundu. Ortak a\u00e7\u0131klamay\u0131 okuyan \u0130HD Ege B\u00f6lge Sorumlusu Mehmet Akel, \u201cAvrupal\u0131 devletler 2000 y\u0131l\u0131ndan beri Avrupa\u2019ya ge\u00e7meye \u00e7al\u0131\u015fan 34 binin \u00fczerinde m\u00fcltecinin \u00f6l\u00fcm\u00fcn\u00fc nas\u0131l a\u00e7\u0131klayabilecektir? Yapt\u0131klar\u0131, ba\u015fka b\u00f6lgelerden canlar\u0131n\u0131 kurtarmak i\u00e7in yola \u00e7\u0131kanlara kar\u015f\u0131 s\u00fcrd\u00fcr\u00fclen bir sava\u015f de\u011fil mi? Unutulmamal\u0131d\u0131r ki T\u00fcrkiye karasular\u0131ndan \u00e7\u0131k\u0131ld\u0131\u011f\u0131 takdirde AB s\u0131n\u0131rlar\u0131 ba\u015flamaktad\u0131r. Bunca \u00f6l\u00fcm, insanl\u0131k d\u0131\u015f\u0131 ya\u015fam ko\u015fullar\u0131n\u0131n hepsi bizzat Avrupa Birli\u011fi s\u0131n\u0131rlar\u0131 i\u00e7inde ya\u015fanmaktad\u0131r. Akdeniz\u2019de daha \u00e7ok m\u00fclteci \u00f6l\u00fcm\u00fc ya\u015fanmadan, Avrupa Birli\u011fi m\u00fcltecilere s\u0131n\u0131rlar\u0131n\u0131 a\u00e7mal\u0131d\u0131r. G\u00fcvenlik perspektifi \u00fczerine kurulup, insan haklar\u0131na ayk\u0131r\u0131 uygulamalara yol a\u00e7an s\u0131n\u0131r politikalar\u0131ndan vazge\u00e7ilmeli ve d\u00fczensiz g\u00f6\u00e7\u00fc \u00f6nlemek ad\u0131na yap\u0131lan anla\u015fmalar iptal edilmelidir\u201d diye konu\u015ftu.<\/p>\n<p>\u201cEge Denizi\u2019nde ge\u00e7ti\u011fimiz y\u0131l 71 insan \u00f6ld\u00fc\u201d<\/p>\n<p>D\u00fcnyan\u0131n en vars\u0131l \u00fclkelerinin, s\u0131n\u0131rlar\u0131n\u0131 m\u00fcltecilerin yasal giri\u015fine kapatarak onlar\u0131 g\u00f6\u00e7men ka\u00e7ak\u00e7\u0131lar\u0131na muhta\u00e7 etti\u011fini belirten Akel, \u201c2019\u2019da Ege Denizi\u2019nden 60 binin \u00fczerinde m\u00fclteci ge\u00e7i\u015f yapt\u0131 ve bir o kadar da m\u00fclteci ge\u00e7i\u015f yaparken engellendi. Uluslararas\u0131 G\u00f6\u00e7 \u00d6rg\u00fct\u00fcn\u00fcn rakamlar\u0131na g\u00f6re, Ege Denizi\u2019nde ge\u00e7ti\u011fimiz y\u0131l 71 insan \u00f6ld\u00fc. Son 20 y\u0131ld\u0131r Avrupa topraklar\u0131na giri\u015f yaparken hayat\u0131n\u0131 kaybeden m\u00fclteci say\u0131s\u0131 34 bini ge\u00e7mi\u015f durumda. \u00d6l\u00fcm\u00fc atlatarak Avrupa\u2019ya ge\u00e7meye \u00e7al\u0131\u015fan m\u00fclteciler ise Yunanistan\u2019a ait adalarda sefalet i\u00e7inde ya\u015famaya ve bekletilmeye mahkum ediliyor. Son olarak \u0130zmir \u00c7e\u015fme a\u00e7\u0131klar\u0131nda batan m\u00fclteci teknesinde 8\u2019i \u00e7ocuk 11 m\u00fclteci ya\u015fam\u0131n\u0131 yitirdi. M\u00fcltecilerden geriye kalan can yelekleri, kimlik kartlar\u0131, pasaport, foto\u011fraf ve \u00e7e\u015fitli e\u015fyalar ile \u00e7ocuk ayakkab\u0131lar\u0131 ve k\u0131yafetler sahile vurdu. B\u00f6ylece, 2020\u2019nin ilk 10 g\u00fcn\u00fcnde Mu\u011fla ve \u0130zmir a\u00e7\u0131klar\u0131nda batan \u00fc\u00e7 ayr\u0131 m\u00fclteci teknesinde 24 m\u00fclteci ya\u015fam\u0131n\u0131 yitirirken 6 m\u00fclteci ise denizde kay\u0131p.  11 Ocak\u2019ta da Yunanistan ile \u0130talya aras\u0131nda batan m\u00fclteci teknesinde 12 m\u00fclteci hayat\u0131n\u0131 kaybetti. Endi\u015femiz \u00f6l\u00fcmlerin devam etmesidir\u201d dedi.<\/p>\n<p>\u201cDayan\u0131\u015fma g\u00f6stermeliyiz\u201d<\/p>\n<p>\u201cAvrupa Birli\u011finin anla\u015fmalarla s\u00f6zde bitirmek istedi\u011fi g\u00f6\u00e7men ka\u00e7ak\u00e7\u0131l\u0131\u011f\u0131 ve \u00f6l\u00fcmleri ancak Avrupa \u00fclkelerine yasal ve g\u00fcvenli ge\u00e7i\u015f hakk\u0131n\u0131n tan\u0131nmas\u0131 ile sa\u011flayabilir\u201d diyen Akel, s\u00f6zlerini \u015f\u00f6yle s\u00fcrd\u00fcrd\u00fc:<\/p>\n<p>\u201cM\u00fclteci krizinde, b\u00f6lge \u00fclkeleri kadar Avrupa ve di\u011fer \u00fclkeler de sorumluluk almal\u0131; sorumlulu\u011funu devretmeye y\u00f6nelik yakla\u015f\u0131mlardan vazge\u00e7melidir. T\u00fcrkiye de bir an \u00f6nce geri g\u00f6nderme i\u015flemlerini sonland\u0131rmal\u0131d\u0131r. Hukuki belirsizlik ortam\u0131na son verilmeli ve T\u00fcrkiye\u2019de kalmak isteyen m\u00fcltecilere de ko\u015fulsuz m\u00fcltecilik stat\u00fcs\u00fc verilmelidir. Avrupal\u0131 devletlerin s\u0131n\u0131r politikalar\u0131 kar\u015f\u0131s\u0131nda biz evrensel insan haklar\u0131 savunucular\u0131na da g\u00f6rev d\u00fc\u015f\u00fcyor. Devletlerin kirli pazarl\u0131klar\u0131n\u0131n konusu olmak zorunda b\u0131rak\u0131lan, d\u00fcnyan\u0131n d\u00f6rt bir yan\u0131nda \u0131rk\u00e7\u0131lar\u0131n yo\u011fun sald\u0131r\u0131lar\u0131na maruz kalan, sava\u015flarda katliamlara tan\u0131k olan m\u00fcltecilere dayan\u0131\u015fma g\u00f6stermeliyiz. Onlar\u0131n taleplerinin duyulmas\u0131na destek olmal\u0131y\u0131z.&#8221;<\/p>\n","protected":false},"excerpt":{"rendered":"<p>\u0130ZM\u0130R\u2019DE FAAL\u0130YETTE BULUNAN M\u00dcLTEC\u0130 VE \u0130NSAN HAKLARI \u00d6RG\u00dcTLER\u0130, \u0130HD \u0130ZM\u0130R \u015eUBES\u0130NDE EGE&#8217;DEK\u0130 M\u00dcLTEC\u0130 \u00d6L\u00dcMLER\u0130 \u0130LE \u0130LG\u0130L\u0130 ORTAK A\u00c7IKLAMADA BULUNDU.<\/p>\n","protected":false},"author":1,"featured_media":255454,"comment_status":"closed","ping_status":"open","sticky":false,"template":"","format":"standard","meta":{"jetpack_post_was_ever_published":false,"_jetpack_newsletter_access":"","_jetpack_dont_email_post_to_subs":false,"_jetpack_newsletter_tier_id":0,"_jetpack_memberships_contains_paywalled_content":false,"_jetpack_memberships_contains_paid_content":false,"footnotes":"","jetpack_publicize_message":"","jetpack_publicize_feature_enabled":true,"jetpack_social_post_already_shared":true,"jetpack_social_options":{"image_generator_settings":{"template":"highway","default_image_id":0,"font":"","enabled":false},"version":2}},"categories":[1],"tags":[3349,271,1381,2168,54337,947],"class_list":["post-255453","post","type-post","status-publish","format-standard","has-post-thumbnail","hentry","category-genel","tag-aciklama","tag-haklari","tag-insan","tag-multeci","tag-orgutlerinden","tag-ortak"],"jetpack_publicize_connections":[],"jetpack_featured_media_url":"https:\/\/i0.wp.com\/www.tvturk.com\/wp-content\/uploads\/2020\/01\/multeci-ve-insan-haklari-orgutlerinden-ortak-aciklama_8ed3b43.jpg?fit=1000%2C669","jetpack_sharing_enabled":true,"jetpack_shortlink":"https:\/\/wp.me\/paKIfm-14sd","_links":{"self":[{"href":"http:\/\/www.tvturk.com\/index.php\/wp-json\/wp\/v2\/posts\/255453","targetHints":{"allow":["GET"]}}],"collection":[{"href":"http:\/\/www.tvturk.com\/index.php\/wp-json\/wp\/v2\/posts"}],"about":[{"href":"http:\/\/www.tvturk.com\/index.php\/wp-json\/wp\/v2\/types\/post"}],"author":[{"embeddable":true,"href":"http:\/\/www.tvturk.com\/index.php\/wp-json\/wp\/v2\/users\/1"}],"replies":[{"embeddable":true,"href":"http:\/\/www.tvturk.com\/index.php\/wp-json\/wp\/v2\/comments?post=255453"}],"version-history":[{"count":0,"href":"http:\/\/www.tvturk.com\/index.php\/wp-json\/wp\/v2\/posts\/255453\/revisions"}],"wp:featuredmedia":[{"embeddable":true,"href":"http:\/\/www.tvturk.com\/index.php\/wp-json\/wp\/v2\/media\/255454"}],"wp:attachment":[{"href":"http:\/\/www.tvturk.com\/index.php\/wp-json\/wp\/v2\/media?parent=255453"}],"wp:term":[{"taxonomy":"category","embeddable":true,"href":"http:\/\/www.tvturk.com\/index.php\/wp-json\/wp\/v2\/categories?post=255453"},{"taxonomy":"post_tag","embeddable":true,"href":"http:\/\/www.tvturk.com\/index.php\/wp-json\/wp\/v2\/tags?post=255453"}],"curies":[{"name":"wp","href":"https:\/\/api.w.org\/{rel}","templated":true}]}}