{"id":255473,"date":"2020-01-14T14:46:42","date_gmt":"2020-01-14T11:46:42","guid":{"rendered":"http:\/\/www.tvturk.com\/index.php\/ozel-cezaevindeki-iki-oglundan-biri-yanarak-olen-kadin-yardim-istedi\/"},"modified":"2020-01-14T14:46:42","modified_gmt":"2020-01-14T11:46:42","slug":"ozel-cezaevindeki-iki-oglundan-biri-yanarak-olen-kadin-yardim-istedi","status":"publish","type":"post","link":"http:\/\/www.tvturk.com\/index.php\/ozel-cezaevindeki-iki-oglundan-biri-yanarak-olen-kadin-yardim-istedi\/","title":{"rendered":"(\u00d6zel) Cezaevindeki iki o\u011flundan biri yanarak \u00f6len kad\u0131n yard\u0131m istedi"},"content":{"rendered":"<p>Bir \u00e7ocu\u011funu \u015eanl\u0131urfa\u2019da cezaevinde \u00e7\u0131kan isyan sonras\u0131 yang\u0131n\u0131nda kaybeden kad\u0131n, maddi imkans\u0131zl\u0131klar nedeniyle Gaziantep Cezaevinde uyu\u015fturucudan dolay\u0131 yatan di\u011fer o\u011flunun yan\u0131na da gidemedi\u011fini iddia ederek yetkililerden yard\u0131m istedi.<\/p>\n<p>Merkez Haliliye il\u00e7esine ba\u011fl\u0131 Ahmet Yesevi Mahallesinde \u015feker hastas\u0131 e\u015fi ile birlikte kiral\u0131k bir evde ya\u015fayan 62 ya\u015f\u0131ndaki Ava\u015f Aslantay\u2019\u0131n Mehmet Aslantay ismindeki o\u011flu, 2012 y\u0131l\u0131nda \u015eanl\u0131urfa E Tipi Kapal\u0131 Cezaevinde adli su\u00e7lular\u0131n kald\u0131\u011f\u0131 ko\u011fu\u015fta \u00e7\u0131kan yang\u0131nda hayat\u0131n\u0131 kaybeden 13 ki\u015fi aras\u0131nda bulunuyordu. Di\u011fer o\u011flu da Gaziantep Cezaevinde yatan kad\u0131n, \u015feker hastas\u0131 olan kocas\u0131yla birlikte zor \u015fartlarda ya\u015fam m\u00fccadelesi veriyor. Uyu\u015fturucudan dolay\u0131 12 y\u0131l hapis cezas\u0131 alan 24 ya\u015f\u0131ndaki o\u011flu Abdulkadir Aslantay\u2019\u0131n, 4 y\u0131ld\u0131r Gaziantep Cezaevinde yatt\u0131\u011f\u0131n\u0131 s\u00f6yleyen kad\u0131n, maddi imkans\u0131zl\u0131klardan dolay\u0131 \u00e7o\u011fu zaman o\u011flunu g\u00f6rmeye gidemedi\u011fini iddia etti.<\/p>\n<p>\u201cCezaevinde yatan o\u011flum arkada\u015f kurban\u0131 oldu\u201d<\/p>\n<p>Cazaevinde yatan o\u011flunun \u015eanl\u0131urfa\u2019ya nakil edilmesi i\u00e7in Cumhurba\u015fkan\u0131 Erdo\u011fan\u2019dan destek isteyen Ava\u015f Aslantay, \u201c4 y\u0131ld\u0131r Gaziantep Cezaevinde yatan o\u011flumu maddi imkans\u0131zl\u0131ktan dolay\u0131 g\u00f6remiyorum. Yol paras\u0131 bulamad\u0131\u011f\u0131m i\u00e7in o\u011flumun ziyaretine gidemiyorum. Yollarda otostop \u00e7ekerek gidip gelebiliyorum. Milletvekillerine, belediye ba\u015fkanlar\u0131na gittim, o\u011flumun \u015eanl\u0131urfa\u2019ya nakil edilmesi i\u00e7in ama kimse yard\u0131mc\u0131 olam\u0131yor. 34 ya\u015f\u0131ndaki Mehmet o\u011flum \u015eanl\u0131urfa\u2019da cezaevinde yand\u0131. Belediye 3 ayda bir yard\u0131m i\u00e7in bana bir paket g\u0131da veriyor. O\u011flum yar\u0131n a\u00e7\u0131k g\u00f6r\u00fc\u015fmesi var, paras\u0131zl\u0131ktan gidemiyorum. Cumhurba\u015fkan\u0131m\u0131zdan rica ediyorum o\u011flumun \u015eanl\u0131urfa\u2019ya getirilmesi i\u00e7in. E\u015fim hasta, bir \u015fey yapam\u0131yor. \u00c7ocuklar\u0131m arkada\u015f kurban\u0131 oldu. Geceleyin kalk\u0131yorum, kalbim daral\u0131yor. Allah\u2019a dua ediyorum, in\u015fallah bir g\u00fcn \u00e7ocu\u011fum bu kap\u0131dan i\u00e7eri girer\u201d diye konu\u015ftu.<\/p>\n","protected":false},"excerpt":{"rendered":"<p>AVA\u015e ASLANTAY O\u011eLUNUN FOTO\u011eRAFINA BAKIYOR<\/p>\n","protected":false},"author":1,"featured_media":255474,"comment_status":"closed","ping_status":"open","sticky":false,"template":"","format":"standard","meta":{"jetpack_post_was_ever_published":false,"_jetpack_newsletter_access":"","_jetpack_dont_email_post_to_subs":false,"_jetpack_newsletter_tier_id":0,"_jetpack_memberships_contains_paywalled_content":false,"_jetpack_memberships_contains_paid_content":false,"footnotes":"","jetpack_publicize_message":"","jetpack_publicize_feature_enabled":true,"jetpack_social_post_already_shared":true,"jetpack_social_options":{"image_generator_settings":{"template":"highway","default_image_id":0,"font":"","enabled":false},"version":2}},"categories":[1],"tags":[1073,3163,21686,1220,2411,108,3433,1814,18292,1736],"class_list":["post-255473","post","type-post","status-publish","format-standard","has-post-thumbnail","hentry","category-genel","tag-ozel","tag-biri","tag-cezaevindeki","tag-iki","tag-istedi","tag-kadin","tag-oglundan","tag-olen","tag-yanarak","tag-yardim"],"jetpack_publicize_connections":[],"jetpack_featured_media_url":"https:\/\/i0.wp.com\/www.tvturk.com\/wp-content\/uploads\/2020\/01\/ozel-cezaevindeki-iki-oglundan-biri-yanarak-olen-kadin-yardim-istedi_4df596d.jpg?fit=1000%2C666","jetpack_sharing_enabled":true,"jetpack_shortlink":"https:\/\/wp.me\/paKIfm-14sx","_links":{"self":[{"href":"http:\/\/www.tvturk.com\/index.php\/wp-json\/wp\/v2\/posts\/255473","targetHints":{"allow":["GET"]}}],"collection":[{"href":"http:\/\/www.tvturk.com\/index.php\/wp-json\/wp\/v2\/posts"}],"about":[{"href":"http:\/\/www.tvturk.com\/index.php\/wp-json\/wp\/v2\/types\/post"}],"author":[{"embeddable":true,"href":"http:\/\/www.tvturk.com\/index.php\/wp-json\/wp\/v2\/users\/1"}],"replies":[{"embeddable":true,"href":"http:\/\/www.tvturk.com\/index.php\/wp-json\/wp\/v2\/comments?post=255473"}],"version-history":[{"count":0,"href":"http:\/\/www.tvturk.com\/index.php\/wp-json\/wp\/v2\/posts\/255473\/revisions"}],"wp:featuredmedia":[{"embeddable":true,"href":"http:\/\/www.tvturk.com\/index.php\/wp-json\/wp\/v2\/media\/255474"}],"wp:attachment":[{"href":"http:\/\/www.tvturk.com\/index.php\/wp-json\/wp\/v2\/media?parent=255473"}],"wp:term":[{"taxonomy":"category","embeddable":true,"href":"http:\/\/www.tvturk.com\/index.php\/wp-json\/wp\/v2\/categories?post=255473"},{"taxonomy":"post_tag","embeddable":true,"href":"http:\/\/www.tvturk.com\/index.php\/wp-json\/wp\/v2\/tags?post=255473"}],"curies":[{"name":"wp","href":"https:\/\/api.w.org\/{rel}","templated":true}]}}