{"id":255491,"date":"2020-01-14T15:03:08","date_gmt":"2020-01-14T12:03:08","guid":{"rendered":"http:\/\/www.tvturk.com\/index.php\/ozel-sporcular-turkiye-kayak-sampiyonasi-erzurumda-duzenlendi\/"},"modified":"2020-01-14T15:03:08","modified_gmt":"2020-01-14T12:03:08","slug":"ozel-sporcular-turkiye-kayak-sampiyonasi-erzurumda-duzenlendi","status":"publish","type":"post","link":"http:\/\/www.tvturk.com\/index.php\/ozel-sporcular-turkiye-kayak-sampiyonasi-erzurumda-duzenlendi\/","title":{"rendered":"\u00d6zel Sporcular T\u00fcrkiye Kayak \u015eampiyonas\u0131 Erzurum\u2019da d\u00fczenlendi"},"content":{"rendered":"<p>\u00d6zel Sporcular T\u00fcrkiye Kayak \u015eampiyonas\u0131 Erzurum\u2019da d\u00fczenlendi. Paland\u00f6ken Kayak Merkezi\u2019nde ger\u00e7ekle\u015ftirilen organizasyona \u00fclke genelinden 14 ilden yakla\u015f\u0131k 24 \u00f6zel sporcu kat\u0131ld\u0131.<\/p>\n<p>\u00d6zel Sporcular T\u00fcrkiye Kayak \u015eampiyonas\u0131\u2019nda sporcular dereceye girebilmek i\u00e7in k\u0131yas\u0131ya m\u00fccadele etti. Dereceye giren sporcular \u0130talya\u2019da T\u00fcrkiye\u2019yi temsil edecekler.<\/p>\n<p>30 binin \u00fczerinde \u00f6zel sporcuya faaliyet verdiklerini ifade eden T\u00fcrkiye \u00d6zel Sporcular Spor Federasyonu Asba\u015fkan\u0131 Ensar Kurt, \u201c\u00d6zel Sporcular T\u00fcrkiye Kayak \u015eampiyonam\u0131z\u0131 Erzurum\u2019da sonland\u0131rd\u0131k. \u015eampiyonam\u0131za 14 ilde 24 sporcumuz kat\u0131ld\u0131, down sendromlu, otizmli ve mental olarak. 3 kategoride yar\u0131\u015flar\u0131m\u0131z oldu. Dereceye giren sporcular\u0131m\u0131z 15-20 Mart\u2019ta \u0130talya\u2019da d\u00fczenlenecek olan Avrupa ve D\u00fcnya \u015eampiyonas\u0131\u2019nda \u00fclkemizi temsil edecekler. \u00d6ncesinde de milli tak\u0131m kamp\u0131nda geli\u015fimlerine devam edecekler. \u00d6zel Sporcular Spor Federasyonu olarak 81 ilde faaliyet g\u00f6steren 530 spor kul\u00fcb\u00fcnden 30 binin \u00fczerinde down sendromlu ve mental \u00e7ocuklar\u0131m\u0131za spor yapt\u0131r\u0131yoruz\u201d dedi.<\/p>\n<p>\u00d6zel \u00e7ocuklar\u0131n bu sporla sosyalle\u015ftiklerini belirten Kayak Teknik Kurulu \u00dcyesi Zehra \u015eahin, \u201c\u00d6zel Sporcular Kayak \u015eampiyonas\u0131\u2019n\u0131 Erzurum\u2019da Paland\u00f6ken\u2019de yap\u0131yoruz. \u00c7ocuklar\u0131m\u0131z\u0131n b\u00fcy\u00fck bir sevin\u00e7le kat\u0131ld\u0131\u011f\u0131 yar\u0131\u015fma. Ayn\u0131 zamanda rehabilite oluyorlar kendilerini daha iyi hissediyorlar, bir bak\u0131m\u0131 sosyalle\u015fiyorlar burada. T\u00fcrkiye\u2019nin d\u00f6rt bir yan\u0131ndan sporcular\u0131m\u0131z geliyor buraya. \u00c7ocuklar\u0131m\u0131z b\u00fcy\u00fck bir \u00f6zveri ile ellerinden gelen her \u015feyi yapmaya \u00e7al\u0131\u015f\u0131yorlar. \u0130talya\u2019da yap\u0131lan yar\u0131\u015flara da kat\u0131laca\u011f\u0131z\u201d diye konu\u015ftu.<\/p>\n<p>G\u00f6khan Arsu ise, \u201c\u015eampiyona i\u00e7in Erzurum\u2019day\u0131z. \u00d6zel \u00e7ocuklar\u0131m\u0131zla Mersin\u2019den geldik. Bu imkanla \u00e7ocuklar hem hayata tutunabiliyorlar hem de sosyal hayatta kendilerini ifade edebilecek ba\u015far\u0131 elde ediyorlar\u201d dedi.<\/p>\n<p>Dereceye giren iki karde\u015f madalyalar\u0131n\u0131 babalar\u0131ndan ald\u0131<\/p>\n<p>\u00d6te yandan \u015fampiyonada yar\u0131\u015fan Aliye Zeynep ve Muhsin Murat Birg\u00fcl karde\u015fler dereceye girdi. Otizmli karde\u015fler \u00f6d\u00fcl t\u00f6reninde madalyalar\u0131n\u0131 babalar\u0131 B\u00f6lge Adliye Mahkemesi Ba\u015fkan\u0131 \u00dcnal Birg\u00fcl\u2019den ald\u0131.<\/p>\n<p>T\u00f6rene, Erzurum B\u00fcy\u00fck\u015fehir Belediye Ba\u015fkan\u0131 Mehmet Sekmen, B\u00f6lge Adliye Mahkemesi Ba\u015fkan\u0131 \u00dcnal Birg\u00fcl, Jandarma B\u00f6lge Komutan\u0131 Tu\u011fgeneral Semih Okyar, \u0130l Emniyet M\u00fcd\u00fcr\u00fc Mehmet Aslan, Gen\u00e7lik ve Spor \u0130l M\u00fcd\u00fcr\u00fc Fuat Ta\u015fkesenligil kat\u0131ld\u0131.<\/p>\n","protected":false},"excerpt":{"rendered":"<p>\u00d6ZEL SPORCULAR T\u00dcRK\u0130YE KAYAK \u015eAMP\u0130YONASI ERZURUM\u2019DA D\u00dcZENLEND\u0130. PALAND\u00d6KEN KAYAK MERKEZ\u0130\u2019NDE GER\u00c7EKLE\u015eT\u0130R\u0130LEN ORGAN\u0130ZASYONA \u00dcLKE GENEL\u0130NDEN 14 \u0130LDEN YAKLA\u015eIK 24 \u00d6ZEL SPORCU KATILDI<\/p>\n","protected":false},"author":1,"featured_media":255492,"comment_status":"closed","ping_status":"open","sticky":false,"template":"","format":"standard","meta":{"jetpack_post_was_ever_published":false,"_jetpack_newsletter_access":"","_jetpack_dont_email_post_to_subs":false,"_jetpack_newsletter_tier_id":0,"_jetpack_memberships_contains_paywalled_content":false,"_jetpack_memberships_contains_paid_content":false,"footnotes":"","jetpack_publicize_message":"","jetpack_publicize_feature_enabled":true,"jetpack_social_post_already_shared":true,"jetpack_social_options":{"image_generator_settings":{"template":"highway","default_image_id":0,"font":"","enabled":false},"version":2}},"categories":[657],"tags":[1073,2202,2474,728,395,3413,453],"class_list":["post-255491","post","type-post","status-publish","format-standard","has-post-thumbnail","hentry","category-spor","tag-ozel","tag-duzenlendi","tag-erzurumda","tag-kayak","tag-sampiyonasi","tag-sporcular","tag-turkiye"],"jetpack_publicize_connections":[],"jetpack_featured_media_url":"https:\/\/i0.wp.com\/www.tvturk.com\/wp-content\/uploads\/2020\/01\/ozel-sporcular-turkiye-kayak-sampiyonasi-erzurumda-duzenlendi_de74a8f.jpg?fit=1000%2C666","jetpack_sharing_enabled":true,"jetpack_shortlink":"https:\/\/wp.me\/paKIfm-14sP","_links":{"self":[{"href":"http:\/\/www.tvturk.com\/index.php\/wp-json\/wp\/v2\/posts\/255491","targetHints":{"allow":["GET"]}}],"collection":[{"href":"http:\/\/www.tvturk.com\/index.php\/wp-json\/wp\/v2\/posts"}],"about":[{"href":"http:\/\/www.tvturk.com\/index.php\/wp-json\/wp\/v2\/types\/post"}],"author":[{"embeddable":true,"href":"http:\/\/www.tvturk.com\/index.php\/wp-json\/wp\/v2\/users\/1"}],"replies":[{"embeddable":true,"href":"http:\/\/www.tvturk.com\/index.php\/wp-json\/wp\/v2\/comments?post=255491"}],"version-history":[{"count":0,"href":"http:\/\/www.tvturk.com\/index.php\/wp-json\/wp\/v2\/posts\/255491\/revisions"}],"wp:featuredmedia":[{"embeddable":true,"href":"http:\/\/www.tvturk.com\/index.php\/wp-json\/wp\/v2\/media\/255492"}],"wp:attachment":[{"href":"http:\/\/www.tvturk.com\/index.php\/wp-json\/wp\/v2\/media?parent=255491"}],"wp:term":[{"taxonomy":"category","embeddable":true,"href":"http:\/\/www.tvturk.com\/index.php\/wp-json\/wp\/v2\/categories?post=255491"},{"taxonomy":"post_tag","embeddable":true,"href":"http:\/\/www.tvturk.com\/index.php\/wp-json\/wp\/v2\/tags?post=255491"}],"curies":[{"name":"wp","href":"https:\/\/api.w.org\/{rel}","templated":true}]}}