{"id":255499,"date":"2020-01-14T15:17:37","date_gmt":"2020-01-14T12:17:37","guid":{"rendered":"http:\/\/www.tvturk.com\/index.php\/sacko-maclarda-kaderi-degistiren-futbolcu-olmak-her-zaman-guzeldir\/"},"modified":"2020-01-14T15:17:37","modified_gmt":"2020-01-14T12:17:37","slug":"sacko-maclarda-kaderi-degistiren-futbolcu-olmak-her-zaman-guzeldir","status":"publish","type":"post","link":"http:\/\/www.tvturk.com\/index.php\/sacko-maclarda-kaderi-degistiren-futbolcu-olmak-her-zaman-guzeldir\/","title":{"rendered":"Sacko: \u201cMa\u00e7larda kaderi de\u011fi\u015ftiren futbolcu olmak her zaman g\u00fczeldir\u201d"},"content":{"rendered":"<p>Denzilispor\u2019un Malili y\u0131ld\u0131z\u0131 Hadi Sacko, ligin ikinci yar\u0131s\u0131n\u0131n kendisi ve tak\u0131m\u0131 i\u00e7in iyi ge\u00e7mesini istedi\u011fini kaydederek, \u201cLigin ikinci yar\u0131s\u0131nda beklentilerim her seferinde \u00e7ok daha iyi olmak ve tak\u0131ma daha \u00e7ok katk\u0131da bulunabilmek. Ma\u00e7larda kaderi de\u011fi\u015ftiren futbolcu olmak her zaman g\u00fczeldir. Ben bunu \u00e7ok istiyorum\u201d dedi.<\/p>\n<p>Ye\u015fil-siyahl\u0131 ekip per\u015fembe g\u00fcn\u00fc Ziraat T\u00fcrkiye Kupas\u0131\u2019nda Trabzonspor ile oynayaca\u011f\u0131 ma\u00e7\u0131n haz\u0131rl\u0131klar\u0131na Teknik Direkt\u00f6r Mehmet \u00d6zdilek g\u00f6zetiminde ger\u00e7ekle\u015ftirdi\u011fi antrenmanla devam etti. Antrenman \u00f6ncesi Haluk Ulusoy Tesisleri\u2019nde ger\u00e7ekle\u015ftirilen bas\u0131n toplant\u0131s\u0131nda konu\u015fan Sacko, kupa ve lig haz\u0131rl\u0131klar\u0131n\u0131 tamamlad\u0131klar\u0131n\u0131 ifade etti.<\/p>\n<p>\u00c7ok iyi \u00e7al\u0131\u015ft\u0131klar\u0131n\u0131 ve kamp s\u00fcrecini iyi de\u011ferlendirdiklerini vurgulayan Sacko, \u201cKupada ilk ma\u00e7\u0131m\u0131z\u0131 oynayaca\u011f\u0131z ve iyi bir sonu\u00e7 alaca\u011f\u0131m\u0131z\u0131 d\u00fc\u015f\u00fcn\u00fcyorum. \u00c7\u00fcnk\u00fc sezonun ikinci yar\u0131s\u0131na iyi ba\u015flamak istiyoruz. Ondan sonras\u0131nda Galatasaray ma\u00e7\u0131m\u0131z var. O da zorlu bir ma\u00e7 ama ben umuyorum ki iki ma\u00e7\u0131 da kazan\u0131p ligin ikinci yar\u0131s\u0131na \u00e7ok \u00e7ok iyi bir ba\u015flang\u0131\u00e7 yapm\u0131\u015f olaca\u011f\u0131z. \u0130kinci yar\u0131lar her zaman daha zor olur. Ben ge\u00e7en sene T\u00fcrkiye\u2019ye geldi\u011fimde ligin ikinci yar\u0131s\u0131nda geldim, tak\u0131mlar daha az gol yemek i\u00e7in daha \u00e7ok \u00e7abal\u0131yordu. Daha haz\u0131rl\u0131kl\u0131 oluyorlar, daha g\u00fc\u00e7l\u00fc oluyorlar ama bizim buna haz\u0131rl\u0131kl\u0131 oldu\u011fumuzu d\u00fc\u015f\u00fcn\u00fcyorum. Hatta ligin ikinci yar\u0131s\u0131n\u0131n daha iyi ge\u00e7mesini istiyoruz. O y\u00fczden bunun i\u00e7in de \u00e7ok \u00e7al\u0131\u015ft\u0131k. Bu do\u011frultuda da \u00e7al\u0131\u015fmalar\u0131m\u0131za devam ediyoruz&#8221; diye konu\u015ftu.<\/p>\n<p>&#8220;\u00c7ok \u00e7al\u0131\u015fmaya devam edece\u011fim&#8221;<\/p>\n<p>Sezona sakatl\u0131kla ba\u015flad\u0131\u011f\u0131n\u0131 hat\u0131rlatan Malili futbolcu, &#8220;\u0130stedi\u011fim ritmi yakalamakta ilk aylarda \u00e7ok \u00e7ok zorland\u0131m, \u00e7\u00fcnk\u00fc sakatl\u0131ktan \u00e7\u0131karak tak\u0131m arkada\u015flar\u0131n\u0131za kat\u0131l\u0131yorsunuz, onlar gibi idman yapmam\u0131\u015f oluyorsunuz. Bu sakatl\u0131k ge\u00e7en senenin son zamanlar\u0131ndan kalma bir sakatl\u0131kt\u0131. Ona ra\u011fmen son iki aya bakt\u0131\u011f\u0131m\u0131zda performans\u0131m\u0131n s\u00fcrekli artarak gitti\u011fini g\u00f6rebiliyoruz. Ligin ikinci yar\u0131s\u0131nda da beklentilerim her seferinde \u00e7ok daha iyi olmak ve tak\u0131ma daha \u00e7ok katk\u0131da bulunabilmek. Bunun i\u00e7in \u00e7ok \u00e7al\u0131\u015ft\u0131m ve \u00e7ok \u00e7al\u0131\u015fmaya devam edece\u011fim. Bunu \u00e7ok istiyorum \u00e7\u00fcnk\u00fc ma\u00e7larda kaderi de\u011fi\u015ftiren futbolcu olmak her zaman g\u00fczeldir. Ben bunu \u00e7ok istiyorum\u201d dedi.<\/p>\n","protected":false},"excerpt":{"rendered":"<p>DENZ\u0130L\u0130SPOR\u2019UN MAL\u0130L\u0130 YILDIZI HAD\u0130 SACKO, L\u0130G\u0130N \u0130K\u0130NC\u0130 YARISININ KEND\u0130S\u0130 VE TAKIMI \u0130\u00c7\u0130N \u0130Y\u0130 GE\u00c7MES\u0130N\u0130 \u0130STED\u0130\u011e\u0130N\u0130 KAYDEDEREK, \u201cL\u0130G\u0130N \u0130K\u0130NC\u0130 YARISINDA BEKLENT\u0130LER\u0130M HER SEFER\u0130NDE \u00c7OK DAHA \u0130Y\u0130 OLMAK VE TAKIMA DAHA \u00c7OK KATKIDA BULUNAB\u0130LMEK. MA\u00c7LARDA KADER\u0130 DE\u011e\u0130\u015eT\u0130REN FUTBOLCU OLMAK HER ZAMAN G\u00dcZELD\u0130R. BEN BUNU \u00c7OK \u0130ST\u0130YORUM\u201d DED\u0130.<\/p>\n","protected":false},"author":1,"featured_media":255500,"comment_status":"closed","ping_status":"open","sticky":false,"template":"","format":"standard","meta":{"jetpack_post_was_ever_published":false,"_jetpack_newsletter_access":"","_jetpack_dont_email_post_to_subs":false,"_jetpack_newsletter_tier_id":0,"_jetpack_memberships_contains_paywalled_content":false,"_jetpack_memberships_contains_paid_content":false,"footnotes":"","jetpack_publicize_message":"","jetpack_publicize_feature_enabled":true,"jetpack_social_post_already_shared":true,"jetpack_social_options":{"image_generator_settings":{"template":"highway","default_image_id":0,"font":"","enabled":false},"version":2}},"categories":[657],"tags":[19835,4599,39707,73,37096,17855,1364,63183,74],"class_list":["post-255499","post","type-post","status-publish","format-standard","has-post-thumbnail","hentry","category-spor","tag-degistiren","tag-futbolcu","tag-guzeldir","tag-her","tag-kaderi","tag-maclarda","tag-olmak","tag-sacko","tag-zaman"],"jetpack_publicize_connections":[],"jetpack_featured_media_url":"https:\/\/i0.wp.com\/www.tvturk.com\/wp-content\/uploads\/2020\/01\/sacko-maclarda-kaderi-degistiren-futbolcu-olmak-her-zaman-guzeldir_a03b685.jpg?fit=1000%2C666","jetpack_sharing_enabled":true,"jetpack_shortlink":"https:\/\/wp.me\/paKIfm-14sX","_links":{"self":[{"href":"http:\/\/www.tvturk.com\/index.php\/wp-json\/wp\/v2\/posts\/255499","targetHints":{"allow":["GET"]}}],"collection":[{"href":"http:\/\/www.tvturk.com\/index.php\/wp-json\/wp\/v2\/posts"}],"about":[{"href":"http:\/\/www.tvturk.com\/index.php\/wp-json\/wp\/v2\/types\/post"}],"author":[{"embeddable":true,"href":"http:\/\/www.tvturk.com\/index.php\/wp-json\/wp\/v2\/users\/1"}],"replies":[{"embeddable":true,"href":"http:\/\/www.tvturk.com\/index.php\/wp-json\/wp\/v2\/comments?post=255499"}],"version-history":[{"count":0,"href":"http:\/\/www.tvturk.com\/index.php\/wp-json\/wp\/v2\/posts\/255499\/revisions"}],"wp:featuredmedia":[{"embeddable":true,"href":"http:\/\/www.tvturk.com\/index.php\/wp-json\/wp\/v2\/media\/255500"}],"wp:attachment":[{"href":"http:\/\/www.tvturk.com\/index.php\/wp-json\/wp\/v2\/media?parent=255499"}],"wp:term":[{"taxonomy":"category","embeddable":true,"href":"http:\/\/www.tvturk.com\/index.php\/wp-json\/wp\/v2\/categories?post=255499"},{"taxonomy":"post_tag","embeddable":true,"href":"http:\/\/www.tvturk.com\/index.php\/wp-json\/wp\/v2\/tags?post=255499"}],"curies":[{"name":"wp","href":"https:\/\/api.w.org\/{rel}","templated":true}]}}