{"id":255519,"date":"2020-01-14T16:03:06","date_gmt":"2020-01-14T13:03:06","guid":{"rendered":"http:\/\/www.tvturk.com\/index.php\/cumhurbaskani-recep-tayyip-erdogan-tff-ve-kulupler-birligini-kabul-etti\/"},"modified":"2020-01-14T16:03:06","modified_gmt":"2020-01-14T13:03:06","slug":"cumhurbaskani-recep-tayyip-erdogan-tff-ve-kulupler-birligini-kabul-etti","status":"publish","type":"post","link":"http:\/\/www.tvturk.com\/index.php\/cumhurbaskani-recep-tayyip-erdogan-tff-ve-kulupler-birligini-kabul-etti\/","title":{"rendered":"Cumhurba\u015fkan\u0131 Recep Tayyip Erdo\u011fan, TFF ve Kul\u00fcpler Birli\u011fi\u2019ni kabul etti."},"content":{"rendered":"<p>Cumhurba\u015fkan\u0131 Recep Tayyip Erdo\u011fan, TFF ve Kul\u00fcpler Birli\u011fi\u2019ni kabul etti.<\/p>\n","protected":false},"excerpt":{"rendered":"<p>CUMHURBA\u015eKANI RECEP TAYY\u0130P ERDO\u011eAN, TFF VE KUL\u00dcPLER B\u0130RL\u0130\u011e\u0130&#8217;N\u0130 KABUL ETT\u0130.<\/p>\n","protected":false},"author":1,"featured_media":255520,"comment_status":"closed","ping_status":"open","sticky":false,"template":"","format":"standard","meta":{"jetpack_post_was_ever_published":false,"_jetpack_newsletter_access":"","_jetpack_dont_email_post_to_subs":false,"_jetpack_newsletter_tier_id":0,"_jetpack_memberships_contains_paywalled_content":false,"_jetpack_memberships_contains_paid_content":false,"footnotes":"","jetpack_publicize_message":"","jetpack_publicize_feature_enabled":true,"jetpack_social_post_already_shared":true,"jetpack_social_options":{"image_generator_settings":{"template":"highway","default_image_id":0,"font":"","enabled":false},"version":2}},"categories":[657],"tags":[14052,503,649,207,654,906,647,648,4477],"class_list":["post-255519","post","type-post","status-publish","format-standard","has-post-thumbnail","hentry","category-spor","tag-birligini","tag-cumhurbaskani","tag-erdogan","tag-etti","tag-kabul","tag-kulupler","tag-recep","tag-tayyip","tag-tff"],"jetpack_publicize_connections":[],"jetpack_featured_media_url":"https:\/\/i0.wp.com\/www.tvturk.com\/wp-content\/uploads\/2020\/01\/cumhurbaskani-recep-tayyip-erdogan-tff-ve-kulupler-birligini-kabul-etti_843a472.jpg?fit=1000%2C710","jetpack_sharing_enabled":true,"jetpack_shortlink":"https:\/\/wp.me\/paKIfm-14th","_links":{"self":[{"href":"http:\/\/www.tvturk.com\/index.php\/wp-json\/wp\/v2\/posts\/255519","targetHints":{"allow":["GET"]}}],"collection":[{"href":"http:\/\/www.tvturk.com\/index.php\/wp-json\/wp\/v2\/posts"}],"about":[{"href":"http:\/\/www.tvturk.com\/index.php\/wp-json\/wp\/v2\/types\/post"}],"author":[{"embeddable":true,"href":"http:\/\/www.tvturk.com\/index.php\/wp-json\/wp\/v2\/users\/1"}],"replies":[{"embeddable":true,"href":"http:\/\/www.tvturk.com\/index.php\/wp-json\/wp\/v2\/comments?post=255519"}],"version-history":[{"count":0,"href":"http:\/\/www.tvturk.com\/index.php\/wp-json\/wp\/v2\/posts\/255519\/revisions"}],"wp:featuredmedia":[{"embeddable":true,"href":"http:\/\/www.tvturk.com\/index.php\/wp-json\/wp\/v2\/media\/255520"}],"wp:attachment":[{"href":"http:\/\/www.tvturk.com\/index.php\/wp-json\/wp\/v2\/media?parent=255519"}],"wp:term":[{"taxonomy":"category","embeddable":true,"href":"http:\/\/www.tvturk.com\/index.php\/wp-json\/wp\/v2\/categories?post=255519"},{"taxonomy":"post_tag","embeddable":true,"href":"http:\/\/www.tvturk.com\/index.php\/wp-json\/wp\/v2\/tags?post=255519"}],"curies":[{"name":"wp","href":"https:\/\/api.w.org\/{rel}","templated":true}]}}