{"id":255539,"date":"2020-01-14T16:32:26","date_gmt":"2020-01-14T13:32:26","guid":{"rendered":"http:\/\/www.tvturk.com\/index.php\/osmangaziden-suriyeye-yardim-tiri-2\/"},"modified":"2020-01-14T16:32:26","modified_gmt":"2020-01-14T13:32:26","slug":"osmangaziden-suriyeye-yardim-tiri-2","status":"publish","type":"post","link":"http:\/\/www.tvturk.com\/index.php\/osmangaziden-suriyeye-yardim-tiri-2\/","title":{"rendered":"Osmangazi\u2019den Suriye\u2019ye yard\u0131m TIR\u2019\u0131"},"content":{"rendered":"<p>Osmangazi Belediyesi ve \u0130nsan\u00ee Yard\u0131m Vakf\u0131 (\u0130HH), Suriye\u2019deki ihtiya\u00e7 sahiplerine ula\u015ft\u0131r\u0131lmak \u00fczere, i\u00e7erisinde \u00e7e\u015fitli g\u0131da ve giyecek malzemelerinin bulunduu yard\u0131m TIR\u2019lar\u0131n\u0131 \u0130dlib\u2019e g\u00f6nderdi.<\/p>\n<p>Osmangazi Belediyesi, i\u00e7 sava\u015f sebebiyle y\u0131llard\u0131r b\u00fcy\u00fck s\u0131k\u0131nt\u0131lar ya\u015fayan Suriyeli mazlumlar\u0131n yaralar\u0131n\u0131 bir nebze sarabilmek ad\u0131na yard\u0131mlar\u0131n\u0131 s\u00fcrd\u00fcr\u00fcyor. Esed rejiminin bombard\u0131mandan ka\u00e7arak T\u00fcrkiye s\u0131n\u0131r\u0131na yak\u0131n \u00e7ad\u0131rlara yerle\u015fen \u0130dlibliler i\u00e7in \u0130HH i\u015f birli\u011fiyle yard\u0131m kampanyas\u0131 tertip eden Osmangazi Belediyesi, b\u00f6lgeye 5 yard\u0131m TIR\u2019\u0131 g\u00f6nderdi. \u0130\u00e7erisinde yiyecek ve giyecek malzemelerinin yan\u0131 s\u0131ra battaniyelerin yer ald\u0131\u011f\u0131 yard\u0131m TIR\u2019lar\u0131 dualar e\u015fli\u011finde u\u011furland\u0131. D\u00fczenlenen t\u00f6rende konu\u015fan Osmangazi Belediye Ba\u015fkan\u0131 Mustafa D\u00fcndar, \u201cOrtado\u011fu\u2019da maalesef \u015fu \u00e2n bir kaos h\u00e2kim. Milyonlarca insan yerinden yurdundan edildi. Irak\u2019a bak\u0131yoruz ortada bir devlet kalmam\u0131\u015f ve ABD ile \u0130ran kozlar\u0131n\u0131 o topraklarda payla\u015f\u0131yor. B\u00f6yle tuhaf bir durum s\u00f6z konusu. Ortado\u011fu\u2019daki \u00fclkelerin devlet d\u00fczeni bozulurken, modern d\u00fcnya \u00fclkeleri bu durumu g\u00f6rm\u00fcyor. Binlerce yuva da\u011f\u0131l\u0131p bozulurken, m\u00e2sumlar ve sivil insanlar \u00f6ld\u00fcr\u00fcl\u00fcrken, yerinden yurdundan edilirken g\u00f6rmezden geliniyor\u201d dedi.<\/p>\n<p>T\u00fcrk milletinin tarihte oldu\u011fu gibi sahip oldu\u011fu insan\u00ee de\u011ferler ile mazlumlara kucak a\u00e7t\u0131\u011f\u0131n\u0131 ifade eden Ba\u015fkan D\u00fcndar, \u201cBat\u0131l\u0131 \u00fclkeler herhangi bir hayvana bir \u015fey olsa aya\u011fa kalkar. Ancak Ortado\u011fu\u2019daki insanlar\u0131 g\u00f6rmezden gelir. Bat\u0131n\u0131n g\u00f6z\u00fcnde M\u00fcsl\u00fcman kesimin bir de\u011feri yok. Biz yapm\u0131\u015f oldu\u011fumuz bu yard\u0131mlar ile hem onlara destek oluyoruz hem de o insanlar\u0131n durumuna dikkat \u00e7ekiyoruz. T\u00fcrkiye\u2019de 4 milyon Suriyeli var. Yakla\u015f\u0131k 180 bin tanesi Bursa\u2019da ya\u015f\u0131yor. Bu yard\u0131mlar\u0131n bir amac\u0131 da o insanlar\u0131n T\u00fcrkiye\u2019ye gelmelerinin \u00f6n\u00fcn\u00fc keserek yurtlar\u0131nda kalmalar\u0131n\u0131 sa\u011flamak\u201d diye konu\u015ftu.<\/p>\n<p>Bursa \u0130HH \u015eube Ba\u015fkan\u0131 H\u00fcseyin Kaptan da yapt\u0131\u011f\u0131 konu\u015fmada Bursa\u2019dan Suriye\u2019ye 812\u2019inci yard\u0131m TIR\u2019\u0131n\u0131 g\u00f6nderdiklerini belirterek, \u201c\u0130\u00e7 sava\u015f\u0131n ba\u015flamas\u0131n\u0131n ard\u0131ndan ge\u00e7en 9 y\u0131lda maalesef oradaki zul\u00fcm bitmedi. Bat\u0131l\u0131 \u00fclkelerin kendi \u00e7\u0131karlar\u0131n\u0131 uygulamak ad\u0131na \u00e7\u0131kard\u0131klar\u0131 kaos sebebiyle milyonlarca masum ki\u015fi evlerinden, yurtlar\u0131ndan oldu. G\u00fcvenli b\u00f6lge olarak olu\u015fturulan \u0130dlib\u2019e \u015fu \u00e2n bombalar at\u0131l\u0131yor. Y\u00fczbinlerce insan yeniden T\u00fcrkiye s\u0131n\u0131r\u0131na geldi. Zorlu k\u0131\u015f \u015fartlar\u0131nda o insanlar\u0131n hayatlar\u0131n\u0131 kolayla\u015ft\u0131rmak maksad\u0131yla destek olmaya \u00e7al\u0131\u015f\u0131yoruz. Bug\u00fcn de Osmangazi Belediyesi i\u015f birli\u011fiyle yard\u0131m TIR\u2019\u0131n\u0131 b\u00f6lgeye g\u00f6nderiyoruz\u201d dedi.<\/p>\n","protected":false},"excerpt":{"rendered":"<p>OSMANGAZ\u0130 BELED\u0130YES\u0130 VE \u0130NSAN\u00ce YARDIM VAKFI (\u0130HH), SUR\u0130YE\u2019DEK\u0130 \u0130HT\u0130YA\u00c7 SAH\u0130PLER\u0130NE ULA\u015eTIRILMAK \u00dcZERE, \u0130\u00c7ER\u0130S\u0130NDE \u00c7E\u015e\u0130TL\u0130 GIDA VE G\u0130YECEK MALZEMELER\u0130N\u0130N BULUNDUU YARDIM TIR\u2019LARINI \u0130DL\u0130B\u2019E G\u00d6NDERD\u0130.<\/p>\n","protected":false},"author":1,"featured_media":255540,"comment_status":"closed","ping_status":"open","sticky":false,"template":"","format":"standard","meta":{"jetpack_post_was_ever_published":false,"_jetpack_newsletter_access":"","_jetpack_dont_email_post_to_subs":false,"_jetpack_newsletter_tier_id":0,"_jetpack_memberships_contains_paywalled_content":false,"_jetpack_memberships_contains_paid_content":false,"footnotes":"","jetpack_publicize_message":"","jetpack_publicize_feature_enabled":true,"jetpack_social_post_already_shared":true,"jetpack_social_options":{"image_generator_settings":{"template":"highway","default_image_id":0,"font":"","enabled":false},"version":2}},"categories":[1],"tags":[9140,853,5961,1736],"class_list":["post-255539","post","type-post","status-publish","format-standard","has-post-thumbnail","hentry","category-genel","tag-osmangaziden","tag-suriyeye","tag-tiri","tag-yardim"],"jetpack_publicize_connections":[],"jetpack_featured_media_url":"https:\/\/i0.wp.com\/www.tvturk.com\/wp-content\/uploads\/2020\/01\/osmangaziden-suriyeye-yardim-tiri_20e7b5e.jpg?fit=1000%2C666","jetpack_sharing_enabled":true,"jetpack_shortlink":"https:\/\/wp.me\/paKIfm-14tB","_links":{"self":[{"href":"http:\/\/www.tvturk.com\/index.php\/wp-json\/wp\/v2\/posts\/255539","targetHints":{"allow":["GET"]}}],"collection":[{"href":"http:\/\/www.tvturk.com\/index.php\/wp-json\/wp\/v2\/posts"}],"about":[{"href":"http:\/\/www.tvturk.com\/index.php\/wp-json\/wp\/v2\/types\/post"}],"author":[{"embeddable":true,"href":"http:\/\/www.tvturk.com\/index.php\/wp-json\/wp\/v2\/users\/1"}],"replies":[{"embeddable":true,"href":"http:\/\/www.tvturk.com\/index.php\/wp-json\/wp\/v2\/comments?post=255539"}],"version-history":[{"count":0,"href":"http:\/\/www.tvturk.com\/index.php\/wp-json\/wp\/v2\/posts\/255539\/revisions"}],"wp:featuredmedia":[{"embeddable":true,"href":"http:\/\/www.tvturk.com\/index.php\/wp-json\/wp\/v2\/media\/255540"}],"wp:attachment":[{"href":"http:\/\/www.tvturk.com\/index.php\/wp-json\/wp\/v2\/media?parent=255539"}],"wp:term":[{"taxonomy":"category","embeddable":true,"href":"http:\/\/www.tvturk.com\/index.php\/wp-json\/wp\/v2\/categories?post=255539"},{"taxonomy":"post_tag","embeddable":true,"href":"http:\/\/www.tvturk.com\/index.php\/wp-json\/wp\/v2\/tags?post=255539"}],"curies":[{"name":"wp","href":"https:\/\/api.w.org\/{rel}","templated":true}]}}