{"id":255543,"date":"2020-01-14T16:46:26","date_gmt":"2020-01-14T13:46:26","guid":{"rendered":"http:\/\/www.tvturk.com\/index.php\/musiad-bolu-subesindeki-istifalarla-ilgili-aciklama\/"},"modified":"2020-01-14T16:46:26","modified_gmt":"2020-01-14T13:46:26","slug":"musiad-bolu-subesindeki-istifalarla-ilgili-aciklama","status":"publish","type":"post","link":"http:\/\/www.tvturk.com\/index.php\/musiad-bolu-subesindeki-istifalarla-ilgili-aciklama\/","title":{"rendered":"M\u00dcS\u0130AD Bolu \u015eubesi\u2019ndeki istifalarla ilgili a\u00e7\u0131klama"},"content":{"rendered":"<p>M\u00fcstakil Sanayici ve \u0130\u015fadamlar\u0131 Derne\u011fi (M\u00dcS\u0130AD) Yerel \u00dcst Kurulu Ba\u015fkan\u0131 Ahmet \u015eekerli,  Bolu \u015fubesinde ger\u00e7ekle\u015fen istifalar\u0131n FET\u00d6 ter\u00f6r \u00f6rg\u00fct\u00fc ile alakal\u0131 olmad\u0131\u011f\u0131n\u0131 belirterek, eski Ba\u015fkan Davut Uzun\u2019un g\u00f6revden al\u0131nmas\u0131n\u0131n \u00fcslubundan kaynakland\u0131\u011f\u0131n\u0131 s\u00f6yledi.<\/p>\n<p>Bolu\u2019da, M\u00fcstakil Sanayici ve \u0130\u015f Adamlar\u0131 Derne\u011fi Genel Merkezi ve M\u00dcS\u0130AD Bolu \u015eubesi aras\u0131dna ya\u015fanan Gen\u00e7 M\u00dcS\u0130AD Bolu Ba\u015fkan aday\u0131 hakk\u0131nda ya\u015fanan anla\u015fmazl\u0131k nedeniyle dernek ba\u015fkan\u0131 Davut Uzun\u2019un g\u00f6revden al\u0131nmas\u0131yla beraber M\u00dcS\u0130AD y\u00f6netim kurulu \u00fcyeleri de istifa etti. M\u00dcS\u0130AD Y\u00f6netim Kurulu \u00fcyele\u011finden istifa eden baz\u0131 \u00fcyelerin istifa gerek\u00e7elerinde, \u201cGenel Merkez y\u00f6neticilerinin, milli ve manevi birli\u011fimize kasteden paralel s\u0131zma yakla\u015f\u0131m\u0131na yol verici atama konusunda \u0131srarc\u0131 olmalar\u0131\u201d \u015feklinde ifadeler kullanmas\u0131 \u00fczerine M\u00dcS\u0130AD Genel Merkez Y\u00f6neticilerinin de kat\u0131ld\u0131\u011f\u0131 bas\u0131n toplant\u0131s\u0131 d\u00fczenlendi.<\/p>\n<p>\u201c\u00d6rg\u00fctsel yap\u0131lanmayla alakas\u0131 yok\u201d<\/p>\n<p>Bolu M\u00dcS\u0130AD \u015eubesi\u2019nde ger\u00e7ekle\u015ftirilen toplant\u0131da ya\u015fanan s\u00fcreci anlatan M\u00dcS\u0130AD Yerel \u00dcst Kurulu Ba\u015fkan\u0131 Ahmet \u015eekerli, ya\u015fanan olay\u0131n M\u00dcS\u0130AD\u2019\u0131n i\u00e7 i\u015fleyi\u015fiyle alakal\u0131 oldu\u011funu ifade ederek, \u201cKurulu\u015fundan bug\u00fcne devletinin ve milletinin hizmetine sundu\u011fu t\u00fcm imkan ve faaliyetleriyle d\u00fcnyan\u0131n en sayg\u0131n ve aktif i\u015f ve sermaye platformlar\u0131ndan biri haline gelen M\u00dcS\u0130AD, ismine yak\u0131\u015f\u0131r bir \u015fekilde m\u00fcstakil kimli\u011fini koruyarak hi\u00e7bir \u00f6rg\u00fct, yap\u0131lan ve topluluklar ile ili\u015fki i\u00e7ine girmeden \u00f6zg\u00fcr, \u00f6zerk ve \u00f6zg\u00fcn hareketini t\u00fcm d\u00fcnyada T\u00fcrkiye\u2019yi gururla temsil ederek s\u00fcrd\u00fcrmeye devam etmektedir. S\u00f6z konusu geli\u015fmeler \u0131\u015f\u0131\u011f\u0131nda  Bolu \u015fubesinde vuku buldu\u011fu iddia edilen konu muhataplar\u0131 aras\u0131nda ya\u015fanm\u0131\u015f m\u00fcnferit bir hadise ve tamamen M\u00dcS\u0130AD\u2019\u0131n i\u00e7 i\u015fleyi\u015fiyle alakal\u0131 bir mevzu olup bas\u0131n ve yay\u0131n organlar\u0131nda bahsi ge\u00e7en \u00f6rg\u00fctsel yap\u0131lanmayla hi\u00e7bir alakas\u0131 bulunmamaktad\u0131r\u201d dedi.<\/p>\n<p>\u201cUzun\u2019un azilinde \u00fcslubu etkili olmu\u015ftur\u201d<\/p>\n<p>\u0130ddia edildi\u011fi gibi Bolu \u015fubesi ile genel merkez aras\u0131nda Gen\u00e7 M\u00dcS\u0130AD Bolu Ba\u015fkanl\u0131\u011f\u0131 konusunda herhangi bir ihtilaf ya\u015fanmam\u0131\u015ft\u0131r. Gen\u00e7 M\u00dcS\u0130AD Ba\u015fkanl\u0131\u011f\u0131 konusunda Bolu M\u00dcS\u0130AD Ba\u015fkan\u0131\u2019n\u0131n \u00f6nerdi\u011fi isim do\u011frultusunda genel merkez ve \u015fube aras\u0131nda mutabakata var\u0131lm\u0131\u015f, Gen\u00e7 M\u00dcS\u0130AD ba\u015fkanl\u0131\u011f\u0131 konusunda \u015fubenin \u00f6nerdi\u011fi isim 3 Aral\u0131k 2019 tarihinde netle\u015fmi\u015ftir. M\u00dcS\u0130AD Bolu \u015eubesi eski Ba\u015fkan\u0131 Davut Uzun, \u015fube ba\u015fkanl\u0131\u011f\u0131 azledilmesini Gen\u00e7 M\u00dcS\u0130AD Bolu Ba\u015fkanl\u0131\u011f\u0131 ile ilgili bir ilgisi bulunmamaktad\u0131r. Azil karar\u0131nda Bolu \u015fubesinin genel merkezi hi\u00e7e sayan yakla\u015f\u0131m\u0131, \u015fubenin \u00e7al\u0131\u015fma yetersizlikleri en \u00f6nemlisi uslup problemleri, Uzun\u2019un M\u00dcS\u0130AD\u2019\u0131n kurumsal yap\u0131s\u0131na ayk\u0131r\u0131 tutumu ve M\u00dcS\u0130AD\u2019\u0131n g\u00fc\u00e7l\u00fc aile ba\u011flar\u0131na zarar verecek davran\u0131\u015flar\u0131 etkili olmu\u015ftur. Benim yetkilendirdi\u011fim \u015fube ba\u015fkan\u0131m telefonda diyor ki \u201cba\u015fkan\u0131m m\u00fclakat yapt\u0131m. Bu konuda rahats\u0131z\u0131m\u201d diyor. Ben te\u015fkilat ba\u015fkan\u0131 olarak, \u201cFET\u00d6 bizim k\u0131rm\u0131z\u0131 \u00e7izgimizdir. Konuyu kapat. Sen kendi aday\u0131n\u0131 bize g\u00f6nder\u201d demi\u015fim. O g\u00fcnden sonra kendi aday\u0131n\u0131 bana g\u00f6ndermi\u015f. Ben aday\u0131n\u0131 onaylam\u0131\u015f\u0131m. Mevzunun \u00fczerinden ba\u015fka bir \u015feyler ge\u00e7mi\u015f. Mevzunun \u00fczerinden ge\u00e7mi\u015f bir bu\u00e7uk ay, bamba\u015fka bir konudan biz adam\u0131 g\u00f6revden alm\u0131\u015f\u0131z. Genel ba\u015fkana kar\u015f\u0131 uslup hatas\u0131ndan dolay\u0131 g\u00f6revden alm\u0131\u015f\u0131z. O avukat olan arkada\u015f tamamen olay\u0131 buna \u00e7evirip servis etmi\u015f\u201d dedi.<\/p>\n","protected":false},"excerpt":{"rendered":"<p>M\u00dcSTAK\u0130L SANAY\u0130C\u0130 VE \u0130\u015eADAMLARI DERNE\u011e\u0130 (M\u00dcS\u0130AD) YEREL \u00dcST KURULU BA\u015eKANI AHMET \u015eEKERL\u0130,  BOLU \u015eUBES\u0130NDE GER\u00c7EKLE\u015eEN \u0130ST\u0130FALARIN FET\u00d6 TER\u00d6R \u00d6RG\u00dcT\u00dc \u0130LE ALAKALI OLMADI\u011eINI BEL\u0130RTEREK, ESK\u0130 BA\u015eKAN DAVUT UZUN\u2019UN G\u00d6REVDEN ALINMASININ \u00dcSLUBUNDAN KAYNAKLANDI\u011eINI S\u00d6YLED\u0130.<\/p>\n","protected":false},"author":1,"featured_media":255544,"comment_status":"closed","ping_status":"open","sticky":false,"template":"","format":"standard","meta":{"jetpack_post_was_ever_published":false,"_jetpack_newsletter_access":"","_jetpack_dont_email_post_to_subs":false,"_jetpack_newsletter_tier_id":0,"_jetpack_memberships_contains_paywalled_content":false,"_jetpack_memberships_contains_paid_content":false,"footnotes":"","jetpack_publicize_message":"","jetpack_publicize_feature_enabled":true,"jetpack_social_post_already_shared":true,"jetpack_social_options":{"image_generator_settings":{"template":"highway","default_image_id":0,"font":"","enabled":false},"version":2}},"categories":[19],"tags":[3349,3843,3012,63192,5789,63191],"class_list":["post-255543","post","type-post","status-publish","format-standard","has-post-thumbnail","hentry","category-ekonomi","tag-aciklama","tag-bolu","tag-ilgili","tag-istifalarla","tag-musiad","tag-subesindeki"],"jetpack_publicize_connections":[],"jetpack_featured_media_url":"https:\/\/i0.wp.com\/www.tvturk.com\/wp-content\/uploads\/2020\/01\/musiad-bolu-subesindeki-istifalarla-ilgili-aciklama_9411d64.jpg?fit=1000%2C666","jetpack_sharing_enabled":true,"jetpack_shortlink":"https:\/\/wp.me\/paKIfm-14tF","_links":{"self":[{"href":"http:\/\/www.tvturk.com\/index.php\/wp-json\/wp\/v2\/posts\/255543","targetHints":{"allow":["GET"]}}],"collection":[{"href":"http:\/\/www.tvturk.com\/index.php\/wp-json\/wp\/v2\/posts"}],"about":[{"href":"http:\/\/www.tvturk.com\/index.php\/wp-json\/wp\/v2\/types\/post"}],"author":[{"embeddable":true,"href":"http:\/\/www.tvturk.com\/index.php\/wp-json\/wp\/v2\/users\/1"}],"replies":[{"embeddable":true,"href":"http:\/\/www.tvturk.com\/index.php\/wp-json\/wp\/v2\/comments?post=255543"}],"version-history":[{"count":0,"href":"http:\/\/www.tvturk.com\/index.php\/wp-json\/wp\/v2\/posts\/255543\/revisions"}],"wp:featuredmedia":[{"embeddable":true,"href":"http:\/\/www.tvturk.com\/index.php\/wp-json\/wp\/v2\/media\/255544"}],"wp:attachment":[{"href":"http:\/\/www.tvturk.com\/index.php\/wp-json\/wp\/v2\/media?parent=255543"}],"wp:term":[{"taxonomy":"category","embeddable":true,"href":"http:\/\/www.tvturk.com\/index.php\/wp-json\/wp\/v2\/categories?post=255543"},{"taxonomy":"post_tag","embeddable":true,"href":"http:\/\/www.tvturk.com\/index.php\/wp-json\/wp\/v2\/tags?post=255543"}],"curies":[{"name":"wp","href":"https:\/\/api.w.org\/{rel}","templated":true}]}}