{"id":255551,"date":"2020-01-14T17:16:13","date_gmt":"2020-01-14T14:16:13","guid":{"rendered":"http:\/\/www.tvturk.com\/index.php\/maltanin-yeni-basbakani-abela-yemin-etti\/"},"modified":"2020-01-14T17:16:13","modified_gmt":"2020-01-14T14:16:13","slug":"maltanin-yeni-basbakani-abela-yemin-etti","status":"publish","type":"post","link":"http:\/\/www.tvturk.com\/index.php\/maltanin-yeni-basbakani-abela-yemin-etti\/","title":{"rendered":"Malta\u2019n\u0131n yeni ba\u015fbakan\u0131 Abela yemin etti"},"content":{"rendered":"<p>Malta\u2019da yeni lider Robert Abela, \u00fclkenin 14. Ba\u015fbakan\u0131 olarak yemin edip resmen g\u00f6reve ba\u015flad\u0131.<\/p>\n<p>Malta\u2019da \u0130\u015f\u00e7i Partisi\u2019nin yeni se\u00e7ilen lideri Robert Abela, Valletta\u2019daki Ba\u015fkanl\u0131k Saray\u0131\u2019nda ger\u00e7ekle\u015ftirilen t\u00f6renle yemin ederek resmen g\u00f6revine ba\u015flad\u0131. Robert Abela, gazeteci Daphne Caruana Galizia cinayetinin krize neden oldu\u011fu Malta\u2019da istifa etmek zorunda kalan Ba\u015fbakan Joseph Muscat\u2019\u0131n yerini ald\u0131. Muscat, Abela g\u00f6reve ba\u015flamadan k\u0131sa s\u00fcre \u00f6nce g\u00f6revinden istifa etmi\u015fti. Ba\u015fbakanl\u0131k g\u00f6revinden ayr\u0131lan Muscat\u2019\u0131n yerine hafta sonu yap\u0131lan \u0130\u015f\u00e7i Partisi Kongresi\u2019nde liderli\u011fe se\u00e7ilen Abela, ba\u015fbakanl\u0131\u011f\u0131 devrald\u0131.<\/p>\n","protected":false},"excerpt":{"rendered":"<p>MALTA&#8217;DA YEN\u0130 L\u0130DER ROBERT ABELA, \u00dcLKEN\u0130N 14. BA\u015eBAKANI OLARAK YEM\u0130N ED\u0130P RESMEN G\u00d6REVE BA\u015eLADI.<\/p>\n","protected":false},"author":1,"featured_media":255552,"comment_status":"closed","ping_status":"open","sticky":false,"template":"","format":"standard","meta":{"jetpack_post_was_ever_published":false,"_jetpack_newsletter_access":"","_jetpack_dont_email_post_to_subs":false,"_jetpack_newsletter_tier_id":0,"_jetpack_memberships_contains_paywalled_content":false,"_jetpack_memberships_contains_paid_content":false,"footnotes":"","jetpack_publicize_message":"","jetpack_publicize_feature_enabled":true,"jetpack_social_post_already_shared":true,"jetpack_social_options":{"image_generator_settings":{"template":"highway","default_image_id":0,"font":"","enabled":false},"version":2}},"categories":[10],"tags":[63197,651,207,63196,5575,87],"class_list":["post-255551","post","type-post","status-publish","format-standard","has-post-thumbnail","hentry","category-dunya","tag-abela","tag-basbakani","tag-etti","tag-maltanin","tag-yemin","tag-yeni"],"jetpack_publicize_connections":[],"jetpack_featured_media_url":"https:\/\/i0.wp.com\/www.tvturk.com\/wp-content\/uploads\/2020\/01\/maltanin-yeni-basbakani-abela-yemin-etti_3e1d6a7.jpg?fit=1000%2C562","jetpack_sharing_enabled":true,"jetpack_shortlink":"https:\/\/wp.me\/paKIfm-14tN","_links":{"self":[{"href":"http:\/\/www.tvturk.com\/index.php\/wp-json\/wp\/v2\/posts\/255551","targetHints":{"allow":["GET"]}}],"collection":[{"href":"http:\/\/www.tvturk.com\/index.php\/wp-json\/wp\/v2\/posts"}],"about":[{"href":"http:\/\/www.tvturk.com\/index.php\/wp-json\/wp\/v2\/types\/post"}],"author":[{"embeddable":true,"href":"http:\/\/www.tvturk.com\/index.php\/wp-json\/wp\/v2\/users\/1"}],"replies":[{"embeddable":true,"href":"http:\/\/www.tvturk.com\/index.php\/wp-json\/wp\/v2\/comments?post=255551"}],"version-history":[{"count":0,"href":"http:\/\/www.tvturk.com\/index.php\/wp-json\/wp\/v2\/posts\/255551\/revisions"}],"wp:featuredmedia":[{"embeddable":true,"href":"http:\/\/www.tvturk.com\/index.php\/wp-json\/wp\/v2\/media\/255552"}],"wp:attachment":[{"href":"http:\/\/www.tvturk.com\/index.php\/wp-json\/wp\/v2\/media?parent=255551"}],"wp:term":[{"taxonomy":"category","embeddable":true,"href":"http:\/\/www.tvturk.com\/index.php\/wp-json\/wp\/v2\/categories?post=255551"},{"taxonomy":"post_tag","embeddable":true,"href":"http:\/\/www.tvturk.com\/index.php\/wp-json\/wp\/v2\/tags?post=255551"}],"curies":[{"name":"wp","href":"https:\/\/api.w.org\/{rel}","templated":true}]}}