{"id":255563,"date":"2020-01-14T17:31:59","date_gmt":"2020-01-14T14:31:59","guid":{"rendered":"http:\/\/www.tvturk.com\/index.php\/kar-yiginini-goren-cocuklar-sevincten-ciglik-atti\/"},"modified":"2020-01-14T17:31:59","modified_gmt":"2020-01-14T14:31:59","slug":"kar-yiginini-goren-cocuklar-sevincten-ciglik-atti","status":"publish","type":"post","link":"http:\/\/www.tvturk.com\/index.php\/kar-yiginini-goren-cocuklar-sevincten-ciglik-atti\/","title":{"rendered":"Kar y\u0131\u011f\u0131n\u0131n\u0131 g\u00f6ren \u00e7ocuklar sevin\u00e7ten \u00e7\u0131\u011fl\u0131k att\u0131"},"content":{"rendered":"<p>Y\u0131llard\u0131r il\u00e7e merkezine kar ya\u011fmayan Manisa\u2019n\u0131n Ala\u015fehir il\u00e7esinde belediye taraf\u0131ndan \u015fehir meydan\u0131na getirilen 2 kamyon kar ba\u015fta \u00e7ocuklar olmak \u00fczere vatanda\u015flar\u0131 mutlu etti. Kamyonlarla gelen kar\u0131 sevin\u00e7 \u00e7\u0131\u011fl\u0131klar\u0131yla kar\u015f\u0131layan \u00e7ocuklar doyas\u0131ya kartopu oynad\u0131.<\/p>\n<p>Ala\u015fehir Belediyesi taraf\u0131ndan Horzum Embelli Mahallesi Ceycey Yaylas\u0131ndan iki kamyon kar ta\u015f\u0131narak, Cumhuriyet ve Demokrasi Meydan\u0131\u2019na d\u00f6k\u00fcld\u00fc. Meydanda kar gelmesini bekleyen vatanda\u015flar ve \u00f6\u011frenciler kar kamyonlar\u0131n\u0131n gelmesiyle birlikte sevin\u00e7 \u00e7\u0131\u011fl\u0131klar\u0131 att\u0131. Kar\u0131n meydana d\u00f6k\u00fclmesiyle birlikte kartopu oynamaya ba\u015flayan \u00f6\u011frenciler ve vatanda\u015flar doyas\u0131ya kartopu oynad\u0131, kardan adam yap\u0131p, hat\u0131ra foto\u011fraf\u0131 \u00e7ektirdi.<\/p>\n<p>Meydanda kar kamyonlar\u0131n\u0131n gelmesini bekleyen Ala\u015fehir Belediye Ba\u015fkan\u0131 Ahmet \u00d6k\u00fczc\u00fco\u011flu\u2019nun etraf\u0131n\u0131 saran \u00e7ocuklar ba\u015fkana sar\u0131larak te\u015fekk\u00fcr etti. Y\u0131llard\u0131r kar g\u00f6rmeyen vatanda\u015flar Ba\u015fkan \u00d6k\u00fczc\u00fco\u011flu\u2019na te\u015fekk\u00fcr etti. Belediye Ba\u015fkan\u0131 Ahmet \u00d6k\u00fczc\u00fco\u011flu, \u201c\u0130klim olarak, Ala\u015fehir merkez ve ova mahallelerimize genellikle kar ya\u011f\u0131\u015f\u0131 olmaz. \u00d6\u011frencilerimizin, \u00e7ocuklar\u0131m\u0131z\u0131n ve vatanda\u015flar\u0131m\u0131z\u0131n bu hasretlerini giderebilmek i\u00e7in Horzum Embelli Ceycey Yaylas\u0131ndan tertemiz iki kamyon kar getirdik. Da\u011flar\u0131m\u0131za bu y\u0131l bereketi ile birlikte kar geldi, ama \u015fehir merkezimize kar ya\u011fmad\u0131. Biz de da\u011flarda ya\u011fan karlar\u0131m\u0131z\u0131 Ala\u015fehir meydan\u0131nda \u00e7ocuklar\u0131m\u0131za bulu\u015fturduk ve bir kartopu etkinli\u011fi d\u00fczenledik. Bug\u00fcn karla bulu\u015fmu\u015f oldular hepsine iyi e\u011flenceler diliyorum\u201d dedi.<\/p>\n","protected":false},"excerpt":{"rendered":"<p>YILLARDIR \u0130L\u00c7E MERKEZ\u0130NE KAR YA\u011eMAYAN MAN\u0130SA\u2019NIN ALA\u015eEH\u0130R \u0130L\u00c7ES\u0130NDE BELED\u0130YE TARAFINDAN \u015eEH\u0130R MEYDANINA GET\u0130R\u0130LEN 2 KAMYON KAR BA\u015eTA \u00c7OCUKLAR OLMAK \u00dcZERE VATANDA\u015eLARI MUTLU ETT\u0130. KAMYONLARLA GELEN KARI SEV\u0130N\u00c7 \u00c7I\u011eLIKLARIYLA KAR\u015eILAYAN \u00c7OCUKLAR DOYASIYA KARTOPU OYNADI.<\/p>\n","protected":false},"author":1,"featured_media":255564,"comment_status":"closed","ping_status":"open","sticky":false,"template":"","format":"standard","meta":{"jetpack_post_was_ever_published":false,"_jetpack_newsletter_access":"","_jetpack_dont_email_post_to_subs":false,"_jetpack_newsletter_tier_id":0,"_jetpack_memberships_contains_paywalled_content":false,"_jetpack_memberships_contains_paid_content":false,"footnotes":"","jetpack_publicize_message":"","jetpack_publicize_feature_enabled":true,"jetpack_social_post_already_shared":true,"jetpack_social_options":{"image_generator_settings":{"template":"highway","default_image_id":0,"font":"","enabled":false},"version":2}},"categories":[1],"tags":[19040,2875,252,5493,878,63201,63200],"class_list":["post-255563","post","type-post","status-publish","format-standard","has-post-thumbnail","hentry","category-genel","tag-ciglik","tag-atti","tag-cocuklar","tag-goren","tag-kar","tag-sevincten","tag-yiginini"],"jetpack_publicize_connections":[],"jetpack_featured_media_url":"https:\/\/i0.wp.com\/www.tvturk.com\/wp-content\/uploads\/2020\/01\/kar-yiginini-goren-cocuklar-sevincten-ciglik-atti_e7e1bca.jpg?fit=1000%2C666","jetpack_sharing_enabled":true,"jetpack_shortlink":"https:\/\/wp.me\/paKIfm-14tZ","_links":{"self":[{"href":"http:\/\/www.tvturk.com\/index.php\/wp-json\/wp\/v2\/posts\/255563","targetHints":{"allow":["GET"]}}],"collection":[{"href":"http:\/\/www.tvturk.com\/index.php\/wp-json\/wp\/v2\/posts"}],"about":[{"href":"http:\/\/www.tvturk.com\/index.php\/wp-json\/wp\/v2\/types\/post"}],"author":[{"embeddable":true,"href":"http:\/\/www.tvturk.com\/index.php\/wp-json\/wp\/v2\/users\/1"}],"replies":[{"embeddable":true,"href":"http:\/\/www.tvturk.com\/index.php\/wp-json\/wp\/v2\/comments?post=255563"}],"version-history":[{"count":0,"href":"http:\/\/www.tvturk.com\/index.php\/wp-json\/wp\/v2\/posts\/255563\/revisions"}],"wp:featuredmedia":[{"embeddable":true,"href":"http:\/\/www.tvturk.com\/index.php\/wp-json\/wp\/v2\/media\/255564"}],"wp:attachment":[{"href":"http:\/\/www.tvturk.com\/index.php\/wp-json\/wp\/v2\/media?parent=255563"}],"wp:term":[{"taxonomy":"category","embeddable":true,"href":"http:\/\/www.tvturk.com\/index.php\/wp-json\/wp\/v2\/categories?post=255563"},{"taxonomy":"post_tag","embeddable":true,"href":"http:\/\/www.tvturk.com\/index.php\/wp-json\/wp\/v2\/tags?post=255563"}],"curies":[{"name":"wp","href":"https:\/\/api.w.org\/{rel}","templated":true}]}}