{"id":255573,"date":"2020-01-14T18:01:35","date_gmt":"2020-01-14T15:01:35","guid":{"rendered":"http:\/\/www.tvturk.com\/index.php\/ab-irana-yonelik-yeni-hamle-hazirliginda\/"},"modified":"2020-01-14T18:01:35","modified_gmt":"2020-01-14T15:01:35","slug":"ab-irana-yonelik-yeni-hamle-hazirliginda","status":"publish","type":"post","link":"http:\/\/www.tvturk.com\/index.php\/ab-irana-yonelik-yeni-hamle-hazirliginda\/","title":{"rendered":"AB, \u0130ran\u2019a y\u00f6nelik yeni hamle haz\u0131rl\u0131\u011f\u0131nda"},"content":{"rendered":"<p>Avrupa Birli\u011fi (AB), ABD ile ya\u015fanan kriz sonras\u0131nda n\u00fckleer anla\u015fmadan \u00e7ekildi\u011fini duyuran \u0130ran\u2019\u0131n n\u00fckleer anla\u015fmayla vaat etti\u011fi y\u00fck\u00fcml\u00fcl\u00fcklerini yerine getirmesi i\u00e7in yeni bir ad\u0131m atmaya haz\u0131rlan\u0131yor.<\/p>\n<p>AB D\u0131\u015f \u0130li\u015fkiler ve G\u00fcvenlik Politikalar\u0131 Y\u00fcksek Temsilcisi ve Avrupa Komisyonu Ba\u015fkan Yard\u0131mc\u0131s\u0131 Josep Borrell taraf\u0131ndan yap\u0131lan a\u00e7\u0131klamada, AB\u2019nin yeni bir diplomasi ata\u011f\u0131 haz\u0131rl\u0131\u011f\u0131nda oldu\u011fu duyuruldu. Borrell\u2019in duyurdu\u011fu yeni giri\u015fime ili\u015fkin resmi bir yaz\u0131l\u0131 a\u00e7\u0131klama yap\u0131ld\u0131.<\/p>\n<p>A\u00e7\u0131klamada Borrell, &#8220;Fransa, Almanya ve \u0130ngiltere D\u0131\u015fi\u015fleri Bakanlar\u0131ndan mektuplar ald\u0131m. Bu mektuplar \u0130ran\u2019\u0131n n\u00fckleer anla\u015fmas\u0131n\u0131n (JCPOA) 36. paragraf\u0131nda i\u015flenen k\u0131s\u0131m ile ilgili olarak verdi\u011fi s\u00f6zleri tutmas\u0131n\u0131 istiyor. Bu \u00fclkeler aras\u0131nda ortak bir komisyon kurduk. Ben de bu komisyonun koordinat\u00f6r\u00fc olarak inisiyatif alaca\u011f\u0131m&#8221; ifadelerini kulland\u0131.<\/p>\n<p>D\u0131\u015fi\u015fleri bakanlar\u0131na seslendi<\/p>\n<p>\u00dc\u00e7 \u00fclkenin beklentilerine cevap verdi\u011fini bildiren Borrell, &#8220;Bu \u00fclkelerin D\u0131\u015fi\u015fleri Bakanlar\u0131ndan n\u00fckleer anla\u015fmaya dair samimi umutlar\u0131n\u0131 korumalar\u0131n\u0131 ve bu \u00e7\u0131kmazdan kurtulmak ad\u0131na yap\u0131c\u0131 ve diplomatik diyalog yolunu benimsemelerini istedim&#8221; dedi.<\/p>\n<p>&#8220;Anla\u015fman\u0131n t\u00fcm taraflar\u0131ndan ayn\u0131 samimi yakla\u015f\u0131m\u0131 bekliyorum&#8221; diyen Josep Borrell, &#8220;Orta Do\u011fu\u2019da tansiyonun giderek t\u0131rmand\u0131\u011f\u0131 bu g\u00fcnlerde n\u00fckleer anla\u015fmas\u0131n\u0131n korunmas\u0131na hi\u00e7 olmad\u0131\u011f\u0131 kadar muhtac\u0131z&#8221; ifadelerini kulland\u0131.<\/p>\n<p>\u00d6te yandan Ortak Kapsaml\u0131 Eylem Plan\u0131 (JCPOA) anla\u015fmas\u0131ndan ilk olarak Trump y\u00f6netimi \u00e7ekildi\u011fini a\u00e7\u0131klam\u0131\u015ft\u0131. Son olarak ABD-\u0130ran gerginli\u011fi s\u0131ras\u0131nda \u0130ran\u2019\u0131n da anla\u015fmadan \u00e7ekildi\u011fini a\u00e7\u0131klamas\u0131 \u00fczerine AB, \u0130ran\u2019\u0131n yeniden anla\u015fmaya geri d\u00f6nmesi i\u00e7in giri\u015fimlere ba\u015flam\u0131\u015ft\u0131.<\/p>\n","protected":false},"excerpt":{"rendered":"<p>AVRUPA B\u0130RL\u0130\u011e\u0130 (AB), ABD \u0130LE YA\u015eANAN KR\u0130Z SONRASINDA N\u00dcKLEER ANLA\u015eMADAN \u00c7EK\u0130LD\u0130\u011e\u0130N\u0130 DUYURAN \u0130RAN&#8217;IN N\u00dcKLEER ANLA\u015eMAYLA VAAT ETT\u0130\u011e\u0130 Y\u00dcK\u00dcML\u00dcL\u00dcKLER\u0130N\u0130 YER\u0130NE GET\u0130RMES\u0130 \u0130\u00c7\u0130N YEN\u0130 B\u0130R ADIM ATMAYA HAZIRLANIYOR.<\/p>\n","protected":false},"author":1,"featured_media":255574,"comment_status":"closed","ping_status":"open","sticky":false,"template":"","format":"standard","meta":{"jetpack_post_was_ever_published":false,"_jetpack_newsletter_access":"","_jetpack_dont_email_post_to_subs":false,"_jetpack_newsletter_tier_id":0,"_jetpack_memberships_contains_paywalled_content":false,"_jetpack_memberships_contains_paid_content":false,"footnotes":"","jetpack_publicize_message":"","jetpack_publicize_feature_enabled":true,"jetpack_social_post_already_shared":true,"jetpack_social_options":{"image_generator_settings":{"template":"highway","default_image_id":0,"font":"","enabled":false},"version":2}},"categories":[10],"tags":[3549,16211,34067,12974,87,1843],"class_list":["post-255573","post","type-post","status-publish","format-standard","has-post-thumbnail","hentry","category-dunya","tag-ab","tag-hamle","tag-hazirliginda","tag-irana","tag-yeni","tag-yonelik"],"jetpack_publicize_connections":[],"jetpack_featured_media_url":"https:\/\/i0.wp.com\/www.tvturk.com\/wp-content\/uploads\/2020\/01\/ab-irana-yonelik-yeni-hamle-hazirliginda_90b4568.jpg?fit=920%2C487","jetpack_sharing_enabled":true,"jetpack_shortlink":"https:\/\/wp.me\/paKIfm-14u9","_links":{"self":[{"href":"http:\/\/www.tvturk.com\/index.php\/wp-json\/wp\/v2\/posts\/255573","targetHints":{"allow":["GET"]}}],"collection":[{"href":"http:\/\/www.tvturk.com\/index.php\/wp-json\/wp\/v2\/posts"}],"about":[{"href":"http:\/\/www.tvturk.com\/index.php\/wp-json\/wp\/v2\/types\/post"}],"author":[{"embeddable":true,"href":"http:\/\/www.tvturk.com\/index.php\/wp-json\/wp\/v2\/users\/1"}],"replies":[{"embeddable":true,"href":"http:\/\/www.tvturk.com\/index.php\/wp-json\/wp\/v2\/comments?post=255573"}],"version-history":[{"count":0,"href":"http:\/\/www.tvturk.com\/index.php\/wp-json\/wp\/v2\/posts\/255573\/revisions"}],"wp:featuredmedia":[{"embeddable":true,"href":"http:\/\/www.tvturk.com\/index.php\/wp-json\/wp\/v2\/media\/255574"}],"wp:attachment":[{"href":"http:\/\/www.tvturk.com\/index.php\/wp-json\/wp\/v2\/media?parent=255573"}],"wp:term":[{"taxonomy":"category","embeddable":true,"href":"http:\/\/www.tvturk.com\/index.php\/wp-json\/wp\/v2\/categories?post=255573"},{"taxonomy":"post_tag","embeddable":true,"href":"http:\/\/www.tvturk.com\/index.php\/wp-json\/wp\/v2\/tags?post=255573"}],"curies":[{"name":"wp","href":"https:\/\/api.w.org\/{rel}","templated":true}]}}