{"id":255615,"date":"2020-01-14T20:16:08","date_gmt":"2020-01-14T17:16:08","guid":{"rendered":"http:\/\/www.tvturk.com\/index.php\/katar-disisleri-bakani-el-sani-yarin-iraki-ziyaret-edecek\/"},"modified":"2020-01-14T20:16:08","modified_gmt":"2020-01-14T17:16:08","slug":"katar-disisleri-bakani-el-sani-yarin-iraki-ziyaret-edecek","status":"publish","type":"post","link":"http:\/\/www.tvturk.com\/index.php\/katar-disisleri-bakani-el-sani-yarin-iraki-ziyaret-edecek\/","title":{"rendered":"Katar D\u0131\u015fi\u015fleri Bakan\u0131 El-Sani, yar\u0131n Irak\u2019\u0131 ziyaret edecek"},"content":{"rendered":"<p>Katar D\u0131\u015fi\u015fleri Bakan\u0131 El-Sani\u2019nin \u0130ranl\u0131 General S\u00fcleymani\u2019nin Ba\u011fdat\u2019ta \u00f6ld\u00fcr\u00fclmesinin ard\u0131ndan b\u00f6lgede t\u0131rmanan ABD-\u0130ran gerilimini d\u00fc\u015f\u00fcrmek i\u00e7in yar\u0131n Ba\u011fdat\u2019\u0131 ziyaret edece\u011fi a\u00e7\u0131kland\u0131.<\/p>\n<p>Irak D\u0131\u015fi\u015fleri Bakanl\u0131\u011f\u0131 taraf\u0131ndan yap\u0131lan a\u00e7\u0131klamada, Katar D\u0131\u015fi\u015fleri Bakan\u0131 \u015eeyh Muhammed bin Abdurrahman El-Sani\u2019nin yar\u0131n Irak\u2019\u0131n ba\u015fkenti Ba\u011fdat\u2019a ziyarette bulunaca\u011f\u0131 ifade edildi. A\u00e7\u0131klamada, El-Sani\u2019nin Irak D\u0131\u015fi\u015fleri Bakan\u0131 Muhammed Ali el-Hekim ile bas\u0131n toplant\u0131s\u0131 ger\u00e7ekle\u015ftirece\u011fi de belirtildi.<\/p>\n<p>Katar\u2019dan diplomasi trafi\u011fi<\/p>\n<p>Katar D\u0131\u015fi\u015fleri Bakan\u0131 El-Sani\u2019nin Ba\u011fdat temaslar\u0131n\u0131n ard\u0131ndan K\u00fcrt yetkililerle g\u00f6r\u00fc\u015fmek \u00fczere Irak K\u00fcrt B\u00f6lgesel Y\u00f6netimi\u2019ni (IKBY) ziyaret etmesi bekleniyor.<\/p>\n<p>ABD\u2019nin 3 Ocak\u2019ta \u0130ranl\u0131 General Kas\u0131m S\u00fcleymani\u2019yi Ba\u011fdat\u2019ta d\u00fczenlenen operasyonla \u00f6ld\u00fcrmesinin ard\u0131ndan b\u00f6lgede artan gerilimi d\u00fc\u015f\u00fcrmeye \u00e7al\u0131\u015fan Katar,  yo\u011fun diplomasi trafi\u011fi ba\u015flatt\u0131.<\/p>\n<p>\u00d6te yandan Katar Emiri \u015eeyh Temim bin Hamed el- Sani de ge\u00e7ti\u011fimiz g\u00fcnlerde Tahran\u2019da \u0130ran Cumhurba\u015fkan\u0131 Ruhani ile bir araya gelmi\u015fti.<\/p>\n","protected":false},"excerpt":{"rendered":"<p>KATAR DI\u015e\u0130\u015eLER\u0130 BAKANI EL-SAN\u0130&#8217;N\u0130N \u0130RANLI GENERAL S\u00dcLEYMAN\u0130&#8217;N\u0130N BA\u011eDAT&#8217;TA \u00d6LD\u00dcR\u00dcLMES\u0130N\u0130N ARDINDAN B\u00d6LGEDE TIRMANAN ABD-\u0130RAN GER\u0130L\u0130M\u0130N\u0130 D\u00dc\u015e\u00dcRMEK \u0130\u00c7\u0130N YARIN BA\u011eDAT&#8217;I Z\u0130YARET EDECE\u011e\u0130 A\u00c7IKLANDI.<\/p>\n","protected":false},"author":1,"featured_media":255616,"comment_status":"closed","ping_status":"open","sticky":false,"template":"","format":"standard","meta":{"jetpack_post_was_ever_published":false,"_jetpack_newsletter_access":"","_jetpack_dont_email_post_to_subs":false,"_jetpack_newsletter_tier_id":0,"_jetpack_memberships_contains_paywalled_content":false,"_jetpack_memberships_contains_paid_content":false,"footnotes":"","jetpack_publicize_message":"","jetpack_publicize_feature_enabled":true,"jetpack_social_post_already_shared":true,"jetpack_social_options":{"image_generator_settings":{"template":"highway","default_image_id":0,"font":"","enabled":false},"version":2}},"categories":[10],"tags":[933,1498,4253,63209,26550,14937,2111,150],"class_list":["post-255615","post","type-post","status-publish","format-standard","has-post-thumbnail","hentry","category-dunya","tag-bakani","tag-disisleri","tag-edecek","tag-el-sani","tag-iraki","tag-katar","tag-yarin","tag-ziyaret"],"jetpack_publicize_connections":[],"jetpack_featured_media_url":"https:\/\/i0.wp.com\/www.tvturk.com\/wp-content\/uploads\/2020\/01\/katar-disisleri-bakani-el-sani-yarin-iraki-ziyaret-edecek_5352088.jpg?fit=920%2C667","jetpack_sharing_enabled":true,"jetpack_shortlink":"https:\/\/wp.me\/paKIfm-14uP","_links":{"self":[{"href":"http:\/\/www.tvturk.com\/index.php\/wp-json\/wp\/v2\/posts\/255615","targetHints":{"allow":["GET"]}}],"collection":[{"href":"http:\/\/www.tvturk.com\/index.php\/wp-json\/wp\/v2\/posts"}],"about":[{"href":"http:\/\/www.tvturk.com\/index.php\/wp-json\/wp\/v2\/types\/post"}],"author":[{"embeddable":true,"href":"http:\/\/www.tvturk.com\/index.php\/wp-json\/wp\/v2\/users\/1"}],"replies":[{"embeddable":true,"href":"http:\/\/www.tvturk.com\/index.php\/wp-json\/wp\/v2\/comments?post=255615"}],"version-history":[{"count":0,"href":"http:\/\/www.tvturk.com\/index.php\/wp-json\/wp\/v2\/posts\/255615\/revisions"}],"wp:featuredmedia":[{"embeddable":true,"href":"http:\/\/www.tvturk.com\/index.php\/wp-json\/wp\/v2\/media\/255616"}],"wp:attachment":[{"href":"http:\/\/www.tvturk.com\/index.php\/wp-json\/wp\/v2\/media?parent=255615"}],"wp:term":[{"taxonomy":"category","embeddable":true,"href":"http:\/\/www.tvturk.com\/index.php\/wp-json\/wp\/v2\/categories?post=255615"},{"taxonomy":"post_tag","embeddable":true,"href":"http:\/\/www.tvturk.com\/index.php\/wp-json\/wp\/v2\/tags?post=255615"}],"curies":[{"name":"wp","href":"https:\/\/api.w.org\/{rel}","templated":true}]}}