{"id":255646,"date":"2020-01-14T23:46:41","date_gmt":"2020-01-14T20:46:41","guid":{"rendered":"http:\/\/www.tvturk.com\/index.php\/prof-dr-usumezsoy-30-kilometrelik-bir-kanalin-acilmasi-depreme-sebep-olmaz\/"},"modified":"2020-01-14T23:46:41","modified_gmt":"2020-01-14T20:46:41","slug":"prof-dr-usumezsoy-30-kilometrelik-bir-kanalin-acilmasi-depreme-sebep-olmaz","status":"publish","type":"post","link":"http:\/\/www.tvturk.com\/index.php\/prof-dr-usumezsoy-30-kilometrelik-bir-kanalin-acilmasi-depreme-sebep-olmaz\/","title":{"rendered":"Prof. Dr. \u00dc\u015f\u00fcmezsoy: &#8220;30 kilometrelik bir kanal\u0131n a\u00e7\u0131lmas\u0131 depreme sebep olmaz&#8221;"},"content":{"rendered":"<p>B\u00fcy\u00fck\u00e7ekmece Belediyesi olas\u0131 Marmara depremine kar\u015f\u0131 vatanda\u015flar\u0131 bilin\u00e7lendirmek amac\u0131yla panel d\u00fczenledi. Deprem Bilimci Prof. Dr. \u015eener \u00dc\u015f\u00fcmezsoy, Kanal \u0130stanbul ile ilgili, &#8220;30 kilometrelik bir kanal\u0131n a\u00e7\u0131lmas\u0131 depreme sebep olmaz. \u0130kincisi zaten b\u00f6yle b\u00fcy\u00fck bir deprem yok, deprem olacak diyenler asl\u0131nda b\u00f6lgeyi imara a\u00e7\u0131lmay\u0131 planlayanlar&#8221; dedi.<\/p>\n<p>B\u00fcy\u00fck\u00e7ekmece Belediyesi olas\u0131 Marmara depremine kar\u015f\u0131 vatanda\u015flar\u0131 bilin\u00e7lendirmek amac\u0131yla \u201cMarmara B\u00f6lgesi\u2019nin Depremselli\u011finde B\u00fcy\u00fck\u00e7ekmece ve Civar\u0131n\u0131n \u00d6nemi\u201d paneline ev sahipli\u011fi yapt\u0131. Marmara depremine kar\u015f\u0131 haz\u0131rl\u0131klar\u0131n\u0131 aral\u0131ks\u0131z s\u00fcrd\u00fcren B\u00fcy\u00fck\u00e7ekmece Belediyesi, bir yandan kentsel d\u00f6n\u00fc\u015f\u00fcm \u00e7al\u0131\u015fmalar\u0131na h\u0131z verirken di\u011fer yandan il\u00e7e halk\u0131n\u0131 deprem konusunda bilin\u00e7lendiriyor. Bu kapsamda d\u00fczenlenen panelin konu\u015fmac\u0131s\u0131 Deprem Bilimci Prof. Dr. \u015eener \u00dc\u015f\u00fcmezsoy, beklenen Marmara depremi ve B\u00fcy\u00fck\u00e7ekmece\u2019nin \u00f6nemi hakk\u0131nda vatanda\u015flar\u0131 bilgilendirdi. Moderat\u00f6rl\u00fc\u011f\u00fcn\u00fc Prof. Dr. \u0130lhan Osman\u015fahin\u2019in yapt\u0131\u011f\u0131 deprem paneli B\u00fcy\u00fck\u00e7ekmece Atat\u00fcrk K\u00fclt\u00fcr Merkezi\u2019nde ger\u00e7ekle\u015fti. En \u00e7ok tart\u0131\u015f\u0131lan konular\u0131n ba\u015f\u0131nda gelen deprem konusunda ger\u00e7ekle\u015ftirilen panele vatanda\u015flar da yo\u011fun ilgi g\u00f6sterdi.<\/p>\n<p>\u201c30 kilometrelik bir kanal\u0131n a\u00e7\u0131lmas\u0131 depreme sebep olmaz\u201d<\/p>\n<p>Kanal \u0130stanbul Projesi\u2019ne de\u011finen Prof. Dr. \u015eener \u00dc\u015f\u00fcmezsoy, \u201cKanal \u0130stanbul\u2019u en iyi bilen ki\u015filer benim arkada\u015flar\u0131m yap\u0131lan projeyi onlar yapt\u0131lar ve \u0130spanyollara da dan\u0131\u015fmanl\u0131k yap\u0131lm\u0131\u015ft\u0131. Zemin dedi\u011fimiz K\u00fc\u00e7\u00fck\u00e7ekmece G\u00f6l\u2019\u00fc kuzeyinde Sazl\u0131bosna\u2019dan k\u0131y\u0131ya kadar Karaburun\u2019a kadar giden kesimde zeminin b\u00fcy\u00fck bir alan\u0131 sa\u011flam kayalar say\u0131lacak kesimden. 30 kilometrelik bir kanal\u0131n a\u00e7\u0131lmas\u0131 depreme sebep olmaz, ikincisi zaten b\u00f6yle b\u00fcy\u00fck bir deprem yok, deprem olacak diyenler asl\u0131nda b\u00f6lgeyi imara a\u00e7\u0131lmay\u0131 planlayanlar. Yerel sular a\u00e7\u0131s\u0131ndan bu kanal i\u00e7in iyice betonla kaplan\u0131rsa su s\u0131zd\u0131rmaz. Sazl\u0131bosna\u2019\u0131n kuzeyindeki alan Avc\u0131lar\u2019dan, Beylikd\u00fcz\u00fc\u2019nden daha sa\u011flam bir b\u00f6lge yani kanal\u0131n yap\u0131laca\u011f\u0131 alan\u201d dedi.<\/p>\n<p>\u00dc\u015f\u00fcmezsoy, \u201c\u0130stanbul\u2019da 99 depreminde Yalova- \u00c7\u0131narc\u0131k k\u0131y\u0131s\u0131nda bir deprem bekleyebilirdik ama 1894\u2019de oras\u0131 k\u0131r\u0131lm\u0131\u015f, 1912\u2019de Tekirda\u011f- Silivri k\u0131r\u0131lm\u0131\u015f k\u0131r\u0131lmayan bir tek kesim Kumburgaz \u00e7ukurundaki 35 kilometre. Burada en k\u00f6t\u00fc senaryolar bu k\u0131r\u0131lmayan kesimin 50 veya 70 kilometre Silivri \u00e7ukuruyla \u00c7\u0131narc\u0131k \u00e7ukuru aras\u0131nda 7.2\u2019lik depremi herkes s\u00f6yl\u00fcyor. O fay\u0131n do\u011fu kesimindeki fay olmad\u0131\u011f\u0131 i\u00e7in yaln\u0131zca Kumburgaz\u2019daki bu fay var. Kumburgaz\u2019daki fay ba\u015fl\u0131yor Yunanistan\u2019a kadar gidiyor, Yalova- \u00c7\u0131narc\u0131k\u2019taki fay \u0130zmit\u2019ten \u00e7\u0131karak Band\u0131rma\u2019ya do\u011fru gidiyor ortada B\u00fcy\u00fck\u00e7ekmece\u2019den Tuzla\u2019ya kadar giden kesimde bir fay yok. \u0130stanbul\u2019un bu b\u00f6lgesi o a\u00e7\u0131dan rahat\u201d \u015feklinde konu\u015ftu.<\/p>\n","protected":false},"excerpt":{"rendered":"<p>B\u00dcY\u00dcK\u00c7EKMECE BELED\u0130YES\u0130 OLASI MARMARA DEPREM\u0130NE KAR\u015eI VATANDA\u015eLARI B\u0130L\u0130N\u00c7LEND\u0130RMEK AMACIYLA PANEL D\u00dcZENLED\u0130. DEPREM B\u0130L\u0130MC\u0130 PROF. DR. \u015eENER \u00dc\u015e\u00dcMEZSOY, KANAL \u0130STANBUL \u0130LE \u0130LG\u0130L\u0130, &#8220;30 K\u0130LOMETREL\u0130K B\u0130R KANALIN A\u00c7ILMASI DEPREME SEBEP OLMAZ. \u0130K\u0130NC\u0130S\u0130 ZATEN B\u00d6YLE B\u00dcY\u00dcK B\u0130R DEPREM YOK, DEPREM OLACAK D\u0130YENLER ASLINDA B\u00d6LGEY\u0130 \u0130MARA A\u00c7ILMAYI PLANLAYANLAR&#8221; DED\u0130.<\/p>\n","protected":false},"author":1,"featured_media":255647,"comment_status":"closed","ping_status":"open","sticky":false,"template":"","format":"standard","meta":{"jetpack_post_was_ever_published":false,"_jetpack_newsletter_access":"","_jetpack_dont_email_post_to_subs":false,"_jetpack_newsletter_tier_id":0,"_jetpack_memberships_contains_paywalled_content":false,"_jetpack_memberships_contains_paid_content":false,"footnotes":"","jetpack_publicize_message":"","jetpack_publicize_feature_enabled":true,"jetpack_social_post_already_shared":true,"jetpack_social_options":{"image_generator_settings":{"template":"highway","default_image_id":0,"font":"","enabled":false},"version":2}},"categories":[1],"tags":[12077,21345,125,20238,279,8631,5441,12753,2750,12042,62834],"class_list":["post-255646","post","type-post","status-publish","format-standard","has-post-thumbnail","hentry","category-genel","tag-12077","tag-acilmasi","tag-bir","tag-depreme","tag-dr","tag-kanalin","tag-kilometrelik","tag-olmaz","tag-prof","tag-sebep","tag-usumezsoy"],"jetpack_publicize_connections":[],"jetpack_featured_media_url":"https:\/\/i0.wp.com\/www.tvturk.com\/wp-content\/uploads\/2020\/01\/prof-dr-usumezsoy-30-kilometrelik-bir-kanalin-acilmasi-depreme-sebep-olmaz_121cd9c.jpg?fit=1000%2C666","jetpack_sharing_enabled":true,"jetpack_shortlink":"https:\/\/wp.me\/paKIfm-14vk","_links":{"self":[{"href":"http:\/\/www.tvturk.com\/index.php\/wp-json\/wp\/v2\/posts\/255646","targetHints":{"allow":["GET"]}}],"collection":[{"href":"http:\/\/www.tvturk.com\/index.php\/wp-json\/wp\/v2\/posts"}],"about":[{"href":"http:\/\/www.tvturk.com\/index.php\/wp-json\/wp\/v2\/types\/post"}],"author":[{"embeddable":true,"href":"http:\/\/www.tvturk.com\/index.php\/wp-json\/wp\/v2\/users\/1"}],"replies":[{"embeddable":true,"href":"http:\/\/www.tvturk.com\/index.php\/wp-json\/wp\/v2\/comments?post=255646"}],"version-history":[{"count":0,"href":"http:\/\/www.tvturk.com\/index.php\/wp-json\/wp\/v2\/posts\/255646\/revisions"}],"wp:featuredmedia":[{"embeddable":true,"href":"http:\/\/www.tvturk.com\/index.php\/wp-json\/wp\/v2\/media\/255647"}],"wp:attachment":[{"href":"http:\/\/www.tvturk.com\/index.php\/wp-json\/wp\/v2\/media?parent=255646"}],"wp:term":[{"taxonomy":"category","embeddable":true,"href":"http:\/\/www.tvturk.com\/index.php\/wp-json\/wp\/v2\/categories?post=255646"},{"taxonomy":"post_tag","embeddable":true,"href":"http:\/\/www.tvturk.com\/index.php\/wp-json\/wp\/v2\/tags?post=255646"}],"curies":[{"name":"wp","href":"https:\/\/api.w.org\/{rel}","templated":true}]}}