{"id":255648,"date":"2020-01-14T23:47:37","date_gmt":"2020-01-14T20:47:37","guid":{"rendered":"http:\/\/www.tvturk.com\/index.php\/volkan-kaza-kadikoydeki-mac-daha-farkli-olacaktir\/"},"modified":"2020-01-14T23:47:37","modified_gmt":"2020-01-14T20:47:37","slug":"volkan-kaza-kadikoydeki-mac-daha-farkli-olacaktir","status":"publish","type":"post","link":"http:\/\/www.tvturk.com\/index.php\/volkan-kaza-kadikoydeki-mac-daha-farkli-olacaktir\/","title":{"rendered":"Volkan Kaza: &#8220;Kad\u0131k\u00f6y\u2019deki ma\u00e7 daha farkl\u0131 olacakt\u0131r&#8221;"},"content":{"rendered":"<p>Fenerbah\u00e7e Yard\u0131mc\u0131 Antren\u00f6r\u00fc Volkan Kazak, &#8220;Kad\u0131k\u00f6y\u2019deki ma\u00e7 daha farkl\u0131 olacakt\u0131r&#8221; dedi.<\/p>\n<p>Fenerbah\u00e7e, Ziraat T\u00fcrkiye Kupas\u0131 son 16 turu ilk ma\u00e7\u0131nda deplasmanda kar\u015f\u0131la\u015ft\u0131\u011f\u0131 Kayserispor ile 0-0 berabere kald\u0131. Ma\u00e7\u0131n ard\u0131ndan d\u00fczenlenen bas\u0131n toplant\u0131s\u0131nda konu\u015fan Fenerbah\u00e7e Yard\u0131mc\u0131 Antren\u00f6r\u00fc Volkan Kazak, &#8220;Zorlu ge\u00e7en bir kamp d\u00f6neminden sonra daha az s\u00fcre alan oyuncular\u0131m\u0131z\u0131 g\u00f6rme a\u00e7\u0131s\u0131ndan bizim i\u00e7in \u00f6nemli bir s\u0131nav oldu. Burada oynad\u0131\u011f\u0131m\u0131zda eksiklerimizi g\u00f6r\u00fcp bunlarla ilgili zaten gerekli \u00e7al\u0131\u015fmalar\u0131m\u0131z\u0131 yapaca\u011f\u0131z. Biliyorsunuz ki 2 ayakl\u0131 bir ma\u00e7. Kad\u0131k\u00f6y\u2019de bir ma\u00e7 daha var. Daha farkl\u0131 olacakt\u0131r. 6 haftal\u0131k zor bir lig s\u00fcreci de bizi bekliyor. Bu ma\u00e7larda oyuncular\u0131m\u0131z\u0131 en iyi \u015fekilde g\u00f6r\u00fcp gerekli b\u00fct\u00fcn \u00e7al\u0131\u015fmalar\u0131 yap\u0131p yolumuza devam edece\u011fiz&#8221; ifadelerini kulland\u0131.<\/p>\n","protected":false},"excerpt":{"rendered":"<p>FENERBAH\u00c7E YARDIMCI ANTREN\u00d6R\u00dc VOLKAN KAZAK, &#8220;KADIK\u00d6Y&#8217;DEK\u0130 MA\u00c7 DAHA FARKLI OLACAKTIR&#8221; DED\u0130.<\/p>\n","protected":false},"author":1,"featured_media":255649,"comment_status":"closed","ping_status":"open","sticky":false,"template":"","format":"standard","meta":{"jetpack_post_was_ever_published":false,"_jetpack_newsletter_access":"","_jetpack_dont_email_post_to_subs":false,"_jetpack_newsletter_tier_id":0,"_jetpack_memberships_contains_paywalled_content":false,"_jetpack_memberships_contains_paid_content":false,"footnotes":"","jetpack_publicize_message":"","jetpack_publicize_feature_enabled":true,"jetpack_social_post_already_shared":true,"jetpack_social_options":{"image_generator_settings":{"template":"highway","default_image_id":0,"font":"","enabled":false},"version":2}},"categories":[657],"tags":[944,1018,2606,20509,852,8380,30506],"class_list":["post-255648","post","type-post","status-publish","format-standard","has-post-thumbnail","hentry","category-spor","tag-mac","tag-daha","tag-farkli","tag-kadikoydeki","tag-kaza","tag-olacaktir","tag-volkan"],"jetpack_publicize_connections":[],"jetpack_featured_media_url":"https:\/\/i0.wp.com\/www.tvturk.com\/wp-content\/uploads\/2020\/01\/volkan-kaza-kadikoydeki-mac-daha-farkli-olacaktir_7fd6d13.jpg?fit=1000%2C750","jetpack_sharing_enabled":true,"jetpack_shortlink":"https:\/\/wp.me\/paKIfm-14vm","_links":{"self":[{"href":"http:\/\/www.tvturk.com\/index.php\/wp-json\/wp\/v2\/posts\/255648","targetHints":{"allow":["GET"]}}],"collection":[{"href":"http:\/\/www.tvturk.com\/index.php\/wp-json\/wp\/v2\/posts"}],"about":[{"href":"http:\/\/www.tvturk.com\/index.php\/wp-json\/wp\/v2\/types\/post"}],"author":[{"embeddable":true,"href":"http:\/\/www.tvturk.com\/index.php\/wp-json\/wp\/v2\/users\/1"}],"replies":[{"embeddable":true,"href":"http:\/\/www.tvturk.com\/index.php\/wp-json\/wp\/v2\/comments?post=255648"}],"version-history":[{"count":0,"href":"http:\/\/www.tvturk.com\/index.php\/wp-json\/wp\/v2\/posts\/255648\/revisions"}],"wp:featuredmedia":[{"embeddable":true,"href":"http:\/\/www.tvturk.com\/index.php\/wp-json\/wp\/v2\/media\/255649"}],"wp:attachment":[{"href":"http:\/\/www.tvturk.com\/index.php\/wp-json\/wp\/v2\/media?parent=255648"}],"wp:term":[{"taxonomy":"category","embeddable":true,"href":"http:\/\/www.tvturk.com\/index.php\/wp-json\/wp\/v2\/categories?post=255648"},{"taxonomy":"post_tag","embeddable":true,"href":"http:\/\/www.tvturk.com\/index.php\/wp-json\/wp\/v2\/tags?post=255648"}],"curies":[{"name":"wp","href":"https:\/\/api.w.org\/{rel}","templated":true}]}}