{"id":255657,"date":"2020-01-15T09:16:10","date_gmt":"2020-01-15T06:16:10","guid":{"rendered":"http:\/\/www.tvturk.com\/index.php\/ozel-genc-ogretmenlerin-suriyeli-cocuklar-icin-yardim-cagrisi-dev-bir-kampanyaya-donustu\/"},"modified":"2020-01-15T09:16:10","modified_gmt":"2020-01-15T06:16:10","slug":"ozel-genc-ogretmenlerin-suriyeli-cocuklar-icin-yardim-cagrisi-dev-bir-kampanyaya-donustu","status":"publish","type":"post","link":"http:\/\/www.tvturk.com\/index.php\/ozel-genc-ogretmenlerin-suriyeli-cocuklar-icin-yardim-cagrisi-dev-bir-kampanyaya-donustu\/","title":{"rendered":"(\u00d6zel) Gen\u00e7 \u00f6\u011fretmenlerin Suriyeli \u00e7ocuklar i\u00e7in yard\u0131m \u00e7a\u011fr\u0131s\u0131, dev bir kampanyaya d\u00f6n\u00fc\u015ft\u00fc"},"content":{"rendered":"<p>Esenler\u2019de bir grup \u00f6\u011fretmenin Suriye\u2019deki \u00e7ocuklar i\u00e7in ba\u015flatt\u0131klar\u0131 yard\u0131m kampanyas\u0131 \u00e7\u0131\u011f gibi b\u00fcy\u00fcd\u00fc. Kampanya kapsam\u0131nda be\u015f g\u00fcn i\u00e7inde toplanan 4 t\u0131r dolusu yard\u0131m malzemesi Azez\u2019deki \u00e7ocuklara g\u00f6nderildi.<\/p>\n<p>Suriyeli sivillerin s\u0131\u011f\u0131nd\u0131\u011f\u0131 Azez\u2019deki kamplarda ya\u015fayan ihtiya\u00e7 sahibi \u00e7ocuklar i\u00e7in bir grup g\u00f6n\u00fcll\u00fc \u00f6\u011fretmen yard\u0131m kampanyas\u0131 ba\u015flatt\u0131. Okul \u00f6ncesi \u00f6\u011fretmenli\u011fi yapan yard\u0131msever e\u011fitimciler ilk ba\u015fta kendi aralar\u0131nda oyuncak yard\u0131m\u0131 yapmak istedi. Daha sonra sadece oyuncak yard\u0131m\u0131 ile kalmamak i\u00e7in sosyal medyadan \u00e7a\u011fr\u0131da bulunan \u00f6\u011fretmenler vatanda\u015flardan destek istedi.<\/p>\n<p>T\u00fcrkiye\u2019nin her b\u00f6lgesinden yard\u0131m eli uzand\u0131<\/p>\n<p>G\u00f6n\u00fcll\u00fc \u00f6\u011fretmenlerin sosyal medya \u00fczerinden yapt\u0131\u011f\u0131 \u00e7a\u011fr\u0131ya \u00e7ok say\u0131da vatanda\u015ftan cevap geldi. T\u00fcrkiye\u2019nin her b\u00f6lgesinden elbise, oyuncak ve g\u0131da yard\u0131m\u0131 g\u00f6nderildi. Bir\u00e7ok hay\u0131rsever de bizzat Esenler\u2019e gelerek yard\u0131mda bulundu. Yap\u0131lan kampanya sonras\u0131 Azez\u2019deki ihtiya\u00e7 sahiplerine 4 t\u0131r dolusu yard\u0131m topland\u0131.<\/p>\n<p>&#8220;4 t\u0131r dolusu yard\u0131m malzemesi topland\u0131 ve sadece 5 g\u00fcn i\u00e7erisinde oldu&#8221;<\/p>\n<p>Yap\u0131lan yard\u0131m kampanyas\u0131n\u0131n \u00f6nc\u00fcs\u00fc olan \u00f6\u011fretmen \u0130lknur Da\u015fdemir, sadece be\u015f g\u00fcnde 4 t\u0131r dolusu yard\u0131m malzemesi geldi\u011fini belirterek, &#8220;Esenler\u2019de e\u011fitimci arkada\u015flarla birlikte, Azez m\u00fclteci kamp\u0131ndaki \u00e7ocuklara destek olmak amac\u0131yla bir \u00e7ocuk \u015fenli\u011fi yapmaya karar verdik. 15 tatilde, tatile gitmek yerine vaktimizi bu \u00e7ocuklar i\u00e7in ge\u00e7irmeye niyet ettik. Oradan gelen video ve foto\u011fraf kar\u015f\u0131s\u0131nda \u00e7ocuklar\u0131n asl\u0131nda oyun oynamaya de\u011fil, \u0131s\u0131nmaya ihtiyac\u0131 oldu\u011funu g\u00f6rd\u00fck. E\u015fimizden, dostumuzdan birka\u00e7 k\u0131yafet toplayarak oraya gidelim dedik. Sosyal medyaya bunlar\u0131 y\u00fckledi\u011fimizde de T\u00fcrkiye\u2019nin her yerinden milyonlarca giyim e\u015fyas\u0131 geldi. 4 t\u0131r dolusu yard\u0131m malzemesi topland\u0131 ve sadece 5 g\u00fcn i\u00e7erisinde oldu. Ben yard\u0131m g\u00f6nderen herkese \u00e7ok te\u015fekk\u00fcr ediyorum ve beni hi\u00e7 yaln\u0131z b\u0131rakmayan arkada\u015flar\u0131ma da te\u015fekk\u00fcr ediyorum&#8221; dedi.<\/p>\n<p>Yap\u0131lan kampanya kapsam\u0131nda toplanan 4 t\u0131r dolusu yard\u0131m malzemesi d\u00fcn ak\u015fam saatlerinde dualar e\u015fli\u011finde Azez\u2019e g\u00f6nderildi.<\/p>\n","protected":false},"excerpt":{"rendered":"<p>ESENLER\u2019DE B\u0130R GRUP \u00d6\u011eRETMEN\u0130N SUR\u0130YE\u2019DEK\u0130 \u00c7OCUKLAR \u0130\u00c7\u0130N BA\u015eLATTIKLARI YARDIM KAMPANYASI \u00c7I\u011e G\u0130B\u0130 B\u00dcY\u00dcD\u00dc. KAMPANYA KAPSAMINDA BE\u015e G\u00dcN \u0130\u00c7\u0130NDE TOPLANAN 4 TIR DOLUSU YARDIM MALZEMES\u0130 AZEZ\u2019DEK\u0130 \u00c7OCUKLARA G\u00d6NDER\u0130LD\u0130.<\/p>\n","protected":false},"author":1,"featured_media":255658,"comment_status":"closed","ping_status":"open","sticky":false,"template":"","format":"standard","meta":{"jetpack_post_was_ever_published":false,"_jetpack_newsletter_access":"","_jetpack_dont_email_post_to_subs":false,"_jetpack_newsletter_tier_id":0,"_jetpack_memberships_contains_paywalled_content":false,"_jetpack_memberships_contains_paid_content":false,"footnotes":"","jetpack_publicize_message":"","jetpack_publicize_feature_enabled":true,"jetpack_social_post_already_shared":true,"jetpack_social_options":{"image_generator_settings":{"template":"highway","default_image_id":0,"font":"","enabled":false},"version":2}},"categories":[1],"tags":[31592,1073,125,5140,252,3017,5276,803,44,41683,1036,1736],"class_list":["post-255657","post","type-post","status-publish","format-standard","has-post-thumbnail","hentry","category-genel","tag-kampanyaya","tag-ozel","tag-bir","tag-cagrisi","tag-cocuklar","tag-dev","tag-donustu","tag-genc","tag-icin","tag-ogretmenlerin","tag-suriyeli","tag-yardim"],"jetpack_publicize_connections":[],"jetpack_featured_media_url":"https:\/\/i0.wp.com\/www.tvturk.com\/wp-content\/uploads\/2020\/01\/ozel-genc-ogretmenlerin-suriyeli-cocuklar-icin-yardim-cagrisi-dev-bir-kampanyaya-donustu_aa1b81b.jpg?fit=1000%2C750","jetpack_sharing_enabled":true,"jetpack_shortlink":"https:\/\/wp.me\/paKIfm-14vv","_links":{"self":[{"href":"http:\/\/www.tvturk.com\/index.php\/wp-json\/wp\/v2\/posts\/255657","targetHints":{"allow":["GET"]}}],"collection":[{"href":"http:\/\/www.tvturk.com\/index.php\/wp-json\/wp\/v2\/posts"}],"about":[{"href":"http:\/\/www.tvturk.com\/index.php\/wp-json\/wp\/v2\/types\/post"}],"author":[{"embeddable":true,"href":"http:\/\/www.tvturk.com\/index.php\/wp-json\/wp\/v2\/users\/1"}],"replies":[{"embeddable":true,"href":"http:\/\/www.tvturk.com\/index.php\/wp-json\/wp\/v2\/comments?post=255657"}],"version-history":[{"count":0,"href":"http:\/\/www.tvturk.com\/index.php\/wp-json\/wp\/v2\/posts\/255657\/revisions"}],"wp:featuredmedia":[{"embeddable":true,"href":"http:\/\/www.tvturk.com\/index.php\/wp-json\/wp\/v2\/media\/255658"}],"wp:attachment":[{"href":"http:\/\/www.tvturk.com\/index.php\/wp-json\/wp\/v2\/media?parent=255657"}],"wp:term":[{"taxonomy":"category","embeddable":true,"href":"http:\/\/www.tvturk.com\/index.php\/wp-json\/wp\/v2\/categories?post=255657"},{"taxonomy":"post_tag","embeddable":true,"href":"http:\/\/www.tvturk.com\/index.php\/wp-json\/wp\/v2\/tags?post=255657"}],"curies":[{"name":"wp","href":"https:\/\/api.w.org\/{rel}","templated":true}]}}