{"id":255677,"date":"2020-01-15T09:46:22","date_gmt":"2020-01-15T06:46:22","guid":{"rendered":"http:\/\/www.tvturk.com\/index.php\/igdirda-zamana-direnen-meslek-kececilik\/"},"modified":"2020-01-15T09:46:22","modified_gmt":"2020-01-15T06:46:22","slug":"igdirda-zamana-direnen-meslek-kececilik","status":"publish","type":"post","link":"http:\/\/www.tvturk.com\/index.php\/igdirda-zamana-direnen-meslek-kececilik\/","title":{"rendered":"I\u011fd\u0131r\u2019da zamana direnen meslek: Ke\u00e7ecilik"},"content":{"rendered":"<p>I\u011fd\u0131r\u2019da 30 y\u0131ldan daha uzun s\u00fcredir ke\u00e7ecilik yapan Veysel Balc\u0131, kaybolmaya y\u00fcz tutan mesle\u011fi ya\u015fatmaya \u00e7al\u0131\u015f\u0131yor.<\/p>\n<p>Geli\u015fen end\u00fcstri ve geni\u015fleyen pazar alanlar\u0131 ile unutulmaya y\u00fcz tutan mesleklerin ba\u015f\u0131nda gelen ke\u00e7ecilik, her \u015feye ra\u011fmen zamana direnmeyi s\u00fcrd\u00fcr\u00fcyor. Bir zamanlar evlerin ba\u015fk\u00f6\u015felerinde yer alan ke\u00e7e, kilim ve hal\u0131lar fabrika \u00fcr\u00fcnlerine kar\u015f\u0131 var olmaya devam ediyor. 35 seneden beri ke\u00e7ecilikle u\u011fra\u015fan Veysel Balc\u0131, bir zamanlar evlerin vazge\u00e7ilmezi olan ke\u00e7eleri \u015fimdi \u00e7o\u011funlukla da\u011flarda hayvanlar\u0131 g\u00fcden \u00e7obanlar\u0131n so\u011fuktan korunmak i\u00e7in tercih etti\u011fini s\u00f6yledi. Balc\u0131, &#8220;Baba mesle\u011fini devam ettiriyoruz. Ben yakla\u015f\u0131k 35 y\u0131ld\u0131r bu mesle\u011fin i\u00e7indeyim. Eskiden ke\u00e7ecili\u011fe \u00e7ok ra\u011fbet vard\u0131. \u015eu anda ra\u011fbet eskisi gibi de\u011fil\u201d dedi.<\/p>\n<p>\u201cBu meslekle u\u011fra\u015fanlar\u0131n say\u0131s\u0131  azal\u0131yor\u201d<\/p>\n<p>Sat\u0131\u015flar\u0131n eskiden \u00e7ok iyi oldu\u011funu, \u015fimdilerde ise durma noktas\u0131na geldi\u011fini belirten Balc\u0131, \u201cSat\u0131\u015f olmad\u0131\u011f\u0131 i\u00e7in bu meslekle u\u011fra\u015fanlar\u0131n say\u0131s\u0131 da azal\u0131yor. Eskiden ke\u00e7ecilik yapan dokuz ki\u015fiydik. \u015eimdi bu mesle\u011fi ben tek yap\u0131yorum. Normalde tek oldu\u011fum i\u00e7in \u015fu an ba\u015f\u0131m\u0131z\u0131 ka\u015f\u0131yacak zaman\u0131z olmamal\u0131yd\u0131. Ama bazen 2 ay, bazen 3 ay siftah etmedi\u011fimiz g\u00fcnler oluyor. Y\u0131l\u0131n 3-4 ay\u0131 \u00e7al\u0131\u015f\u0131yor, di\u011fer aylarda ise oturuyoruz. Zaten kazand\u0131\u011f\u0131m\u0131z\u0131 da giderlerimize veriyoruz\u201d dedi.<\/p>\n<p>\u201cDevletimizden destek istiyoruz\u201d<\/p>\n<p>Eskiden ke\u00e7ecili\u011fe ra\u011fbetin y\u00fcksek oldu\u011funu belirten Balc\u0131, \u201cBabalar\u0131m\u0131z annelerimiz zaman\u0131nda y\u00fcn yatak yap\u0131l\u0131rd\u0131. \u015eu anda her \u015fey elyaf olmu\u015f, naylon olmu\u015f. Maliyet artm\u0131\u015f, eskiden usta \u00e7\u0131rak \u00e7oktu. \u015eimdi ne i\u015f\u00e7i bulabiliyoruz ne de \u00e7\u0131rak bulabiliyoruz. Bizim neslimiz t\u00fckenmek \u00fczere. Devletimiz bize bir el atsa, bize bir yard\u0131m etseler \u00e7ok sevinece\u011fiz ama bize destek veren yok\u201d dedi.<\/p>\n","protected":false},"excerpt":{"rendered":"<p>I\u011eDIR\u2019DA 30 YILDAN DAHA UZUN S\u00dcRED\u0130R KE\u00c7EC\u0130L\u0130K YAPAN VEYSEL BALCI, KAYBOLMAYA Y\u00dcZ TUTAN MESLE\u011e\u0130 YA\u015eATMAYA \u00c7ALI\u015eIYOR.<\/p>\n","protected":false},"author":1,"featured_media":255678,"comment_status":"closed","ping_status":"open","sticky":false,"template":"","format":"standard","meta":{"jetpack_post_was_ever_published":false,"_jetpack_newsletter_access":"","_jetpack_dont_email_post_to_subs":false,"_jetpack_newsletter_tier_id":0,"_jetpack_memberships_contains_paywalled_content":false,"_jetpack_memberships_contains_paid_content":false,"footnotes":"","jetpack_publicize_message":"","jetpack_publicize_feature_enabled":true,"jetpack_social_post_already_shared":true,"jetpack_social_options":{"image_generator_settings":{"template":"highway","default_image_id":0,"font":"","enabled":false},"version":2}},"categories":[1],"tags":[14431,1645,63218,4030,26381],"class_list":["post-255677","post","type-post","status-publish","format-standard","has-post-thumbnail","hentry","category-genel","tag-direnen","tag-igdirda","tag-kececilik","tag-meslek","tag-zamana"],"jetpack_publicize_connections":[],"jetpack_featured_media_url":"https:\/\/i0.wp.com\/www.tvturk.com\/wp-content\/uploads\/2020\/01\/igdirda-zamana-direnen-meslek-kececilik_8e9ae2d.jpg?fit=1000%2C666","jetpack_sharing_enabled":true,"jetpack_shortlink":"https:\/\/wp.me\/paKIfm-14vP","_links":{"self":[{"href":"http:\/\/www.tvturk.com\/index.php\/wp-json\/wp\/v2\/posts\/255677","targetHints":{"allow":["GET"]}}],"collection":[{"href":"http:\/\/www.tvturk.com\/index.php\/wp-json\/wp\/v2\/posts"}],"about":[{"href":"http:\/\/www.tvturk.com\/index.php\/wp-json\/wp\/v2\/types\/post"}],"author":[{"embeddable":true,"href":"http:\/\/www.tvturk.com\/index.php\/wp-json\/wp\/v2\/users\/1"}],"replies":[{"embeddable":true,"href":"http:\/\/www.tvturk.com\/index.php\/wp-json\/wp\/v2\/comments?post=255677"}],"version-history":[{"count":0,"href":"http:\/\/www.tvturk.com\/index.php\/wp-json\/wp\/v2\/posts\/255677\/revisions"}],"wp:featuredmedia":[{"embeddable":true,"href":"http:\/\/www.tvturk.com\/index.php\/wp-json\/wp\/v2\/media\/255678"}],"wp:attachment":[{"href":"http:\/\/www.tvturk.com\/index.php\/wp-json\/wp\/v2\/media?parent=255677"}],"wp:term":[{"taxonomy":"category","embeddable":true,"href":"http:\/\/www.tvturk.com\/index.php\/wp-json\/wp\/v2\/categories?post=255677"},{"taxonomy":"post_tag","embeddable":true,"href":"http:\/\/www.tvturk.com\/index.php\/wp-json\/wp\/v2\/tags?post=255677"}],"curies":[{"name":"wp","href":"https:\/\/api.w.org\/{rel}","templated":true}]}}