{"id":255723,"date":"2020-01-15T10:31:56","date_gmt":"2020-01-15T07:31:56","guid":{"rendered":"http:\/\/www.tvturk.com\/index.php\/turkiye-ve-avrupanin-ilk-ihmal-ve-istismari-onleme-merkezi-izmirde\/"},"modified":"2020-01-15T10:31:56","modified_gmt":"2020-01-15T07:31:56","slug":"turkiye-ve-avrupanin-ilk-ihmal-ve-istismari-onleme-merkezi-izmirde","status":"publish","type":"post","link":"http:\/\/www.tvturk.com\/index.php\/turkiye-ve-avrupanin-ilk-ihmal-ve-istismari-onleme-merkezi-izmirde\/","title":{"rendered":"T\u00fcrkiye ve Avrupa\u2019n\u0131n ilk \u2018\u0130hmal ve \u0130stismar\u0131 \u00d6nleme Merkezi\u2019 \u0130zmir\u2019de"},"content":{"rendered":"<p>Saadet \u00d6\u011fretmen \u00c7ocuk \u0130stismar\u0131 ile M\u00fccadele Derne\u011fi (UC\u0130M), T\u00fcrkiye ve Avrupa\u2019da ilk \u2018\u0130hmal ve \u0130stismar\u0131 \u00d6nleme Merkezini \u0130zmir\u2019de kuracak. 6 y\u0131l \u00f6nce \u0130zmir Menderes\u2019te \u00f6\u011frencilere cinsel istismarda bulunan okul m\u00fcd\u00fcr\u00fcn\u00fcn yarg\u0131lanmas\u0131n\u0131 sa\u011flayan dernek ba\u015fkan\u0131 ve \u00f6\u011fretmen Saadet \u00d6zkan, \u201cBiz \u2018olduktan sonra a\u011flamayal\u0131m\u2019 diyoruz. \u2018Adliye koridorlar\u0131nda \u00e7ocuklar olmas\u0131n\u2019 diyoruz. B\u00fcy\u00fck bir g\u00f6n\u00fcll\u00fc insan ile ordusu halk\u0131n aya\u011f\u0131na gidece\u011fiz\u201d dedi.<\/p>\n<p>\u0130zmir Menderes\u2019te \u00f6\u011frencilere cinsel istismarda bulunan okul m\u00fcd\u00fcr\u00fcn\u00fcn yarg\u0131lanmas\u0131n\u0131 sa\u011flayan \u00f6\u011fretmen Saadet \u00d6zkan, UC\u0130M olarak T\u00fcrkiye ve Avrupa\u2019da ilk \u2018\u0130hmal ve \u0130stismar\u0131 \u00d6nleme Merkezi\u2019ni \u0130zmir\u2019de kuracaklar\u0131n\u0131 s\u00f6yledi. Merkezin \u0130zmir\u2019in ard\u0131ndan \u0130stanbul\u2019da ve daha sonra \u00e7e\u015fitli \u015fehirlerde a\u00e7\u0131laca\u011f\u0131n\u0131 kaydeden dernek ba\u015fkan\u0131 \u00d6zkan, ba\u015fta \u00e7ocuklar ve ebeveynler olmak \u00fczere \u00e7e\u015fitli meslek gruplar\u0131na sahada e\u011fitimler vereceklerini, ihmal ve istismar \u00fczerine kamu spotlar\u0131, videolar, kitap\u00e7\u0131klar haz\u0131rlayacaklar\u0131n\u0131, internet \u00fczerinden ve sahada bizzat ki\u015filere ula\u015facaklar\u0131n\u0131 ifade etti.<\/p>\n<p>\u201cCiddi bir insan g\u00fcc\u00fc ve bilim ordusu kurduk\u201d<\/p>\n<p>T\u00fcrkiye ve Avrupa\u2019da istismar ve ihmali \u00f6nleme merkezlerinin olmad\u0131\u011f\u0131n\u0131 belirten Saadet \u00d6\u011fretmen, \u201cSadece Amerika\u2019da \u00f6rne\u011fi var. \u0130zmir\u2019deki merkezimizde, \u00f6zellikle ebeveynler, \u00e7ocuklar, muhtarlar, avukatlar, doktorlar, sa\u011fl\u0131k \u00e7al\u0131\u015fanlar\u0131 ve \u00f6\u011fretmenlere e\u011fitimler vererek b\u00fcy\u00fck bir kapasite ile \u00e7al\u0131\u015faca\u011f\u0131z. Sadece \u0130zmir\u2019de 4 bin \u00fcyemiz var ve \u00fcyelerimize e\u011fitimlerimizi verdik. Psikologlar ve uzman arkada\u015flar\u0131m\u0131zla \u00e7al\u0131\u015fmalara ba\u015flayaca\u011f\u0131z. \u00c7ok b\u00fcy\u00fck bir avukat \u00fcye kitlemiz var. E\u011fitimden ge\u00e7irip \u00e7ocuklarla ilgili \u00e7al\u0131\u015fmalar\u0131m\u0131z\u0131 yapaca\u011f\u0131z. \u0130hmal ve istismar\u0131n b\u00fct\u00fcn t\u00fcrleri ile ilgili e\u011fitimler verilecek. Biz \u2018olduktan sonra a\u011flamayal\u0131m\u2019 diyoruz. \u2018Adliye koridorlar\u0131nda \u00e7ocuklar olmas\u0131n\u2019 diyoruz. Bu \u00f6nleme merkezi ile \u00e7ok geni\u015f bir \u00e7al\u0131\u015fma alan\u0131 sa\u011flayaca\u011f\u0131z. Bu bizim elimizde verilerin olu\u015fmas\u0131n\u0131 ve bu veriler sonucunda yol ve y\u00f6ntemlerimizi belirlememizi sa\u011flayacak. Biz \u00f6nleme merkezinden \u00f6nce UC\u0130M olarak da zaten \u00e7ok \u00e7al\u0131\u015fma yapt\u0131k. T\u00fcrkiye genelinde bin 600\u2019e yak\u0131n etkinlik d\u00fczenledik. Bunlar\u0131 da bir fon almadan yapt\u0131k. \u00c7ok ciddi bir insan g\u00fcc\u00fc ve bilim ordusu kurduk. Bu bilim ordusu da bizi bug\u00fcn buralara getirdi\u201d diye konu\u015ftu.<\/p>\n<p>\u201cBir\u00e7ok ki\u015fi Alo 183\u2019\u00fc bilmiyor\u201d<\/p>\n<p>T\u00fcrkiye genelinde UC\u0130M olarak 33 bin ki\u015fi olduklar\u0131n\u0131, sadece \u0130zmir\u2019de 4 bin \u00fcyelerinin bulundu\u011funu kaydeden Saadet \u00d6zkan, UC\u0130M \u0130hmal ve \u0130stismar\u0131 \u00d6nleme Merkezi haberi sonras\u0131 \u00fc\u00e7 g\u00fcn i\u00e7erisinde 180 uzman\u0131n g\u00f6n\u00fcll\u00fc olarak m\u00fcracaat etti\u011fini belirtti. Menderes\u2019te \u00f6\u011frencilere cinsel istismarda bulunan okul m\u00fcd\u00fcr\u00fcn\u00fcn yarg\u0131lanmas\u0131n\u0131 sa\u011flamas\u0131 hakk\u0131nda konu\u015fan Saadet \u00d6\u011fretmen, \u015funlar\u0131 s\u00f6yledi:<\/p>\n<p>&#8220;Ben bu durumu g\u00f6rd\u00fc\u011f\u00fcmde asl\u0131nda bu zeminde ne kadar bilgi eksikli\u011fi ya\u015fad\u0131\u011f\u0131m\u0131z\u0131 g\u00f6rd\u00fcm. \u00c7ocu\u011fun defalarca dinlendi\u011fini, davalar\u0131n h\u0131zl\u0131 bitmedi\u011fini g\u00f6rd\u00fcm. Bu \u00e7ocuklar, rehber \u00f6\u011fretmenli\u011finde, jandarmada, bir\u00e7ok yerde dinlenerek ikinci travmalara maruz kald\u0131. Bunu bizzat ya\u015fad\u0131k. Bu \u00e7ocuklar\u0131n ya\u015fad\u0131\u011f\u0131 \u00e7ileyi g\u00f6rd\u00fcm. Farkl\u0131 \u00fclkelerden bana ula\u015fanlar oldu\u011funda, bu konuya g\u00f6n\u00fcl vermi\u015f akademilerin, \u00fcniversitelerin de etkisiyle adalet sisteminin nas\u0131l \u00e7ocu\u011fa daha uygun hale gelebilece\u011fini de g\u00f6rm\u00fc\u015f biriyim. \u00d6nleme merkezi, \u00f6\u011fretmenlerin bu t\u00fcr bir durumda bu durumu nereye bildirmeleri gerekti\u011fi ile ilgili e\u011fitimleri de kapsayacak. Ayr\u0131ca ebeveynler ve \u00e7ocuklar e\u011fitim alacak. \u00c7ocuklara \u2018biri sana k\u00f6t\u00fc dokunursa s\u00f6yle\u2019 diyoruz ama \u00e7ocuk k\u00f6t\u00fc dokunman\u0131n ne oldu\u011funu, nas\u0131l izah edilece\u011fini bilmiyor. Bu e\u011fitimleri verdi\u011fimizde, \u00e7ocuk b\u00f6yle bir durumda yard\u0131m \u00e7a\u011fr\u0131s\u0131n\u0131 ya da b\u00f6yle bir durumda nas\u0131l kar\u015f\u0131 koymas\u0131 gerekti\u011fini, bunu nelere ihbar etmesi gerekti\u011fini bilecek. \u00dclkemizde hala bir\u00e7ok ki\u015fi Alo 183\u2019\u00fc bilmiyor. Bizim \u00e7ocu\u011fu koruyan bir bakanl\u0131\u011f\u0131m\u0131z var. Biz bunlar\u0131 anlataca\u011f\u0131z.\u201d<\/p>\n<p>\u201cSeferber edece\u011fiz\u201d<\/p>\n<p>\u0130hmal ve istismar konusunun \u00e7ok geni\u015f kapsaml\u0131 oldu\u011funu kaydeden Saadet \u00d6\u011fretmen, s\u00f6zlerini \u015f\u00f6yle s\u00fcrd\u00fcrd\u00fc:<\/p>\n<p>\u201cBunun i\u00e7inde hukuk, t\u0131p, sosyal hizmet, psikoloji var. Biz bu alanlar\u0131n hepsini seferber edece\u011fiz. B\u00fcy\u00fck bir g\u00f6n\u00fcll\u00fc insan ordusu ile e\u011fitimler, bro\u015f\u00fcrler, kitap\u00e7\u0131klar ile toplumu bilin\u00e7lendirece\u011fiz. Videolar, kamu spotlar\u0131, sunumlar haz\u0131rl\u0131yoruz. Biz interneti, sosyal medyay\u0131, h\u0131zl\u0131 eri\u015fimi sa\u011flayan gen\u00e7 bir yap\u0131y\u0131z. Bu gen\u00e7 kitleye nas\u0131l seslenece\u011fimizi de \u00e7ok iyi biliyoruz. T\u00fcrkiye hukuk koordinat\u00f6r\u00fcm\u00fcz, merkezimizden bir tu\u015fla b\u00fct\u00fcn avukatlar\u0131m\u0131za ula\u015fabilecek. \u015eubatta \u0130zmir\u2019de ba\u015fl\u0131yoruz. Ard\u0131ndan \u0130stanbul ve \u00e7e\u015fitli \u015fehirlerde merkezlerimizi a\u00e7aca\u011f\u0131z.\u201d<\/p>\n<p>\u201cTopyekun bir \u00e7al\u0131\u015fma olacak\u201d<\/p>\n<p>\u0130nsanlara \u00f6ncelikle cesaret vereceklerini ifade eden \u00d6zkan, \u201cBiz bu durumu ya\u015fayan ki\u015filere zaten destek veriyoruz. \u00d6nleme merkezi davalarda da olacak. Onlara destek devam edecek. Bunun d\u0131\u015f\u0131nda bu durumla kar\u015f\u0131la\u015fan ailelere de destek verece\u011fiz. \u2018\u0130stismara u\u011frayan \u00e7ocuk ileride istismarc\u0131 olur\u2019 deniyor. Hay\u0131r \u00f6yle de\u011fil. Biz bu \u00e7ocuklara umut a\u015f\u0131lamal\u0131y\u0131z. Bu k\u0131ymetli \u00e7ocuklar\u0131m\u0131z doktor, avukat oluyorlar. Onlar\u0131n ilham veren hikayelerini topluma anlatmal\u0131, b\u00f6yle bir durumla kar\u015f\u0131la\u015ft\u0131klar\u0131nda asl\u0131nda her \u015feyin bitmi\u015f olmad\u0131\u011f\u0131n\u0131 g\u00f6stermek zorunday\u0131z. Topyekun bir \u00e7al\u0131\u015fma olacak. \u0130hmal ve istismar\u0131 \u00f6nleme \u00e7al\u0131\u015fmalar\u0131n\u0131n yan\u0131 s\u0131ra ihmal ve istismara maruz kalanlara ve onlar\u0131n ailelerine de destek olmaya devam edece\u011fiz\u201d dedi.<\/p>\n<p>&#8220;Akademide \u00f6\u011frenilenleri halka \u00e7\u0131karak anlataca\u011f\u0131z\u201d<\/p>\n<p>Cinsel istismar ve istismar\u0131n y\u00fczde 80\u2019inin yak\u0131nlardan geldi\u011fini dile getiren \u00d6zkan, \u201cBazen \u00f6\u011fretmen, bazen \u00f6z baba, bazen dede, amca ve day\u0131dan gelebiliyor. Burada bunu da anlataca\u011f\u0131z. B\u00f6yle bir durumda \u00e7ocu\u011fun nas\u0131l sessizle\u015fti\u011fini anlataca\u011f\u0131z. \u00c7ocuklar\u0131 g\u00f6zlemlemeyi \u00f6\u011fretece\u011fiz. Biz bunu ortaya \u00e7\u0131kard\u0131k\u00e7a \u00e7ok \u00e7ocu\u011fu kurtaraca\u011f\u0131z. \u0130nsanlar \u00e7ocuklar\u0131 nas\u0131l sevmeleri gerekti\u011fini de \u00f6\u011frenecekler. Akademide \u00f6\u011frenilenleri halka \u00e7\u0131karak anlataca\u011f\u0131z. \u00c7\u00fcnk\u00fc biz halka \u00e7\u0131kt\u0131\u011f\u0131m\u0131z zaman bu durumun \u00f6n\u00fcne ge\u00e7eriz. Durmadan \u00e7al\u0131\u015fmal\u0131y\u0131z. \u00c7aresizsek \u00e7are biziz. \u00c7are bizim bunu do\u011fru anlatmam\u0131zda. Kaybetmekten korkanlar de\u011fil m\u00fccadele edenler kazan\u0131r. \u2018Biz \u00e7ocuklar konu\u015facak, UC\u0130M yanlar\u0131nda olacak\u2019 diyoruz. D\u00fcn\u00fcn \u00e7ocuklar\u0131 olan gen\u00e7lerle, bug\u00fcn\u00fcn \u00e7ocuklar\u0131n\u0131 kurtaraca\u011f\u0131z. Biz halk\u0131n ayaklar\u0131na gidece\u011fiz. Direkt sahada yanlar\u0131nda olaca\u011f\u0131z. Bize ve devlet makamlar\u0131na nas\u0131l ula\u015facaklar\u0131n\u0131 \u00f6\u011fretece\u011fiz\u201d diye konu\u015ftu.<\/p>\n","protected":false},"excerpt":{"rendered":"<p>\u0130ZM\u0130R MENDERES\u2019TE \u00d6\u011eRENC\u0130LERE C\u0130NSEL \u0130ST\u0130SMARDA BULUNAN OKUL M\u00dcD\u00dcR\u00dcN\u00dcN YARGILANMASINI SA\u011eLAYAN \u00d6\u011eRETMEN SAADET \u00d6ZKAN, UC\u0130M OLARAK T\u00dcRK\u0130YE VE AVRUPA\u2019DA \u0130LK \u2018\u0130HMAL VE \u0130ST\u0130SMARI \u00d6NLEME MERKEZ\u0130\u2019N\u0130 \u0130ZM\u0130R\u2019DE KURACAKLARINI S\u00d6YLED\u0130.<\/p>\n","protected":false},"author":1,"featured_media":255724,"comment_status":"closed","ping_status":"open","sticky":false,"template":"","format":"standard","meta":{"jetpack_post_was_ever_published":false,"_jetpack_newsletter_access":"","_jetpack_dont_email_post_to_subs":false,"_jetpack_newsletter_tier_id":0,"_jetpack_memberships_contains_paywalled_content":false,"_jetpack_memberships_contains_paid_content":false,"footnotes":"","jetpack_publicize_message":"","jetpack_publicize_feature_enabled":true,"jetpack_social_post_already_shared":true,"jetpack_social_options":{"image_generator_settings":{"template":"highway","default_image_id":0,"font":"","enabled":false},"version":2}},"categories":[1],"tags":[6082,23589,37,42157,1554,295,43820,453],"class_list":["post-255723","post","type-post","status-publish","format-standard","has-post-thumbnail","hentry","category-genel","tag-avrupanin","tag-ihmal","tag-ilk","tag-istismari","tag-izmirde","tag-merkezi","tag-onleme","tag-turkiye"],"jetpack_publicize_connections":[],"jetpack_featured_media_url":"https:\/\/i0.wp.com\/www.tvturk.com\/wp-content\/uploads\/2020\/01\/turkiye-ve-avrupanin-ilk-ihmal-ve-istismari-onleme-merkezi-izmirde_babae15.jpg?fit=1000%2C669","jetpack_sharing_enabled":true,"jetpack_shortlink":"https:\/\/wp.me\/paKIfm-14wz","_links":{"self":[{"href":"http:\/\/www.tvturk.com\/index.php\/wp-json\/wp\/v2\/posts\/255723","targetHints":{"allow":["GET"]}}],"collection":[{"href":"http:\/\/www.tvturk.com\/index.php\/wp-json\/wp\/v2\/posts"}],"about":[{"href":"http:\/\/www.tvturk.com\/index.php\/wp-json\/wp\/v2\/types\/post"}],"author":[{"embeddable":true,"href":"http:\/\/www.tvturk.com\/index.php\/wp-json\/wp\/v2\/users\/1"}],"replies":[{"embeddable":true,"href":"http:\/\/www.tvturk.com\/index.php\/wp-json\/wp\/v2\/comments?post=255723"}],"version-history":[{"count":0,"href":"http:\/\/www.tvturk.com\/index.php\/wp-json\/wp\/v2\/posts\/255723\/revisions"}],"wp:featuredmedia":[{"embeddable":true,"href":"http:\/\/www.tvturk.com\/index.php\/wp-json\/wp\/v2\/media\/255724"}],"wp:attachment":[{"href":"http:\/\/www.tvturk.com\/index.php\/wp-json\/wp\/v2\/media?parent=255723"}],"wp:term":[{"taxonomy":"category","embeddable":true,"href":"http:\/\/www.tvturk.com\/index.php\/wp-json\/wp\/v2\/categories?post=255723"},{"taxonomy":"post_tag","embeddable":true,"href":"http:\/\/www.tvturk.com\/index.php\/wp-json\/wp\/v2\/tags?post=255723"}],"curies":[{"name":"wp","href":"https:\/\/api.w.org\/{rel}","templated":true}]}}