{"id":255751,"date":"2020-01-15T11:16:18","date_gmt":"2020-01-15T08:16:18","guid":{"rendered":"http:\/\/www.tvturk.com\/index.php\/abd-japonya-ve-guney-kore-disisleri-bakanlarindan-uclu-zirve\/"},"modified":"2020-01-15T11:16:18","modified_gmt":"2020-01-15T08:16:18","slug":"abd-japonya-ve-guney-kore-disisleri-bakanlarindan-uclu-zirve","status":"publish","type":"post","link":"http:\/\/www.tvturk.com\/index.php\/abd-japonya-ve-guney-kore-disisleri-bakanlarindan-uclu-zirve\/","title":{"rendered":"ABD, Japonya ve G\u00fcney Kore d\u0131\u015fi\u015fleri bakanlar\u0131ndan \u00fc\u00e7l\u00fc zirve"},"content":{"rendered":"<p>ABD D\u0131\u015fi\u015fleri Bakan\u0131 Mike Pompeo, Japonya D\u0131\u015fi\u015fleri Bakan\u0131 Toshimitsu Motegi ve G\u00fcney Kore D\u0131\u015fi\u015fleri Bakan\u0131 Kang Kyung-wha Kuzey Kore\u2019yi g\u00f6r\u00fc\u015fmek \u00fczere bir araya geldi.<\/p>\n<p>ABD D\u0131\u015fi\u015fleri Bakan\u0131 Mike Pompeo, Japonya D\u0131\u015fi\u015fleri Bakan\u0131 Toshimitsu Motegi ve G\u00fcney Kore D\u0131\u015fi\u015fleri Bakan\u0131 Kang Kyung-wha\u2019n\u0131n d\u00fcn ABD\u2019nin San Francisco \u015fehrinde bir araya geldi\u011fi bildirildi. G\u00f6r\u00fc\u015fmenin detaylar\u0131na ili\u015fkin bilgi payla\u015f\u0131lmazken, Kuzey Kore\u2019nin n\u00fckleersizle\u015fmesi s\u00fcrecini masaya yat\u0131rd\u0131klar\u0131 \u00f6\u011frenilen \u00fc\u00e7l\u00fcn\u00fcn, Pyongyang\u2019\u0131n n\u00fckleer silahlardan ar\u0131nd\u0131r\u0131lmas\u0131 i\u00e7in i\u015fbirli\u011fini s\u00fcrd\u00fcrme konusunda mutab\u0131k kald\u0131klar\u0131 belirtildi. Toplant\u0131da Pompeo, Motegi ve Kang\u2019\u0131n, Kuzey Kore\u2019ye y\u00f6nelik Birle\u015fmi\u015f Milletler (BM) yapt\u0131r\u0131mlar\u0131n\u0131n eksiksiz uygulanmas\u0131na y\u00f6nelik kararl\u0131l\u0131klar\u0131n\u0131 da yineledikleri tahmin ediliyor.<\/p>\n<p>Beklenen g\u00f6r\u00fc\u015fme<\/p>\n<p>Ge\u00e7ti\u011fimiz ay ABD diplomatik kaynaklardan yap\u0131lan a\u00e7\u0131klamada, ABD D\u0131\u015fi\u015fleri Bakan\u0131 Mike Pompeo ile Japonya D\u0131\u015fi\u015fleri Bakan\u0131 Toshimitsu Motegi\u2019nin bu ay bir araya gelece\u011fi belirtilmi\u015f, G\u00fcney Kore D\u0131\u015fi\u015fleri Bakan\u0131 Kang Kyung-wha\u2019n\u0131n da Ocak ay\u0131 ortas\u0131nda ABD\u2019yi ziyaret plan\u0131 yapt\u0131\u011f\u0131 hat\u0131rlat\u0131larak, Motegi ve Kang\u2019\u0131n ayn\u0131 tarihte ABD\u2019ye gitmeleri halinde, \u00fc\u00e7 \u00fclkenin d\u0131\u015fi\u015fleri bakanlar\u0131n\u0131n, s\u00fcrpriz bir \u015fekilde bir araya gelebilece\u011fi ifade edilmi\u015fti.<\/p>\n","protected":false},"excerpt":{"rendered":"<p>ABD DI\u015e\u0130\u015eLER\u0130 BAKANI M\u0130KE POMPEO, JAPONYA DI\u015e\u0130\u015eLER\u0130 BAKANI TOSH\u0130M\u0130TSU MOTEG\u0130 VE G\u00dcNEY KORE DI\u015e\u0130\u015eLER\u0130 BAKANI KANG KYUNG-WHA KUZEY KORE\u2019Y\u0130 G\u00d6R\u00dc\u015eMEK \u00dcZERE B\u0130R ARAYA GELD\u0130.<\/p>\n","protected":false},"author":1,"featured_media":255752,"comment_status":"closed","ping_status":"open","sticky":false,"template":"","format":"standard","meta":{"jetpack_post_was_ever_published":false,"_jetpack_newsletter_access":"","_jetpack_dont_email_post_to_subs":false,"_jetpack_newsletter_tier_id":0,"_jetpack_memberships_contains_paywalled_content":false,"_jetpack_memberships_contains_paid_content":false,"footnotes":"","jetpack_publicize_message":"","jetpack_publicize_feature_enabled":true,"jetpack_social_post_already_shared":true,"jetpack_social_options":{"image_generator_settings":{"template":"highway","default_image_id":0,"font":"","enabled":false},"version":2}},"categories":[10],"tags":[1936,36245,1498,9258,665,146,8724,759],"class_list":["post-255751","post","type-post","status-publish","format-standard","has-post-thumbnail","hentry","category-dunya","tag-abd","tag-bakanlarindan","tag-disisleri","tag-guney","tag-japonya","tag-kore","tag-uclu","tag-zirve"],"jetpack_publicize_connections":[],"jetpack_featured_media_url":"https:\/\/i0.wp.com\/www.tvturk.com\/wp-content\/uploads\/2020\/01\/abd-japonya-ve-guney-kore-disisleri-bakanlarindan-uclu-zirve_0a95947.jpg?fit=1000%2C666","jetpack_sharing_enabled":true,"jetpack_shortlink":"https:\/\/wp.me\/paKIfm-14x1","_links":{"self":[{"href":"http:\/\/www.tvturk.com\/index.php\/wp-json\/wp\/v2\/posts\/255751","targetHints":{"allow":["GET"]}}],"collection":[{"href":"http:\/\/www.tvturk.com\/index.php\/wp-json\/wp\/v2\/posts"}],"about":[{"href":"http:\/\/www.tvturk.com\/index.php\/wp-json\/wp\/v2\/types\/post"}],"author":[{"embeddable":true,"href":"http:\/\/www.tvturk.com\/index.php\/wp-json\/wp\/v2\/users\/1"}],"replies":[{"embeddable":true,"href":"http:\/\/www.tvturk.com\/index.php\/wp-json\/wp\/v2\/comments?post=255751"}],"version-history":[{"count":0,"href":"http:\/\/www.tvturk.com\/index.php\/wp-json\/wp\/v2\/posts\/255751\/revisions"}],"wp:featuredmedia":[{"embeddable":true,"href":"http:\/\/www.tvturk.com\/index.php\/wp-json\/wp\/v2\/media\/255752"}],"wp:attachment":[{"href":"http:\/\/www.tvturk.com\/index.php\/wp-json\/wp\/v2\/media?parent=255751"}],"wp:term":[{"taxonomy":"category","embeddable":true,"href":"http:\/\/www.tvturk.com\/index.php\/wp-json\/wp\/v2\/categories?post=255751"},{"taxonomy":"post_tag","embeddable":true,"href":"http:\/\/www.tvturk.com\/index.php\/wp-json\/wp\/v2\/tags?post=255751"}],"curies":[{"name":"wp","href":"https:\/\/api.w.org\/{rel}","templated":true}]}}