{"id":255793,"date":"2020-01-15T12:02:13","date_gmt":"2020-01-15T09:02:13","guid":{"rendered":"http:\/\/www.tvturk.com\/index.php\/polis-ve-jandarmadan-sehit-cocuklarina-jest\/"},"modified":"2020-01-15T12:02:13","modified_gmt":"2020-01-15T09:02:13","slug":"polis-ve-jandarmadan-sehit-cocuklarina-jest","status":"publish","type":"post","link":"http:\/\/www.tvturk.com\/index.php\/polis-ve-jandarmadan-sehit-cocuklarina-jest\/","title":{"rendered":"Polis ve jandarmadan \u015fehit \u00e7ocuklar\u0131na jest"},"content":{"rendered":"<p>Kahramanmara\u015f\u2019ta &#8220;Babam\u0131n arkada\u015f\u0131&#8221; projesi kapsam\u0131nda polis ve jandarma ekipleri, 13 \u015fehit \u00e7ocu\u011funu evlerinden al\u0131p ekip ara\u00e7lar\u0131yla okula b\u0131rakt\u0131.<\/p>\n<p>T\u00fcrkiye Harp Malul\u00fc Gaziler \u015eehit Dul ve Yetimleri Derne\u011fi Kahramanmara\u015f \u015eubesi taraf\u0131ndan yap\u0131lan \u00e7al\u0131\u015fmaya Kahramanmara\u015f Valili\u011fi, \u0130l Jandarma Komutanl\u0131\u011f\u0131, \u0130l Emniyet M\u00fcd\u00fcrl\u00fc\u011f\u00fc ile Aile ve Sosyal Politikalar M\u00fcd\u00fcrl\u00fc\u011f\u00fc de destek verdi. \u015eehit \u00e7ocuklar\u0131n\u0131n moral ve motivasyonlar\u0131n\u0131 y\u00fckseltme ad\u0131na sabah\u0131n erken saatlerinde jandarma ve polis ekipleri \u015fehit ailelerinin evlerine gitti. Evlerinden al\u0131nan \u015fehit \u00e7ocuklar\u0131 ekip ara\u00e7lar\u0131yla e\u011fitim g\u00f6rd\u00fckleri okula getirilerek s\u0131n\u0131flar\u0131na kadar e\u015flik edildi.<\/p>\n<p>\u015eehitlerin mesai arkada\u015flar\u0131 taraf\u0131ndan \u015fehit \u00e7ocuklar\u0131n\u0131 yaln\u0131z b\u0131rakmama ad\u0131na b\u00f6yle bir \u00e7al\u0131\u015fma i\u00e7ine girdiklerini ifade eden T\u00fcrkiye Harp Malul\u00fc Gaziler \u015eehit Dul ve Yetimleri Derne\u011fi \u015eube Ba\u015fkan\u0131 Yunus Karaman, \u201cVatan i\u00e7in bayrak i\u00e7in can veren \u015fehitlerimizin yavrular\u0131 i\u00e7in farkl\u0131 bir etkinlik yapmak istedik. Onlar\u0131n yaln\u0131z olmad\u0131klar\u0131n\u0131 devlet, polis ve jandarmas\u0131n\u0131n yan\u0131nda olduklar\u0131n\u0131 g\u00f6stertmek amac\u0131yla bug\u00fcn evlerinden ald\u0131k ve okullar\u0131na teslim ettik. Bu projede bizleri deste\u011fini esirgemeyen herkese \u00e7ok te\u015fekk\u00fcr ederiz. Bu gibi programlar\u0131 da yapmaya devam edece\u011fiz\u201d dedi.<\/p>\n<p>\u015eehitler ad\u0131na anlaml\u0131 bir etkinlik yap\u0131ld\u0131\u011f\u0131n\u0131 ifade eden Aile ve Sosyal Politikalar \u0130l M\u00fcd\u00fcr\u00fc Mutlu Kaya ise, \u201c13 \u00e7ocu\u011fumuzun babalar\u0131n\u0131n mesai arkada\u015flar\u0131 taraf\u0131ndan asker ve polis e\u015fli\u011finde evlerinden al\u0131n\u0131p okullar\u0131na ula\u015ft\u0131r\u0131ld\u0131lar. Bu vatan i\u00e7in can\u0131n\u0131 veren \u015fehitlerimiz ad\u0131na anlaml\u0131 bir etkinlikti. Kahramanmara\u015f\u2019\u0131m\u0131z kendi kahramanl\u0131\u011f\u0131m\u0131z\u0131 almas\u0131 nedeniyle ad\u0131na yak\u0131\u015f\u0131r bir etkinlik oldu\u201d diye konu\u015ftu.<\/p>\n<p>O\u011flunun mutlulu\u011funun de\u011ferli oldu\u011funu s\u00f6yleyen \u015fehit polis Ahmet \u00c7iftaslan\u2019\u0131n e\u015fi Dilek \u00c7iftaslan, \u201cB\u00fct\u00fcn herkesten Allah raz\u0131 olsun. \u00c7ocuklar\u0131m\u0131z yaln\u0131z olmad\u0131klar\u0131n\u0131 biliyorlar ve benim o\u011flum polislerle birlikte b\u00fcy\u00fcm\u00fc\u015f birdir. Onun y\u00fcz\u00fcndeki mutluluk benim i\u00e7in her \u015feye de\u011fer\u201d ifadelerini kulland\u0131.<\/p>\n<p>\u015eehit Uz. \u00c7avu\u015f Ali R\u0131za \u0130\u015fbilir\u2019in k\u0131z\u0131 Azra \u0130\u015fbilir ise, \u201cBence polislerle okula gelmek \u00e7ok g\u00fczel bir \u015fey ve insan kendisini de\u011ferli hissediyor\u201d diye konu\u015ftu.<\/p>\n<p>\u015eehit Uz. \u00c7avu\u015f Ha\u015fim Yenig\u00fcl\u2019\u00fcn o\u011flu Metin Musap Yenig\u00fcl ve di\u011fer \u015fehit \u00e7ocuklar\u0131 da jandarma ve polis taraf\u0131ndan okula b\u0131rak\u0131ld\u0131. Okullar\u0131na g\u00f6t\u00fcr\u00fclen \u00e7ocuklar, ak\u015fam jandarma ve polis ekiplerince evlerine b\u0131rak\u0131lacak.<\/p>\n","protected":false},"excerpt":{"rendered":"<p>KAHRAMANMARA\u015e\u2019TA POL\u0130S VE JANDARMA EK\u0130PLER\u0130, 13 \u015eEH\u0130T \u00c7OCU\u011eUNU EVLER\u0130NDEN ALIP EK\u0130P ARA\u00c7LARIYLA OKULA BIRAKTI<\/p>\n","protected":false},"author":1,"featured_media":255794,"comment_status":"closed","ping_status":"open","sticky":false,"template":"","format":"standard","meta":{"jetpack_post_was_ever_published":false,"_jetpack_newsletter_access":"","_jetpack_dont_email_post_to_subs":false,"_jetpack_newsletter_tier_id":0,"_jetpack_memberships_contains_paywalled_content":false,"_jetpack_memberships_contains_paid_content":false,"footnotes":"","jetpack_publicize_message":"","jetpack_publicize_feature_enabled":true,"jetpack_social_post_already_shared":true,"jetpack_social_options":{"image_generator_settings":{"template":"highway","default_image_id":0,"font":"","enabled":false},"version":2}},"categories":[1],"tags":[8001,1155,9223,996,237],"class_list":["post-255793","post","type-post","status-publish","format-standard","has-post-thumbnail","hentry","category-genel","tag-cocuklarina","tag-jandarmadan","tag-jest","tag-polis","tag-sehit"],"jetpack_publicize_connections":[],"jetpack_featured_media_url":"https:\/\/i0.wp.com\/www.tvturk.com\/wp-content\/uploads\/2020\/01\/polis-ve-jandarmadan-sehit-cocuklarina-jest_6132350.jpg?fit=1000%2C666","jetpack_sharing_enabled":true,"jetpack_shortlink":"https:\/\/wp.me\/paKIfm-14xH","_links":{"self":[{"href":"http:\/\/www.tvturk.com\/index.php\/wp-json\/wp\/v2\/posts\/255793","targetHints":{"allow":["GET"]}}],"collection":[{"href":"http:\/\/www.tvturk.com\/index.php\/wp-json\/wp\/v2\/posts"}],"about":[{"href":"http:\/\/www.tvturk.com\/index.php\/wp-json\/wp\/v2\/types\/post"}],"author":[{"embeddable":true,"href":"http:\/\/www.tvturk.com\/index.php\/wp-json\/wp\/v2\/users\/1"}],"replies":[{"embeddable":true,"href":"http:\/\/www.tvturk.com\/index.php\/wp-json\/wp\/v2\/comments?post=255793"}],"version-history":[{"count":0,"href":"http:\/\/www.tvturk.com\/index.php\/wp-json\/wp\/v2\/posts\/255793\/revisions"}],"wp:featuredmedia":[{"embeddable":true,"href":"http:\/\/www.tvturk.com\/index.php\/wp-json\/wp\/v2\/media\/255794"}],"wp:attachment":[{"href":"http:\/\/www.tvturk.com\/index.php\/wp-json\/wp\/v2\/media?parent=255793"}],"wp:term":[{"taxonomy":"category","embeddable":true,"href":"http:\/\/www.tvturk.com\/index.php\/wp-json\/wp\/v2\/categories?post=255793"},{"taxonomy":"post_tag","embeddable":true,"href":"http:\/\/www.tvturk.com\/index.php\/wp-json\/wp\/v2\/tags?post=255793"}],"curies":[{"name":"wp","href":"https:\/\/api.w.org\/{rel}","templated":true}]}}