{"id":255829,"date":"2020-01-15T13:01:41","date_gmt":"2020-01-15T10:01:41","guid":{"rendered":"http:\/\/www.tvturk.com\/index.php\/2020-kayisinin-yili-olacak\/"},"modified":"2020-01-15T13:01:41","modified_gmt":"2020-01-15T10:01:41","slug":"2020-kayisinin-yili-olacak","status":"publish","type":"post","link":"http:\/\/www.tvturk.com\/index.php\/2020-kayisinin-yili-olacak\/","title":{"rendered":"2020 kay\u0131s\u0131n\u0131n y\u0131l\u0131 olacak"},"content":{"rendered":"<p>Ge\u00e7en y\u0131l 253 milyon dolar ihracat ile Malatya ekonomisine ciddi katk\u0131 sa\u011flayan kay\u0131s\u0131, Mart ay\u0131nda yap\u0131m\u0131 tamamlanacak olan Kuru Kay\u0131s\u0131 Lisansl\u0131 Depoculuk ile art\u0131k bir yat\u0131r\u0131m arac\u0131 haline de d\u00f6n\u00fc\u015f\u00fcyor.<\/p>\n<p>Antep baklavas\u0131 ve Ayd\u0131n incirinden sonra T\u00fcrkiye\u2019de \u00fc\u00e7\u00fcnc\u00fc olarak AB\u2019de co\u011frafi i\u015faret olarak tescil edilen Malatya kay\u0131s\u0131s\u0131n\u0131 2020 y\u0131l\u0131nda \u00f6nemli kazan\u0131mlar bekliyor. D\u00fcnya kuru kay\u0131s\u0131 ihracat\u0131n\u0131n y\u00fczde 85\u2019ini kar\u015f\u0131layan Malatya\u2019da devlet deste\u011fiyle 30 bin metrekare alanda kurulan Malatya Ticaret Borsas\u0131 Kuru Kay\u0131s\u0131 Lisansl\u0131 Deposu, Mart ay\u0131n\u0131n sonunda bitiyor.<\/p>\n<p>Bu y\u0131l lisansl\u0131 deponun hayata ge\u00e7irilmesi ile birlikte kay\u0131s\u0131 almay\u0131 planlayan T\u00fcrkiye Toprak Mahsulleri Ofisi (TMO) Genel M\u00fcd\u00fcr\u00fc Ahmet G\u00fcrdal\u2019da in\u015faat alan\u0131nda incelemelerde bulunarak \u00e7al\u0131\u015fmalar hakk\u0131nda bilgiler ald\u0131.<\/p>\n<p>Malatya Ticaret Borsas\u0131 Ba\u015fkan\u0131 Ramazan \u00d6zcan, ge\u00e7ti\u011fimiz A\u011fustos ay\u0131nda ihalesi yap\u0131lan deponun Eyl\u00fcl ay\u0131nda in\u015faat\u0131na ba\u015flad\u0131klar\u0131n\u0131 belirterek \u201cKuru kay\u0131s\u0131 lisansl\u0131 depocumuzun y\u00fczde 75 i tamamland\u0131. \u0130\u00e7eride 4 ana depodan ikisinin so\u011fuk hava fanlar\u0131 yerle\u015ftirildi, di\u011ferlerinin de \u015fuanda in\u015faat\u0131 devam ediyor\u201d dedi.<\/p>\n<p>Mart ay\u0131n\u0131n sonunda in\u015faat\u0131n tamamlanaca\u011f\u0131n\u0131 belirten \u00d6zcan, \u201c\u00d6n\u00fcm\u00fczdeki kay\u0131s\u0131 sezonunda kullan\u0131labilecek kuru kay\u0131s\u0131 lisansl\u0131 depo \u00f6zellikle T\u00fcrkiye\u2019de ilk defa ger\u00e7ekle\u015ftirilen bir proje. Uzun zamand\u0131r kamuoyunun g\u00fcndemindeydi. \u00c7ok k\u0131sa s\u00fcre i\u00e7erisinde in\u015faat\u0131 bu hale getirmenin hakl\u0131 gururunu ya\u015f\u0131yoruz\u201d ifadelerine yer verdi.<\/p>\n<p>Lisansl\u0131 deponun bu y\u0131lki kay\u0131s\u0131 sezonunda kullan\u0131labilmesi, ayr\u0131ca TMO\u2019nun da \u00fcr\u00fcn alarak kay\u0131s\u0131y\u0131 reg\u00fcle edebilecek hale getireceklerini kaydeden \u00d6zcan, \u201c2020 y\u0131l\u0131 kuru kay\u0131s\u0131 da \u00f6nemli bir y\u0131l olacak. Hem TMO \u00fcr\u00fcn alacak hem de depo hayata ge\u00e7ecek. \u00c7ok \u00f6nemli y\u0131l olacak in\u015fallah\u201d \u015feklinde konu\u015ftu.<\/p>\n<p>Lisansl\u0131 depo ile birlikte kay\u0131s\u0131 da \u00f6nemli bir sayfa a\u00e7acaklar\u0131n\u0131 dile getiren \u00d6zcan, \u201c\u00dcreticinin elde etti\u011fi \u00fcr\u00fcnleri depoda sa\u011fl\u0131kl\u0131 ve hijyenik ko\u015fullarda muhafaza edilecek. \u00dcreticinin Temmuz ve A\u011fustos ay\u0131nda olu\u015fan maliyeti finansman giderini bankalardan alaca\u011f\u0131 faizsiz kredi ile sa\u011flayacak. Ayr\u0131ca \u00fcreticilerimiz Tar\u0131m Bakanl\u0131\u011f\u0131\u2019n\u0131n da sa\u011flad\u0131\u011f\u0131 imkanlardan faydalanacak. Yine T\u00fcrkiye \u00fcr\u00fcn ihtisas Borsas\u0131 Elektronik sat\u0131\u015f salonlar\u0131 ile kay\u0131s\u0131 bir yat\u0131r\u0131m arac\u0131 haline gelecek. 2020 kay\u0131s\u0131da yeni bir sayfa a\u00e7acak\u201d diye konu\u015ftu.<\/p>\n","protected":false},"excerpt":{"rendered":"<p>D\u00dcNYA KURU KAYISI \u0130HRACATININ Y\u00dcZDE 85\u2019\u0130N\u0130 KAR\u015eILAYAN MALATYA\u2019DA DEVLET DESTE\u011e\u0130YLE 30 B\u0130N METREKARE ALANDA KURULAN MALATYA T\u0130CARET BORSASI KURU KAYISI L\u0130SANSLI DEPOSU, MART AYININ SONUNDA B\u0130T\u0130YOR.<\/p>\n","protected":false},"author":1,"featured_media":255830,"comment_status":"closed","ping_status":"open","sticky":false,"template":"","format":"standard","meta":{"jetpack_post_was_ever_published":false,"_jetpack_newsletter_access":"","_jetpack_dont_email_post_to_subs":false,"_jetpack_newsletter_tier_id":0,"_jetpack_memberships_contains_paywalled_content":false,"_jetpack_memberships_contains_paid_content":false,"footnotes":"","jetpack_publicize_message":"","jetpack_publicize_feature_enabled":true,"jetpack_social_post_already_shared":true,"jetpack_social_options":{"image_generator_settings":{"template":"highway","default_image_id":0,"font":"","enabled":false},"version":2}},"categories":[19],"tags":[11539,38456,1189,2128],"class_list":["post-255829","post","type-post","status-publish","format-standard","has-post-thumbnail","hentry","category-ekonomi","tag-11539","tag-kayisinin","tag-olacak","tag-yili"],"jetpack_publicize_connections":[],"jetpack_featured_media_url":"https:\/\/i0.wp.com\/www.tvturk.com\/wp-content\/uploads\/2020\/01\/2020-kayisinin-yili-olacak_c7f88eb.jpg?fit=1000%2C581","jetpack_sharing_enabled":true,"jetpack_shortlink":"https:\/\/wp.me\/paKIfm-14yh","_links":{"self":[{"href":"http:\/\/www.tvturk.com\/index.php\/wp-json\/wp\/v2\/posts\/255829","targetHints":{"allow":["GET"]}}],"collection":[{"href":"http:\/\/www.tvturk.com\/index.php\/wp-json\/wp\/v2\/posts"}],"about":[{"href":"http:\/\/www.tvturk.com\/index.php\/wp-json\/wp\/v2\/types\/post"}],"author":[{"embeddable":true,"href":"http:\/\/www.tvturk.com\/index.php\/wp-json\/wp\/v2\/users\/1"}],"replies":[{"embeddable":true,"href":"http:\/\/www.tvturk.com\/index.php\/wp-json\/wp\/v2\/comments?post=255829"}],"version-history":[{"count":0,"href":"http:\/\/www.tvturk.com\/index.php\/wp-json\/wp\/v2\/posts\/255829\/revisions"}],"wp:featuredmedia":[{"embeddable":true,"href":"http:\/\/www.tvturk.com\/index.php\/wp-json\/wp\/v2\/media\/255830"}],"wp:attachment":[{"href":"http:\/\/www.tvturk.com\/index.php\/wp-json\/wp\/v2\/media?parent=255829"}],"wp:term":[{"taxonomy":"category","embeddable":true,"href":"http:\/\/www.tvturk.com\/index.php\/wp-json\/wp\/v2\/categories?post=255829"},{"taxonomy":"post_tag","embeddable":true,"href":"http:\/\/www.tvturk.com\/index.php\/wp-json\/wp\/v2\/tags?post=255829"}],"curies":[{"name":"wp","href":"https:\/\/api.w.org\/{rel}","templated":true}]}}