{"id":255859,"date":"2020-01-15T13:47:21","date_gmt":"2020-01-15T10:47:21","guid":{"rendered":"http:\/\/www.tvturk.com\/index.php\/trabzonspor-ayriligi-acikladi\/"},"modified":"2020-01-15T13:47:21","modified_gmt":"2020-01-15T10:47:21","slug":"trabzonspor-ayriligi-acikladi","status":"publish","type":"post","link":"http:\/\/www.tvturk.com\/index.php\/trabzonspor-ayriligi-acikladi\/","title":{"rendered":"Trabzonspor ayr\u0131l\u0131\u011f\u0131 a\u00e7\u0131klad\u0131"},"content":{"rendered":"<p>Trabzonspor, Nijeryal\u0131 futbolcu Ogenyi Onazi\u2019nin s\u00f6zle\u015fmesinin kar\u015f\u0131l\u0131kl\u0131 olarak feshedildi\u011fini a\u00e7\u0131klad\u0131.<\/p>\n<p>Bordo-mavili kul\u00fcpten yap\u0131lan ve Kamuyu Ayd\u0131nlatma Platformu\u2019nda (KAP) yer alan a\u00e7\u0131klamada, &#8220;\u015eirketimiz ile Ogenyi Eddy Onazi aras\u0131ndaki, 04.08.2016 ba\u015flang\u0131\u00e7 31.05.2020 biti\u015f tarihli profesyonel futbolcu s\u00f6zle\u015fmesi, kar\u015f\u0131l\u0131kl\u0131 olarak feshedilmi\u015ftir&#8221; denildi.<\/p>\n<p>27 ya\u015f\u0131ndaki orta saha oyuncusu da sosyal medya hesab\u0131ndan yapt\u0131\u011f\u0131 payla\u015f\u0131mla bordo-mavili camiaya veda etti. Onazi, &#8220;Trabzonspor taraftar\u0131n\u0131n bana g\u00f6sterdi\u011fi sevgiyi asla unutmayaca\u011f\u0131m. Trabzonspor taraftar\u0131n\u0131n benim g\u00f6z\u00fcmde ayr\u0131 bir yeri olacak. Mutlu olmay\u0131 hak ediyorsunuz, sezonun geri kalan\u0131nda ba\u015far\u0131lar dilerim&#8221; ifadelerini kulland\u0131.<\/p>\n<p>Nijeryal\u0131 oyuncunun Denizlispor ile anla\u015ft\u0131\u011f\u0131 ve k\u0131sa s\u00fcre i\u00e7inde s\u00f6zle\u015fme imzalayaca\u011f\u0131 iddia ediliyor.<\/p>\n","protected":false},"excerpt":{"rendered":"<p>TRABZONSPOR, N\u0130JERYALI FUTBOLCU OGENY\u0130 ONAZ\u0130&#8217;N\u0130N S\u00d6ZLE\u015eMES\u0130N\u0130N KAR\u015eILIKLI OLARAK FESHED\u0130LD\u0130\u011e\u0130N\u0130 A\u00c7IKLADI.<\/p>\n","protected":false},"author":1,"featured_media":255860,"comment_status":"closed","ping_status":"open","sticky":false,"template":"","format":"standard","meta":{"jetpack_post_was_ever_published":false,"_jetpack_newsletter_access":"","_jetpack_dont_email_post_to_subs":false,"_jetpack_newsletter_tier_id":0,"_jetpack_memberships_contains_paywalled_content":false,"_jetpack_memberships_contains_paid_content":false,"footnotes":"","jetpack_publicize_message":"","jetpack_publicize_feature_enabled":true,"jetpack_social_post_already_shared":true,"jetpack_social_options":{"image_generator_settings":{"template":"highway","default_image_id":0,"font":"","enabled":false},"version":2}},"categories":[657],"tags":[3699,49603,916],"class_list":["post-255859","post","type-post","status-publish","format-standard","has-post-thumbnail","hentry","category-spor","tag-acikladi","tag-ayriligi","tag-trabzonspor"],"jetpack_publicize_connections":[],"jetpack_featured_media_url":"https:\/\/i0.wp.com\/www.tvturk.com\/wp-content\/uploads\/2020\/01\/trabzonspor-ayriligi-acikladi_70712a2.jpg?fit=1000%2C562","jetpack_sharing_enabled":true,"jetpack_shortlink":"https:\/\/wp.me\/paKIfm-14yL","_links":{"self":[{"href":"http:\/\/www.tvturk.com\/index.php\/wp-json\/wp\/v2\/posts\/255859","targetHints":{"allow":["GET"]}}],"collection":[{"href":"http:\/\/www.tvturk.com\/index.php\/wp-json\/wp\/v2\/posts"}],"about":[{"href":"http:\/\/www.tvturk.com\/index.php\/wp-json\/wp\/v2\/types\/post"}],"author":[{"embeddable":true,"href":"http:\/\/www.tvturk.com\/index.php\/wp-json\/wp\/v2\/users\/1"}],"replies":[{"embeddable":true,"href":"http:\/\/www.tvturk.com\/index.php\/wp-json\/wp\/v2\/comments?post=255859"}],"version-history":[{"count":0,"href":"http:\/\/www.tvturk.com\/index.php\/wp-json\/wp\/v2\/posts\/255859\/revisions"}],"wp:featuredmedia":[{"embeddable":true,"href":"http:\/\/www.tvturk.com\/index.php\/wp-json\/wp\/v2\/media\/255860"}],"wp:attachment":[{"href":"http:\/\/www.tvturk.com\/index.php\/wp-json\/wp\/v2\/media?parent=255859"}],"wp:term":[{"taxonomy":"category","embeddable":true,"href":"http:\/\/www.tvturk.com\/index.php\/wp-json\/wp\/v2\/categories?post=255859"},{"taxonomy":"post_tag","embeddable":true,"href":"http:\/\/www.tvturk.com\/index.php\/wp-json\/wp\/v2\/tags?post=255859"}],"curies":[{"name":"wp","href":"https:\/\/api.w.org\/{rel}","templated":true}]}}