{"id":255881,"date":"2020-01-15T14:46:46","date_gmt":"2020-01-15T11:46:46","guid":{"rendered":"http:\/\/www.tvturk.com\/index.php\/kirsehirde-kultur-bakanligi-onayli-tek-kadin-ozan-oldu\/"},"modified":"2020-01-15T14:46:46","modified_gmt":"2020-01-15T11:46:46","slug":"kirsehirde-kultur-bakanligi-onayli-tek-kadin-ozan-oldu","status":"publish","type":"post","link":"http:\/\/www.tvturk.com\/index.php\/kirsehirde-kultur-bakanligi-onayli-tek-kadin-ozan-oldu\/","title":{"rendered":"K\u0131r\u015fehir\u2019de K\u00fclt\u00fcr Bakanl\u0131\u011f\u0131 onayl\u0131 tek kad\u0131n ozan oldu"},"content":{"rendered":"<p>KIR\u015eEH\u0130R (\u0130HA) \u2013 K\u0131r\u015fehir\u2019de, K\u00fclt\u00fcr ve Turizm Bakanl\u0131\u011f\u0131 onayl\u0131 tek kad\u0131n halk ozan\u0131 Ay\u015fe Tekin, e\u011fitim almadan saz \u00e7almay\u0131 \u00f6\u011frenip \u015fiirlerine beste yapt\u0131\u011f\u0131n\u0131 s\u00f6yledi.<\/p>\n<p>\u015eiir yazmaya ba\u015flad\u0131ktan sonra \u015fiirlerini beste haline getirdi\u011fini anlatan Ay\u015fe Tekin, \u201cG\u00fcnler, aylar ve y\u0131llar boyunca \u015fiirlerim \u00fczerinde beste yapmaya \u00e7al\u0131\u015ft\u0131m. Saz sevdam\u0131 ise hi\u00e7 kaybetmedim. E\u015fim saz \u00e7alard\u0131. E\u015fim i\u015fe gittikten sonra ben saz\u0131m\u0131 elime al\u0131p \u00e7al\u0131yordum. E\u015fim saz \u00e7alarken de onu hep izliyordum. Ne\u015fet Erta\u015f\u2019\u0131n dedi\u011fi gibi \u2018A\u015fk ile \u00e7al\u0131\u015fan yorulmaz\u2019 notalar\u0131 \u00f6\u011frenemeyi\u015fim ise san\u0131r\u0131m a\u015fk ile \u00e7almamdan kaynakl\u0131\u201d dedi.<\/p>\n<p>\u0130l K\u00fclt\u00fcr ve Turizm M\u00fcd\u00fcr\u00fcn\u00fcn destekledi\u011fi Ay\u015fe Tekin, K\u00fclt\u00fcr ve Turizm Bakanl\u0131\u011f\u0131na ba\u011fl\u0131 Ara\u015ft\u0131rma ve E\u011fitim Genel M\u00fcd\u00fcrl\u00fc\u011f\u00fcne ba\u015fvuruda bulundu. K\u0131r\u015fehir\u2019de ilk kad\u0131n halk ozan\u0131 olmas\u0131n\u0131n yolunu a\u00e7an s\u00fcreci ise \u0130l K\u00fclt\u00fcr ve Turizm M\u00fcd\u00fcr Yard\u0131mc\u0131s\u0131 Ey\u00fcp Temur, \u015f\u00f6yle anlatt\u0131:<\/p>\n<p>\u201cAy\u015fe han\u0131m emekli \u00f6\u011fretmen kendi gayretleri ile \u015fiir yazan ve ba\u011flama \u00e7almay\u0131 \u00f6\u011frenen ve sonras\u0131nda da \u015fiirlerini besteleyen bir karde\u015fimiz. Kendisi ile sekiz y\u0131ld\u0131r uluslararas\u0131 A\u015f\u0131kpa\u015fa \u015eiir \u015e\u00f6lenini ve A\u015f\u0131k Said anma etkinlikleri organizasyonlar\u0131nda yer al\u0131yoruz. \u015eair ve Yazarlar Derne\u011fimizin de \u00fcyesi, Bakanl\u0131\u011f\u0131m\u0131z\u0131n halk ozanlar\u0131 belirlenmesi y\u00f6n\u00fcnde a\u00e7\u0131lan taleplere ba\u015fvurmas\u0131n\u0131 istedik. Bakanl\u0131\u011f\u0131m\u0131z; \u015fairlere, halk ozanlar\u0131na, zakirlere  ve zanaatkarlara belge veriyor. Ay\u015fe han\u0131m da gerekli prosed\u00fcrleri tamamlayarak Bakanl\u0131\u011f\u0131m\u0131za g\u00f6nderdi ve ge\u00e7ti\u011fimiz Kas\u0131m ay\u0131nda m\u00fclakata \u00e7a\u011fr\u0131ld\u0131 ve kazand\u0131.<\/p>\n<p>Ay\u015fe han\u0131m\u0131n \u00f6zelli\u011fi ise 2019 y\u0131l\u0131nda K\u0131r\u015fehir UNESCO taraf\u0131ndan m\u00fczik \u015fehri olarak tescillendi. Sonras\u0131nda ise Ay\u015fe han\u0131mda K\u0131r\u015fehir\u2019de ilk defa bir kad\u0131n olarak halk ozan\u0131 unvan\u0131n\u0131 ald\u0131.\u201d<\/p>\n<p>Emekli \u00f6\u011fretmen Ay\u015fe Tekin\u2019in bestelenmi\u015f 50\u2019nin \u00fczerinde \u015fiirinin yan\u0131 s\u0131ra tescillenmi\u015f 200 \u00fczerinde \u015fiiri bulunuyor.<\/p>\n","protected":false},"excerpt":{"rendered":"<p>KIR\u015eEH\u0130R\u2019DE, K\u00dcLT\u00dcR VE TUR\u0130ZM BAKANLI\u011eI ONAYLI TEK KADIN HALK OZANI AY\u015eE TEK\u0130N, E\u011e\u0130T\u0130M ALMADAN SAZ \u00c7ALMAYI \u00d6\u011eREN\u0130P \u015e\u0130\u0130RLER\u0130NE BESTE YAPTI.<\/p>\n","protected":false},"author":1,"featured_media":255882,"comment_status":"closed","ping_status":"open","sticky":false,"template":"","format":"standard","meta":{"jetpack_post_was_ever_published":false,"_jetpack_newsletter_access":"","_jetpack_dont_email_post_to_subs":false,"_jetpack_newsletter_tier_id":0,"_jetpack_memberships_contains_paywalled_content":false,"_jetpack_memberships_contains_paid_content":false,"footnotes":"","jetpack_publicize_message":"","jetpack_publicize_feature_enabled":true,"jetpack_social_post_already_shared":true,"jetpack_social_options":{"image_generator_settings":{"template":"highway","default_image_id":0,"font":"","enabled":false},"version":2}},"categories":[1],"tags":[9825,108,4879,630,77,16461,11089,366],"class_list":["post-255881","post","type-post","status-publish","format-standard","has-post-thumbnail","hentry","category-genel","tag-bakanligi","tag-kadin","tag-kirsehirde","tag-kultur","tag-oldu","tag-onayli","tag-ozan","tag-tek"],"jetpack_publicize_connections":[],"jetpack_featured_media_url":"https:\/\/i0.wp.com\/www.tvturk.com\/wp-content\/uploads\/2020\/01\/kirsehirde-kultur-bakanligi-onayli-tek-kadin-ozan-oldu_fb873ea.jpg?fit=1000%2C666","jetpack_sharing_enabled":true,"jetpack_shortlink":"https:\/\/wp.me\/paKIfm-14z7","_links":{"self":[{"href":"http:\/\/www.tvturk.com\/index.php\/wp-json\/wp\/v2\/posts\/255881","targetHints":{"allow":["GET"]}}],"collection":[{"href":"http:\/\/www.tvturk.com\/index.php\/wp-json\/wp\/v2\/posts"}],"about":[{"href":"http:\/\/www.tvturk.com\/index.php\/wp-json\/wp\/v2\/types\/post"}],"author":[{"embeddable":true,"href":"http:\/\/www.tvturk.com\/index.php\/wp-json\/wp\/v2\/users\/1"}],"replies":[{"embeddable":true,"href":"http:\/\/www.tvturk.com\/index.php\/wp-json\/wp\/v2\/comments?post=255881"}],"version-history":[{"count":0,"href":"http:\/\/www.tvturk.com\/index.php\/wp-json\/wp\/v2\/posts\/255881\/revisions"}],"wp:featuredmedia":[{"embeddable":true,"href":"http:\/\/www.tvturk.com\/index.php\/wp-json\/wp\/v2\/media\/255882"}],"wp:attachment":[{"href":"http:\/\/www.tvturk.com\/index.php\/wp-json\/wp\/v2\/media?parent=255881"}],"wp:term":[{"taxonomy":"category","embeddable":true,"href":"http:\/\/www.tvturk.com\/index.php\/wp-json\/wp\/v2\/categories?post=255881"},{"taxonomy":"post_tag","embeddable":true,"href":"http:\/\/www.tvturk.com\/index.php\/wp-json\/wp\/v2\/tags?post=255881"}],"curies":[{"name":"wp","href":"https:\/\/api.w.org\/{rel}","templated":true}]}}