{"id":255887,"date":"2020-01-15T14:47:34","date_gmt":"2020-01-15T11:47:34","guid":{"rendered":"http:\/\/www.tvturk.com\/index.php\/onazi-denizlisporda\/"},"modified":"2020-01-15T14:47:34","modified_gmt":"2020-01-15T11:47:34","slug":"onazi-denizlisporda","status":"publish","type":"post","link":"http:\/\/www.tvturk.com\/index.php\/onazi-denizlisporda\/","title":{"rendered":"Onazi Denizlispor\u2019da"},"content":{"rendered":"<p>Denizlispor, Trabzonspor ile anla\u015fmas\u0131n\u0131 fesheden 28 ya\u015f\u0131ndaki Nijeryal\u0131 oyuncu Ogenyi Onazi ile s\u00f6zle\u015fme imzalad\u0131. Onazi kupa ma\u00e7\u0131 i\u00e7in Trabzon\u2019a giden ye\u015fil-siyahl\u0131 kafileye de kat\u0131ld\u0131.<\/p>\n<p>Devre aras\u0131 transfer \u00e7al\u0131\u015fmalar\u0131n\u0131 s\u00fcrd\u00fcren ye\u015fil-siyahl\u0131 ekip, son olarak Trabzonspor\u2019da forma giyen 28 ya\u015f\u0131ndaki Nijeryal\u0131 orta saha oyuncusu Ogenyi Eddy Onazi ile 1 y\u0131l\u0131 opsiyonlu olmak \u00fczere 1.5 y\u0131ll\u0131k s\u00f6zle\u015fme imzalad\u0131. Haluk Ulusoy Tesislerinde d\u00fczenlenen imza t\u00f6renine kul\u00fcp Ba\u015fkan\u0131 Ali \u00c7etin, Ba\u015fkan Yard\u0131mc\u0131s\u0131 Kaan \u015eanl\u0131kan, Asba\u015fkan Ali F\u0131rat ve Sportif Direkt\u00f6r Burak \u00d6zsara\u00e7 kat\u0131ld\u0131. Belirledikleri hedefe ula\u015fmak i\u00e7in \u00e7al\u0131\u015fmalara devam ettiklerini belirten Ba\u015fkan \u00c7etin, \u201cTecr\u00fcbeli futbolcu ile 1 y\u0131l opsiyonu kul\u00fcb\u00fcm\u00fczde olmak \u00fczere 1.5 y\u0131ll\u0131k anla\u015fmaya vard\u0131k. \u0130ki taraf i\u00e7in de hay\u0131rl\u0131 olmas\u0131n\u0131 diliyorum\u201d dedi.<\/p>\n<p>Ye\u015fil-siyahl\u0131 formay\u0131 giyerek resmi s\u00f6zle\u015fmeye imza atan Ogenyi Onazi, yar\u0131n T\u00fcrkiye Kupas\u0131\u2019nda oynanacak olan Trabzonspor ma\u00e7\u0131 kafilesine de dahil edildi.<\/p>\n","protected":false},"excerpt":{"rendered":"<p>DEN\u0130ZL\u0130SPOR, N\u0130JERYALI OYUNCU OGENY\u0130 EDDY ONAZ\u0130 \u0130LE S\u00d6ZLE\u015eME \u0130MZALADI.<\/p>\n","protected":false},"author":1,"featured_media":255888,"comment_status":"closed","ping_status":"open","sticky":false,"template":"","format":"standard","meta":{"jetpack_post_was_ever_published":false,"_jetpack_newsletter_access":"","_jetpack_dont_email_post_to_subs":false,"_jetpack_newsletter_tier_id":0,"_jetpack_memberships_contains_paywalled_content":false,"_jetpack_memberships_contains_paid_content":false,"footnotes":"","jetpack_publicize_message":"","jetpack_publicize_feature_enabled":true,"jetpack_social_post_already_shared":true,"jetpack_social_options":{"image_generator_settings":{"template":"highway","default_image_id":0,"font":"","enabled":false},"version":2}},"categories":[657],"tags":[6421,27654],"class_list":["post-255887","post","type-post","status-publish","format-standard","has-post-thumbnail","hentry","category-spor","tag-denizlisporda","tag-onazi"],"jetpack_publicize_connections":[],"jetpack_featured_media_url":"https:\/\/i0.wp.com\/www.tvturk.com\/wp-content\/uploads\/2020\/01\/onazi-denizlisporda_d47d412.jpg?fit=1000%2C666","jetpack_sharing_enabled":true,"jetpack_shortlink":"https:\/\/wp.me\/paKIfm-14zd","_links":{"self":[{"href":"http:\/\/www.tvturk.com\/index.php\/wp-json\/wp\/v2\/posts\/255887","targetHints":{"allow":["GET"]}}],"collection":[{"href":"http:\/\/www.tvturk.com\/index.php\/wp-json\/wp\/v2\/posts"}],"about":[{"href":"http:\/\/www.tvturk.com\/index.php\/wp-json\/wp\/v2\/types\/post"}],"author":[{"embeddable":true,"href":"http:\/\/www.tvturk.com\/index.php\/wp-json\/wp\/v2\/users\/1"}],"replies":[{"embeddable":true,"href":"http:\/\/www.tvturk.com\/index.php\/wp-json\/wp\/v2\/comments?post=255887"}],"version-history":[{"count":0,"href":"http:\/\/www.tvturk.com\/index.php\/wp-json\/wp\/v2\/posts\/255887\/revisions"}],"wp:featuredmedia":[{"embeddable":true,"href":"http:\/\/www.tvturk.com\/index.php\/wp-json\/wp\/v2\/media\/255888"}],"wp:attachment":[{"href":"http:\/\/www.tvturk.com\/index.php\/wp-json\/wp\/v2\/media?parent=255887"}],"wp:term":[{"taxonomy":"category","embeddable":true,"href":"http:\/\/www.tvturk.com\/index.php\/wp-json\/wp\/v2\/categories?post=255887"},{"taxonomy":"post_tag","embeddable":true,"href":"http:\/\/www.tvturk.com\/index.php\/wp-json\/wp\/v2\/tags?post=255887"}],"curies":[{"name":"wp","href":"https:\/\/api.w.org\/{rel}","templated":true}]}}