{"id":255897,"date":"2020-01-15T15:02:37","date_gmt":"2020-01-15T12:02:37","guid":{"rendered":"http:\/\/www.tvturk.com\/index.php\/osman-ozkoylu-ikinci-yaridaki-hedefimiz-ust-siralara-cikmak\/"},"modified":"2020-01-15T15:02:37","modified_gmt":"2020-01-15T12:02:37","slug":"osman-ozkoylu-ikinci-yaridaki-hedefimiz-ust-siralara-cikmak","status":"publish","type":"post","link":"http:\/\/www.tvturk.com\/index.php\/osman-ozkoylu-ikinci-yaridaki-hedefimiz-ust-siralara-cikmak\/","title":{"rendered":"Osman \u00d6zk\u00f6yl\u00fc: \u201c\u0130kinci yar\u0131daki hedefimiz \u00fcst s\u0131ralara \u00e7\u0131kmak\u201d"},"content":{"rendered":"<p>Boluspor Teknik Direkt\u00f6r\u00fc Osman \u00d6zk\u00f6yl\u00fc, zor bir ilk yar\u0131y\u0131 geride b\u0131rakt\u0131klar\u0131n\u0131 belirterek, ikinci yar\u0131daki en b\u00fcy\u00fck hedeflerinin k\u0131sa s\u00fcrede \u00fcst s\u0131ralara \u00e7\u0131kmak oldu\u011funu s\u00f6yledi.<\/p>\n<p>TFF 1. Lig ekiplerinden Boluspor, ikinci yar\u0131 \u00e7al\u0131\u015fmalar\u0131n\u0131 s\u00fcrd\u00fcrd\u00fc\u011f\u00fc Antalya kamp\u0131n\u0131n ard\u0131ndan, kendi evinde Osmanl\u0131spor ile oynayaca\u011f\u0131 kar\u015f\u0131la\u015fman\u0131n haz\u0131rl\u0131klar\u0131n\u0131 s\u00fcrd\u00fcr\u00fcyor. Boluspor Teknik Direkt\u00f6r\u00fc Osman \u00d6zk\u00f6yl\u00fc, kul\u00fcp tesisinde yap\u0131lan bas\u0131n toplant\u0131s\u0131nda kamp \u00e7al\u0131\u015fmalar\u0131n\u0131 ve ilk yar\u0131y\u0131 de\u011ferlendirdi. Transfer \u00e7al\u0131\u015fmalar\u0131yla ilgili de konu\u015fan \u00d6zk\u00f6yl\u00fc, tak\u0131mda kadro derinli\u011fini yakalad\u0131klar\u0131n\u0131 ifade etti.<\/p>\n<p>\u201c\u0130lk yar\u0131y\u0131 fazla puan toplayarak kapatmak istiyorduk\u201d<\/p>\n<p>Zor bir ilk yar\u0131 ge\u00e7irdiklerini s\u00f6yleyen Boluspor Teknik Direkt\u00f6r\u00fc Osman \u00d6zk\u00f6yl\u00fc, \u201cS\u0131k\u0131nt\u0131larla, problemlerle ge\u00e7en zor bir ilk yar\u0131y\u0131 geride b\u0131rakt\u0131k. Tabii ki ilk yar\u0131dan beklentimiz \u00e7ok daha farkl\u0131 yerlerde olmakt\u0131. En az\u0131ndan puansal olarak biraz daha fazla puan toplayarak ligin ilk yar\u0131s\u0131n\u0131 kapatmak iste\u011fimiz vard\u0131. Ama \u00f6zellikle ligin 12. haftas\u0131ndan sonra arka arkaya gelen \u00f6nemli sakatl\u0131klar ve bu oyuncular\u0131m\u0131z\u0131n uzun s\u00fcre tak\u0131mdan ayr\u0131 kalmas\u0131, kadro derinli\u011fimizin de olmamas\u0131ndan dolay\u0131 bu oyuncular\u0131m\u0131z\u0131n a\u00e7\u0131\u011f\u0131n\u0131 kapatamamak ve iyi oynad\u0131\u011f\u0131m\u0131z ma\u00e7larda bile yapt\u0131\u011f\u0131m\u0131z bireysel hatalardan yedi\u011fimiz goller, \u00e7ok \u015fanss\u0131z kaybetti\u011fimiz ma\u00e7lar bizim ad\u0131m\u0131za ilk yar\u0131n olumsuz ve k\u00f6t\u00fc bitmesine neden oldu. Tabii ki bu s\u00fcreci kendi ad\u0131m\u0131za olumluya \u00e7evirmek i\u00e7in ilk yar\u0131 sonu bizim ad\u0131m\u0131za \u00e7ok \u00f6nemli bir f\u0131rsatt\u0131\u201d dedi.<\/p>\n<p>\u201c\u00d6nemli oyuncular\u0131 tak\u0131ma kazand\u0131rd\u0131k\u201d<\/p>\n<p>Transfer \u00e7al\u0131\u015fmalar\u0131 kapsam\u0131nda m\u00fcmk\u00fcn oldu\u011fu kadar \u00e7ok oynayan oyuncular\u0131 almak i\u00e7in \u00e7al\u0131\u015ft\u0131klar\u0131n\u0131 s\u00f6yleyen \u00d6zk\u00f6yl\u00fc, \u201cBiz zaten ilk yar\u0131 bitmeden \u00f6zellikle tak\u0131ma katmak istedi\u011fimiz oyuncularla alakal\u0131 ilk yar\u0131n\u0131n planlamas\u0131yla alakal\u0131 \u00e7al\u0131\u015fmalara ba\u015flam\u0131\u015ft\u0131k. Bu noktada yapm\u0131\u015f oldu\u011fumuz transferleri k\u0131sa s\u00fcrede tak\u0131ma kazand\u0131rmak, kampa yeti\u015ftirmek ve tak\u0131mla beraber \u00e7al\u0131\u015fmas\u0131n\u0131 sa\u011flamak \u00e7ok \u00f6nemli bir ba\u015far\u0131yd\u0131. M\u00fcmk\u00fcn oldu\u011fu kadar \u00e7ok oynam\u0131\u015f olan oyuncular\u0131 almak i\u00e7in \u00e7al\u0131\u015fmalar yapt\u0131k. Bunda ba\u015far\u0131l\u0131 olmak \u00e7ok m\u00fcmk\u00fcn olmuyor. Kul\u00fcb\u00fcn ekonomik yap\u0131s\u0131n\u0131 da d\u00fc\u015f\u00fcnmemiz gerekiyor. Bu noktada biz ger\u00e7ekten \u00e7ok \u00f6nemli oyuncular\u0131 tak\u0131m\u0131m\u0131za kazand\u0131rd\u0131\u011f\u0131m\u0131z\u0131 d\u00fc\u015f\u00fcn\u00fcyorum. Kamp d\u00f6nemine yeti\u015fmeleri, bizimle birlikte olmalar\u0131, arkada\u015flar\u0131yla birlikte antrenman yapm\u0131\u015f olmalar\u0131 bizim i\u00e7in \u00e7ok b\u00fcy\u00fck avantaj. \u0130n\u015fallah \u00f6n\u00fcm\u00fczdeki birka\u00e7 haftal\u0131k s\u00fcre\u00e7te onlar\u0131n da performans\u0131n\u0131n artmas\u0131yla, sakat oyuncular\u0131m\u0131z\u0131n bizimle beraber tekrar \u00e7al\u0131\u015fmaya ba\u015flamas\u0131yla beraber \u00e7ok kaliteli, elit bir tak\u0131m oldu\u011fumuz d\u00fc\u015f\u00fcn\u00fcyorum. Ke\u015fke sezonun ba\u015f\u0131 olsa ve sezon ba\u015f\u0131 haz\u0131rl\u0131klar\u0131n\u0131 yap\u0131yor olsak. Bu tak\u0131mla birlikte 1,5-2 ay \u00e7al\u0131\u015fma f\u0131rsat\u0131m\u0131z olsayd\u0131. O zaman bu ligde \u00e7ok iddial\u0131 olabilecek, \u00e7ok b\u00fcy\u00fck hedeflere oynayabilecek bir tak\u0131m ortaya \u00e7\u0131kard\u0131\u011f\u0131m\u0131z\u0131 herkes g\u00f6recekti\u201d ifadelerini kulland\u0131.<\/p>\n<p>\u201c\u0130lk 5 ma\u00e7 \u00e7ok \u00f6nemli\u201d<\/p>\n<p>Kazanmak ve puan almak zorunda olduklar\u0131 ma\u00e7lar oynayacaklar\u0131n\u0131 belirten Osman \u00d6zk\u00f6yl\u00fc, \u201c\u015eu s\u00fcre\u00e7te hem ligde bulundu\u011fumuz durum bizde bir gerginli\u011fe ve strese neden olacakt\u0131r. Hep kazanmak zorunda oldu\u011fumuz, hep puan almak zorunda oldu\u011fumuz ma\u00e7lar oynayacaks\u0131n\u0131z. Kaybetmeye tahamm\u00fcl\u00fcm\u00fcz yok. Kaybetme kredimiz yok. M\u00fcmk\u00fcn oldu\u011fu kadar do\u011fru bir \u015fekilde ilerlemek istiyoruz. Kazanarak, ma\u00e7lar\u0131m\u0131zdan puanlar alarak ilerlemek istiyoruz. Bu noktada \u00e7al\u0131\u015fmalar\u0131m\u0131z\u0131 devam ettirdik. Yo\u011fun bir kamp d\u00f6nemi ge\u00e7ti. Yapm\u0131\u015f oldu\u011fumuz \u00e7al\u0131\u015fmalar,  yeni gelen oyuncular\u0131m\u0131z\u0131n tak\u0131ma kat\u0131l\u0131m\u0131, oyun sistemine adaptasyonu, arkada\u015flar\u0131n\u0131 ve bizi tan\u0131malar\u0131 mutlaka bir s\u00fcre\u00e7 gerektirecektir. Bu s\u00fcre\u00e7 \u00e7ok \u00f6nemli. \u00d6zellikle oynayaca\u011f\u0131m\u0131z ilk 5 ma\u00e7 \u00e7ok \u00f6nem arz ediyor. \u0130n\u015fallah buray\u0131 en m\u00fckemmel \u015fekilde ge\u00e7eriz\u201d \u015feklinde konu\u015ftu.<\/p>\n<p>\u201cTak\u0131m\u0131m\u0131z art\u0131k rekabet i\u00e7erisinde\u201d<\/p>\n<p>Transferlerle birlikte tak\u0131m i\u00e7erisinde rekabet olu\u015faca\u011f\u0131n\u0131 ifade eden \u00d6zk\u00f6yl\u00fc, \u201c\u00d6nce kendi i\u00e7inde rekabeti yapacak, sonra d\u0131\u015far\u0131da rakiplerimizle rekabetin i\u00e7ine girece\u011fiz. Art\u0131k her b\u00f6lgenin bir alternatifi var.Bundan sonra oyuncumuza bir \u015fey oldu\u011funda, sakatl\u0131k veya cezal\u0131 duruma d\u00fc\u015ft\u00fc\u011f\u00fc zaman g\u00f6z\u00fcm\u00fcz arkada kalmayacak. Yerine ald\u0131\u011f\u0131m\u0131z, oynatabilece\u011fimiz oyuncu say\u0131m\u0131z \u00e7ok fazla. Kadro derinli\u011finin fazla olmas\u0131 tak\u0131m i\u00e7i rekabeti ve bu rekabet de ba\u015far\u0131y\u0131 \u00fcst noktalara \u00e7\u0131karacak. Biz buna inan\u0131yoruz. \u0130n\u015fallah ikinci yar\u0131 Boluspor ad\u0131na \u00e7ok \u00f6nemli bir s\u00fcre\u00e7 olacak. Bu s\u00fcreci g\u00fczel bir \u015fekilde ge\u00e7irip, m\u00fcmk\u00fcn oldu\u011fu kadar k\u0131sa s\u00fcrede kendimizi rahatlatacak, daha g\u00fcvenli olaca\u011f\u0131m\u0131z \u00fcst s\u0131ralara do\u011fru \u00e7\u0131kmak ikinci yar\u0131daki en b\u00fcy\u00fck hedefimiz. Bizim as\u0131l hedefimiz bu seneyi ligde sa\u011flam bir \u015fekilde tamamlay\u0131p, gelecek sene iddial\u0131 olan, S\u00fcper Lig i\u00e7in en b\u00fcy\u00fck adaylardan birisi olan Boluspor tak\u0131m\u0131n\u0131 kurmakt\u0131. Biz bunu \u015fuan i\u00e7in kurdu\u011fumuzu d\u00fc\u015f\u00fcn\u00fcyoruz. Ama tabi ki \u00f6ncelikle bu sezonu ba\u015far\u0131l\u0131 bir \u015fekilde ve s\u0131k\u0131nt\u0131s\u0131z bir \u015fekilde ge\u00e7irmek istiyoruz\u201d dedi.<\/p>\n","protected":false},"excerpt":{"rendered":"<p>BOLUSPOR TEKN\u0130K D\u0130REKT\u00d6R\u00dc OSMAN \u00d6ZK\u00d6YL\u00dc, ZOR B\u0130R \u0130LK YARIYI GER\u0130DE BIRAKTIKLARINI BEL\u0130RTEREK, \u0130K\u0130NC\u0130 YARIDAK\u0130 EN B\u00dcY\u00dcK HEDEFLER\u0130N\u0130N KISA S\u00dcREDE \u00dcST SIRALARA \u00c7IKMAK OLDU\u011eUNU S\u00d6YLED\u0130.<\/p>\n","protected":false},"author":1,"featured_media":255898,"comment_status":"closed","ping_status":"open","sticky":false,"template":"","format":"standard","meta":{"jetpack_post_was_ever_published":false,"_jetpack_newsletter_access":"","_jetpack_dont_email_post_to_subs":false,"_jetpack_newsletter_tier_id":0,"_jetpack_memberships_contains_paywalled_content":false,"_jetpack_memberships_contains_paid_content":false,"footnotes":"","jetpack_publicize_message":"","jetpack_publicize_feature_enabled":true,"jetpack_social_post_already_shared":true,"jetpack_social_options":{"image_generator_settings":{"template":"highway","default_image_id":0,"font":"","enabled":false},"version":2}},"categories":[657],"tags":[5159,3381,2087,3356,7868,50326,2320,56459],"class_list":["post-255897","post","type-post","status-publish","format-standard","has-post-thumbnail","hentry","category-spor","tag-hedefimiz","tag-cikmak","tag-ikinci","tag-osman","tag-ozkoylu","tag-siralara","tag-ust","tag-yaridaki"],"jetpack_publicize_connections":[],"jetpack_featured_media_url":"https:\/\/i0.wp.com\/www.tvturk.com\/wp-content\/uploads\/2020\/01\/osman-ozkoylu-ikinci-yaridaki-hedefimiz-ust-siralara-cikmak_173d08e.jpg?fit=1000%2C666","jetpack_sharing_enabled":true,"jetpack_shortlink":"https:\/\/wp.me\/paKIfm-14zn","_links":{"self":[{"href":"http:\/\/www.tvturk.com\/index.php\/wp-json\/wp\/v2\/posts\/255897","targetHints":{"allow":["GET"]}}],"collection":[{"href":"http:\/\/www.tvturk.com\/index.php\/wp-json\/wp\/v2\/posts"}],"about":[{"href":"http:\/\/www.tvturk.com\/index.php\/wp-json\/wp\/v2\/types\/post"}],"author":[{"embeddable":true,"href":"http:\/\/www.tvturk.com\/index.php\/wp-json\/wp\/v2\/users\/1"}],"replies":[{"embeddable":true,"href":"http:\/\/www.tvturk.com\/index.php\/wp-json\/wp\/v2\/comments?post=255897"}],"version-history":[{"count":0,"href":"http:\/\/www.tvturk.com\/index.php\/wp-json\/wp\/v2\/posts\/255897\/revisions"}],"wp:featuredmedia":[{"embeddable":true,"href":"http:\/\/www.tvturk.com\/index.php\/wp-json\/wp\/v2\/media\/255898"}],"wp:attachment":[{"href":"http:\/\/www.tvturk.com\/index.php\/wp-json\/wp\/v2\/media?parent=255897"}],"wp:term":[{"taxonomy":"category","embeddable":true,"href":"http:\/\/www.tvturk.com\/index.php\/wp-json\/wp\/v2\/categories?post=255897"},{"taxonomy":"post_tag","embeddable":true,"href":"http:\/\/www.tvturk.com\/index.php\/wp-json\/wp\/v2\/tags?post=255897"}],"curies":[{"name":"wp","href":"https:\/\/api.w.org\/{rel}","templated":true}]}}