{"id":255899,"date":"2020-01-15T15:02:41","date_gmt":"2020-01-15T12:02:41","guid":{"rendered":"http:\/\/www.tvturk.com\/index.php\/cebi-yonetimi-ilk-sponsorluk-anlasmasini-imzaladi\/"},"modified":"2020-01-15T15:02:41","modified_gmt":"2020-01-15T12:02:41","slug":"cebi-yonetimi-ilk-sponsorluk-anlasmasini-imzaladi","status":"publish","type":"post","link":"http:\/\/www.tvturk.com\/index.php\/cebi-yonetimi-ilk-sponsorluk-anlasmasini-imzaladi\/","title":{"rendered":"\u00c7ebi y\u00f6netimi ilk sponsorluk anla\u015fmas\u0131n\u0131 imzalad\u0131"},"content":{"rendered":"<p>Be\u015fikta\u015f Kul\u00fcb\u00fc, Ahmet Nur \u00c7ebi\u2019nin g\u00f6reve gelmesinin ard\u0131ndan ilk sponsorluk anla\u015fmas\u0131n\u0131 imzalad\u0131. Bu sezonun ikinci yar\u0131s\u0131 itibariyle ba\u015flayacak olan anla\u015fman\u0131n s\u00fcresi 5 y\u0131ll\u0131k.<\/p>\n<p>Be\u015fikta\u015f Kul\u00fcb\u00fc Ba\u015fkan\u0131 Ahmet Nur \u00c7ebi, g\u00f6reve geldikten sonra ilk sponsorluk anla\u015fmas\u0131na imza att\u0131. Haz\u0131r yemek sekt\u00f6r\u00fcn\u00fcn \u00f6nemli firmalar\u0131ndan birisiyle yap\u0131lan anla\u015fma 5 y\u0131ll\u0131k olarak a\u00e7\u0131kland\u0131. Anla\u015fman\u0131n detay\u0131na g\u00f6re, Be\u015fikta\u015f i\u00e7in haz\u0131rlanan men\u00fclerin her birinin sat\u0131\u015f\u0131ndan siyah-beyazl\u0131 kul\u00fcp y\u00fczde 7 pay alacak ve kul\u00fcb\u00fcn kasas\u0131na girdi sa\u011flayacak. Sponsorluk toplant\u0131s\u0131nda Ba\u015fkan Ahmet Nur \u00c7ebi ile birlikte Pazarlama ve \u0130\u015f Geli\u015ftirme Sorumlusu olarak g\u00f6rev yapan y\u00f6netim kurulu \u00fcyesi Enis Ulusoy ve sponsor firma yetkilileri kat\u0131ld\u0131.<\/p>\n<p>\u00c7ebi: \u201cYine taraftar\u0131m\u0131zdan destek alaca\u011f\u0131z\u201d<\/p>\n<p>Toplant\u0131da konu\u015fan Be\u015fikta\u015f Kul\u00fcb\u00fc Ba\u015fkan\u0131 Ahmet Nur \u00c7ebi, T\u00fcrk futbolunun darbo\u011fazdan ge\u00e7ti\u011fi bu d\u00f6nemde sponsorlar\u0131n \u00e7ok \u00f6nemli oldu\u011funa dikkat \u00e7ekerek, \u201cFutbola katk\u0131 veren sponsorlara te\u015fekk\u00fcr etmek istiyoruz. T\u00fcrkiye\u2019nin en b\u00fcy\u00fck g\u0131da firmalar\u0131ndan birisiyle bir araday\u0131z. Be\u015fikta\u015f\u0131m\u0131za sponsor olduklar\u0131 i\u00e7in te\u015fekk\u00fcr ediyoruz. Biraz de\u011fi\u015fik bir sponsorluk anla\u015fmas\u0131 bu. S\u00fcreklili\u011fi olan ve Be\u015fikta\u015f taraftar\u0131n\u0131n katk\u0131 verebilece\u011fi, katk\u0131 verdik\u00e7e kul\u00fcbe gelir sa\u011flayaca\u011f\u0131 bir anla\u015fma bu. Be\u015fikta\u015f camias\u0131 ve taraftarlar\u0131ndan rica ediyorum, sponsor firmam\u0131zdan yapacaklar\u0131 harcamalar, kul\u00fcb\u00fcm\u00fcze \u00e7ok b\u00fcy\u00fck maddi katk\u0131 sa\u011flayacakt\u0131r. Buradaki b\u00fct\u00fcn gelir \u015fekli dizayn\u0131, tamam\u0131yla Be\u015fikta\u015f taraftar\u0131n\u0131n harcayacaklar\u0131 \u00fczerinden alaca\u011f\u0131m\u0131z pay \u015feklindedir. Sponsorumuza Be\u015fikta\u015f camias\u0131 ba\u015fkan\u0131 olarak te\u015fekk\u00fcr ediyorum. Taraftarlar\u0131m\u0131za da \u015fimdiden afiyet olsun diyorum. Yine taraftar\u0131m\u0131zdan destek alaca\u011f\u0131z. Yedikleri i\u00e7tikleri in\u015fallah kendilerine yarar\u201d dedi.<\/p>\n<p>Sponsor firman\u0131n futbolcu transferi konusunda kul\u00fcbe destek olup olmayaca\u011f\u0131n\u0131n sorulmas\u0131 \u00fczerine de konu\u015fan \u00c7ebi, \u201cFutbolcu transferi konusuyla da di\u011fer kul\u00fcplerden farkl\u0131 bir s\u00f6zle\u015fmeyle ilk ad\u0131m\u0131 atm\u0131\u015f bulunuyoruz\u201d a\u00e7\u0131klamas\u0131nda bulundu.<\/p>\n<p>Kurdo\u011flu: \u201cGer\u00e7ek sponsor taraftar olacak\u201d<\/p>\n<p>Ahmet Nur \u00c7ebi\u2019nin ard\u0131ndan konu\u015fan TFI TAB G\u0131da Yat\u0131r\u0131mlar\u0131 Y\u00f6netim Kurulu Ba\u015fkan\u0131 Erhan Kurdo\u011flu, T\u00fcrk insan\u0131n\u0131n kul\u00fcplerine g\u00f6n\u00fclden ba\u011fl\u0131 olduklar\u0131n\u0131 belirterek, \u201cTaraftarlar her f\u0131rsatta destek vermek istiyor. Bug\u00fcn duyurusunu yapt\u0131\u011f\u0131m\u0131z yeni i\u015fbirli\u011fi modeliyle, Be\u015fikta\u015f taraftar\u0131n\u0131n kul\u00fcplerine kolay \u015fekilde destek olabilece\u011fi bir f\u0131rsat sunuyoruz ve tak\u0131mlar\u0131na kazand\u0131rman\u0131n \u00e7a\u011fr\u0131s\u0131n\u0131 yap\u0131yoruz. Buradaki ger\u00e7ek sponsor taraftar olacak. Bizim 6 firmam\u0131z ve 1200 ma\u011fazam\u0131z d\u00fc\u015f\u00fcn\u00fcld\u00fc\u011f\u00fc zaman, taraftar\u0131n deste\u011fi muazzam olacakt\u0131r. 17 Ocak 2020 tarihinden itibaren sat\u0131\u015fa sunulacak olan \u00f6zel Be\u015fikta\u015f men\u00fcs\u00fcyle, taraftarlar ek bir \u00fccret \u00f6demeden tak\u0131mlar\u0131na destek verecek. Anla\u015fmam\u0131z 2019-2020 sezonunun ikinci yar\u0131s\u0131nda ba\u015flay\u0131p \u00f6n\u00fcm\u00fczdeki 5 y\u0131ll\u0131k s\u00fcreci kaps\u0131yor. Bu anla\u015fmayla birlikte Be\u015fikta\u015f\u2019a b\u00fcy\u00fck katk\u0131 sa\u011flayaca\u011f\u0131m\u0131z\u0131 d\u00fc\u015f\u00fcn\u00fcyoruz. Bu anla\u015fmam\u0131z, Fenerbah\u00e7e ile yapt\u0131\u011f\u0131m\u0131z anla\u015fman\u0131n da ayn\u0131s\u0131. Senelik 400 milyon m\u00fc\u015fterimiz var ve in\u015fallah bir\u00e7o\u011fu taraftar\u0131 oldu\u011fu tak\u0131ma destek vermek \u00fczere harekete ge\u00e7er. Ma\u00e7 g\u00fcnleri i\u00e7in buraya TIR getirece\u011fiz\u201d a\u00e7\u0131klamas\u0131n\u0131 yapt\u0131.<\/p>\n<p>Firman\u0131n ma\u00e7 g\u00fcnlerinde stada TIR getirece\u011finin a\u00e7\u0131klamas\u0131 \u00fczerine ise Ahmet Nur \u00c7ebi, \u201cTIR getirmeyin, biz size kiral\u0131k bir yer verelim, daha iyi olur. Kirada da anla\u015f\u0131r\u0131z\u201d cevab\u0131n\u0131 verdi.<\/p>\n<p>A\u00e7\u0131klamalar\u0131n ard\u0131ndan toplu foto\u011fraf \u00e7ekimiyle toplant\u0131 tamamland\u0131.<\/p>\n","protected":false},"excerpt":{"rendered":"<p>BE\u015e\u0130KTA\u015e KUL\u00dcB\u00dc, AHMET NUR \u00c7EB\u0130\u2019N\u0130N G\u00d6REVE GELMES\u0130N\u0130N ARDINDAN \u0130LK SPONSORLUK ANLA\u015eMASINI \u0130MZALADI. BU SEZONUN \u0130K\u0130NC\u0130 YARISI \u0130T\u0130BAR\u0130YLE BA\u015eLAYACAK OLAN ANLA\u015eMANIN S\u00dcRES\u0130 5 YILLIK.<\/p>\n","protected":false},"author":1,"featured_media":255900,"comment_status":"closed","ping_status":"open","sticky":false,"template":"","format":"standard","meta":{"jetpack_post_was_ever_published":false,"_jetpack_newsletter_access":"","_jetpack_dont_email_post_to_subs":false,"_jetpack_newsletter_tier_id":0,"_jetpack_memberships_contains_paywalled_content":false,"_jetpack_memberships_contains_paid_content":false,"footnotes":"","jetpack_publicize_message":"","jetpack_publicize_feature_enabled":true,"jetpack_social_post_already_shared":true,"jetpack_social_options":{"image_generator_settings":{"template":"highway","default_image_id":0,"font":"","enabled":false},"version":2}},"categories":[657],"tags":[4803,26736,37,2317,24948,1543],"class_list":["post-255899","post","type-post","status-publish","format-standard","has-post-thumbnail","hentry","category-spor","tag-anlasmasini","tag-cebi","tag-ilk","tag-imzaladi","tag-sponsorluk","tag-yonetimi"],"jetpack_publicize_connections":[],"jetpack_featured_media_url":"https:\/\/i0.wp.com\/www.tvturk.com\/wp-content\/uploads\/2020\/01\/cebi-yonetimi-ilk-sponsorluk-anlasmasini-imzaladi_450b76f.jpg?fit=1000%2C594","jetpack_sharing_enabled":true,"jetpack_shortlink":"https:\/\/wp.me\/paKIfm-14zp","_links":{"self":[{"href":"http:\/\/www.tvturk.com\/index.php\/wp-json\/wp\/v2\/posts\/255899","targetHints":{"allow":["GET"]}}],"collection":[{"href":"http:\/\/www.tvturk.com\/index.php\/wp-json\/wp\/v2\/posts"}],"about":[{"href":"http:\/\/www.tvturk.com\/index.php\/wp-json\/wp\/v2\/types\/post"}],"author":[{"embeddable":true,"href":"http:\/\/www.tvturk.com\/index.php\/wp-json\/wp\/v2\/users\/1"}],"replies":[{"embeddable":true,"href":"http:\/\/www.tvturk.com\/index.php\/wp-json\/wp\/v2\/comments?post=255899"}],"version-history":[{"count":0,"href":"http:\/\/www.tvturk.com\/index.php\/wp-json\/wp\/v2\/posts\/255899\/revisions"}],"wp:featuredmedia":[{"embeddable":true,"href":"http:\/\/www.tvturk.com\/index.php\/wp-json\/wp\/v2\/media\/255900"}],"wp:attachment":[{"href":"http:\/\/www.tvturk.com\/index.php\/wp-json\/wp\/v2\/media?parent=255899"}],"wp:term":[{"taxonomy":"category","embeddable":true,"href":"http:\/\/www.tvturk.com\/index.php\/wp-json\/wp\/v2\/categories?post=255899"},{"taxonomy":"post_tag","embeddable":true,"href":"http:\/\/www.tvturk.com\/index.php\/wp-json\/wp\/v2\/tags?post=255899"}],"curies":[{"name":"wp","href":"https:\/\/api.w.org\/{rel}","templated":true}]}}