{"id":255901,"date":"2020-01-15T15:02:46","date_gmt":"2020-01-15T12:02:46","guid":{"rendered":"http:\/\/www.tvturk.com\/index.php\/adanasporlu-riop-sahada-elimden-geleni-yapacagim\/"},"modified":"2020-01-15T15:02:46","modified_gmt":"2020-01-15T12:02:46","slug":"adanasporlu-riop-sahada-elimden-geleni-yapacagim","status":"publish","type":"post","link":"http:\/\/www.tvturk.com\/index.php\/adanasporlu-riop-sahada-elimden-geleni-yapacagim\/","title":{"rendered":"Adanasporlu Riop: &#8220;Sahada elimden geleni yapaca\u011f\u0131m&#8221;"},"content":{"rendered":"<p>TFF 1. Lig ekibi Adanaspor\u2019un devre aras\u0131nda kadrosuna katt\u0131\u011f\u0131 Senegalli futbolcu Amidou Diop, &#8220;Sahada bulundu\u011fum s\u00fcre boyunca elimden geleni yapaca\u011f\u0131m&#8221; dedi.<\/p>\n<p>Adanaspor ile 1,5 y\u0131ll\u0131k s\u00f6zle\u015fme imzalayan 27 ya\u015f\u0131ndaki Diop, &#8220;\u00d6ncelikle burada oldu\u011fum i\u00e7in \u00e7ok mutluyum. Destek olan herkese te\u015fekk\u00fcr ederim. Adanaspor i\u00e7in sahaya \u00e7\u0131kaca\u011f\u0131m ve sahada y\u00fczde y\u00fcz\u00fcm\u00fc verece\u011fim. \u0130kinci yar\u0131ya \u00e7ok g\u00fczel bir ba\u015flang\u0131\u00e7 yapmak istiyoruz. Sahada bulundu\u011fum s\u00fcre boyunca elimden geleni yapaca\u011f\u0131m&#8221; diye konu\u015ftu.<\/p>\n","protected":false},"excerpt":{"rendered":"<p>ADANASPOR&#8217;UN DEVRE ARASINDA KADROSUNA KATTI\u011eIAM\u0130DOU D\u0130OP, &#8220;SAHADA BULUNDU\u011eUM S\u00dcRE BOYUNCA EL\u0130MDEN GELEN\u0130 YAPACA\u011eIM&#8221; DED\u0130.<\/p>\n","protected":false},"author":1,"featured_media":255902,"comment_status":"closed","ping_status":"open","sticky":false,"template":"","format":"standard","meta":{"jetpack_post_was_ever_published":false,"_jetpack_newsletter_access":"","_jetpack_dont_email_post_to_subs":false,"_jetpack_newsletter_tier_id":0,"_jetpack_memberships_contains_paywalled_content":false,"_jetpack_memberships_contains_paid_content":false,"footnotes":"","jetpack_publicize_message":"","jetpack_publicize_feature_enabled":true,"jetpack_social_post_already_shared":true,"jetpack_social_options":{"image_generator_settings":{"template":"highway","default_image_id":0,"font":"","enabled":false},"version":2}},"categories":[657],"tags":[63268,24311,24142,63269,5938,28972],"class_list":["post-255901","post","type-post","status-publish","format-standard","has-post-thumbnail","hentry","category-spor","tag-adanasporlu","tag-elimden","tag-geleni","tag-riop","tag-sahada","tag-yapacagim"],"jetpack_publicize_connections":[],"jetpack_featured_media_url":"https:\/\/i0.wp.com\/www.tvturk.com\/wp-content\/uploads\/2020\/01\/adanasporlu-riop-sahada-elimden-geleni-yapacagim_e9a587b.jpg?fit=1000%2C640","jetpack_sharing_enabled":true,"jetpack_shortlink":"https:\/\/wp.me\/paKIfm-14zr","_links":{"self":[{"href":"http:\/\/www.tvturk.com\/index.php\/wp-json\/wp\/v2\/posts\/255901","targetHints":{"allow":["GET"]}}],"collection":[{"href":"http:\/\/www.tvturk.com\/index.php\/wp-json\/wp\/v2\/posts"}],"about":[{"href":"http:\/\/www.tvturk.com\/index.php\/wp-json\/wp\/v2\/types\/post"}],"author":[{"embeddable":true,"href":"http:\/\/www.tvturk.com\/index.php\/wp-json\/wp\/v2\/users\/1"}],"replies":[{"embeddable":true,"href":"http:\/\/www.tvturk.com\/index.php\/wp-json\/wp\/v2\/comments?post=255901"}],"version-history":[{"count":0,"href":"http:\/\/www.tvturk.com\/index.php\/wp-json\/wp\/v2\/posts\/255901\/revisions"}],"wp:featuredmedia":[{"embeddable":true,"href":"http:\/\/www.tvturk.com\/index.php\/wp-json\/wp\/v2\/media\/255902"}],"wp:attachment":[{"href":"http:\/\/www.tvturk.com\/index.php\/wp-json\/wp\/v2\/media?parent=255901"}],"wp:term":[{"taxonomy":"category","embeddable":true,"href":"http:\/\/www.tvturk.com\/index.php\/wp-json\/wp\/v2\/categories?post=255901"},{"taxonomy":"post_tag","embeddable":true,"href":"http:\/\/www.tvturk.com\/index.php\/wp-json\/wp\/v2\/tags?post=255901"}],"curies":[{"name":"wp","href":"https:\/\/api.w.org\/{rel}","templated":true}]}}