{"id":255933,"date":"2020-01-15T15:32:47","date_gmt":"2020-01-15T12:32:47","guid":{"rendered":"http:\/\/www.tvturk.com\/index.php\/guilherme-yeni-malatyasporda-kaldi\/"},"modified":"2020-01-15T15:32:47","modified_gmt":"2020-01-15T12:32:47","slug":"guilherme-yeni-malatyasporda-kaldi","status":"publish","type":"post","link":"http:\/\/www.tvturk.com\/index.php\/guilherme-yeni-malatyasporda-kaldi\/","title":{"rendered":"Guilherme, Yeni Malatyaspor\u2019da kald\u0131"},"content":{"rendered":"<p>S\u00fcper Lig\u2019de devre aras\u0131 transferinde ad\u0131 Be\u015fikta\u015f ile an\u0131lan Brezilyal\u0131 orta saha Guilherme, Yeni Malatyaspor\u2019da kald\u0131.<\/p>\n<p>28 ya\u015f\u0131ndaki orta saha oyuncunun Be\u015fikta\u015f\u2019a transferi, siyah-beyazl\u0131 kul\u00fcb\u00fcn transfer limiti dolay\u0131s\u0131yla ger\u00e7ekle\u015fmedi. Yeni Malatyaspor ile 1,5 y\u0131ll\u0131k kiral\u0131k s\u00f6zle\u015fmesi bulunan Guilherme\u2019nin ikinci yar\u0131da da sar\u0131-k\u0131rm\u0131z\u0131l\u0131 formay\u0131 giyece\u011fi belirtildi.<\/p>\n<p>Yeni Malatyaspor Futbol \u015eube Sorumlusu Suat Tekin, kul\u00fcp televizyonuna yapt\u0131\u011f\u0131 a\u00e7\u0131klamada, \u201cGuilherme, Yeni Malatyaspor\u2019un s\u00f6zle\u015fmeli futbolcusudur. Transfer d\u00f6nemlerinde bu t\u00fcr haberler \u00e7\u0131kabilir. Biz en ba\u015f\u0131ndan beri y\u00f6netimimize gelen bir teklif olmad\u0131\u011f\u0131n\u0131 s\u00f6yledik. Futbolcumuzun performans\u0131ndan olduk\u00e7a memnunuz. Dolay\u0131s\u0131yla kendisiyle devam etmek istememiz en do\u011fal hakk\u0131m\u0131z\u201d diye konu\u015ftu.<\/p>\n","protected":false},"excerpt":{"rendered":"<p>S\u00dcPER L\u0130G\u2019DE DEVRE ARASI TRANSFER\u0130N\u0130N EN \u00c7OK KONU\u015eULAN \u0130SM\u0130 BREZ\u0130LYALI ORTA SAHA GU\u0130LHERME MARGUEZ YEN\u0130 MALATYASPOR\u2019DA KALDI.<\/p>\n","protected":false},"author":1,"featured_media":255934,"comment_status":"closed","ping_status":"open","sticky":false,"template":"","format":"standard","meta":{"jetpack_post_was_ever_published":false,"_jetpack_newsletter_access":"","_jetpack_dont_email_post_to_subs":false,"_jetpack_newsletter_tier_id":0,"_jetpack_memberships_contains_paywalled_content":false,"_jetpack_memberships_contains_paid_content":false,"footnotes":"","jetpack_publicize_message":"","jetpack_publicize_feature_enabled":true,"jetpack_social_post_already_shared":true,"jetpack_social_options":{"image_generator_settings":{"template":"highway","default_image_id":0,"font":"","enabled":false},"version":2}},"categories":[657],"tags":[44992,1853,3855,87],"class_list":["post-255933","post","type-post","status-publish","format-standard","has-post-thumbnail","hentry","category-spor","tag-guilherme","tag-kaldi","tag-malatyasporda","tag-yeni"],"jetpack_publicize_connections":[],"jetpack_featured_media_url":"https:\/\/i0.wp.com\/www.tvturk.com\/wp-content\/uploads\/2020\/01\/guilherme-yeni-malatyasporda-kaldi_653fea1.jpg?fit=964%2C847","jetpack_sharing_enabled":true,"jetpack_shortlink":"https:\/\/wp.me\/paKIfm-14zX","_links":{"self":[{"href":"http:\/\/www.tvturk.com\/index.php\/wp-json\/wp\/v2\/posts\/255933","targetHints":{"allow":["GET"]}}],"collection":[{"href":"http:\/\/www.tvturk.com\/index.php\/wp-json\/wp\/v2\/posts"}],"about":[{"href":"http:\/\/www.tvturk.com\/index.php\/wp-json\/wp\/v2\/types\/post"}],"author":[{"embeddable":true,"href":"http:\/\/www.tvturk.com\/index.php\/wp-json\/wp\/v2\/users\/1"}],"replies":[{"embeddable":true,"href":"http:\/\/www.tvturk.com\/index.php\/wp-json\/wp\/v2\/comments?post=255933"}],"version-history":[{"count":0,"href":"http:\/\/www.tvturk.com\/index.php\/wp-json\/wp\/v2\/posts\/255933\/revisions"}],"wp:featuredmedia":[{"embeddable":true,"href":"http:\/\/www.tvturk.com\/index.php\/wp-json\/wp\/v2\/media\/255934"}],"wp:attachment":[{"href":"http:\/\/www.tvturk.com\/index.php\/wp-json\/wp\/v2\/media?parent=255933"}],"wp:term":[{"taxonomy":"category","embeddable":true,"href":"http:\/\/www.tvturk.com\/index.php\/wp-json\/wp\/v2\/categories?post=255933"},{"taxonomy":"post_tag","embeddable":true,"href":"http:\/\/www.tvturk.com\/index.php\/wp-json\/wp\/v2\/tags?post=255933"}],"curies":[{"name":"wp","href":"https:\/\/api.w.org\/{rel}","templated":true}]}}