{"id":255959,"date":"2020-01-15T16:46:24","date_gmt":"2020-01-15T13:46:24","guid":{"rendered":"http:\/\/www.tvturk.com\/index.php\/turkiye-en-yuksek-insani-gelisme-kategorisinde\/"},"modified":"2020-01-15T16:46:24","modified_gmt":"2020-01-15T13:46:24","slug":"turkiye-en-yuksek-insani-gelisme-kategorisinde","status":"publish","type":"post","link":"http:\/\/www.tvturk.com\/index.php\/turkiye-en-yuksek-insani-gelisme-kategorisinde\/","title":{"rendered":"T\u00fcrkiye, \u2018En y\u00fcksek insani geli\u015fme\u2019 kategorisinde"},"content":{"rendered":"<p>T\u00fcrkiye, \u0130nsani Geli\u015fme Endeksi\u2019nde 189 \u00fclke aras\u0131nda 59\u2019uncu s\u0131rada yer alarak ilk kez \u2018en y\u00fcksek insani geli\u015fme\u2019 kategorisine girdi. T\u00fcrkiye bir \u00f6nceki listede \u2018y\u00fcksek insani geli\u015fme\u2019 kategorisinde yer alm\u0131\u015ft\u0131.<\/p>\n<p>Birle\u015fmi\u015f Milletler Kalk\u0131nma Program\u0131 (UNDP) taraf\u0131ndan 2018 y\u0131l\u0131 verileri baz al\u0131narak haz\u0131rlanan \u2018\u0130nsani Geli\u015fme Raporu 2019\u2019 \u0130stanbul\u2019da ger\u00e7ekle\u015ftirilen programda yay\u0131mland\u0131.<\/p>\n<p>Rapor; \u0130nsani Geli\u015fme Endeksi, E\u015fitsizli\u011fe Uyarlanm\u0131\u015f \u0130nsani Geli\u015fme Endeksi, Cinsiyete Dayal\u0131 Geli\u015fme Endeksi, Toplumsal Cinsiyet E\u015fitsizli\u011fi Endeksi ile \u00c7ok Boyutlu Yoksulluk Endeksini i\u00e7eriyor.<\/p>\n<p>\u00dclkelerin resmi istatistik kurumlar\u0131ndan elde edilen veriler \u0131\u015f\u0131\u011f\u0131nda haz\u0131rlanan endeks, uzun ve sa\u011fl\u0131kl\u0131 ya\u015fam, bilgiye eri\u015fim ile kabul edilebilir bir ya\u015fam standard\u0131 gibi \u00fc\u00e7 temel boyutta ortalama insani geli\u015fme d\u00fczeyinin uzun vadeli takibi sonucunda olu\u015fturuluyor.<\/p>\n<p>T\u00fcrkiye, \u2018En y\u00fcksek insani geli\u015fme\u2019 kategorisinde<\/p>\n<p>Yay\u0131mlanan rapora g\u00f6re; T\u00fcrkiye\u2019nin 2018 y\u0131l\u0131nda ki \u0130nsani Geli\u015fme Endeksi de\u011feri 0,806 olarak hesapland\u0131. Bu de\u011ferle T\u00fcrkiye, 189 \u00fclke aras\u0131nda 59\u2019uncu oldu ve ilk kez \u201cen y\u00fcksek insani geli\u015fme\u201d kategorisinde yer ald\u0131. T\u00fcrkiye bir \u00f6nceki listede \u201cy\u00fcksek insani geli\u015fme\u201d kategorisinde yer alm\u0131\u015ft\u0131.<\/p>\n<p>\u0130nsani Geli\u015fme Raporu\u2019na g\u00f6re Norve\u00e7 ilk s\u0131rada<\/p>\n<p>\u2018\u0130nsani Geli\u015fme Raporu 2019\u2019a g\u00f6re Norve\u00e7 en geli\u015fmi\u015f \u00fclke olarak ilk s\u0131rada yer ald\u0131 ve zirvedeki yerini korudu. Norve\u00e7\u2019i s\u0131ras\u0131yla; \u0130svi\u00e7re, \u0130rlanda, Almanya ve \u00c7in\u2019in Hong Kong \u00d6zel \u0130dari B\u00f6lgesi izledi.<\/p>\n<p>Listenin en alt\u0131ndaki s\u0131ralama ise s\u0131ras\u0131yla Nijer, Orta Afrika Cumhuriyeti, \u00c7ad, G\u00fcney Sudan ve Burundi \u015feklinde olu\u015ftu.<\/p>\n<p>\u2018\u0130nsani Geli\u015fme Raporu 2019\u2019unun tan\u0131t\u0131m sunumunu UNDP T\u00fcrkiye Mukim Temsilcisi Claudio Tomasi yapt\u0131.<\/p>\n<p>Rapor ile ilgili bilgi veren Tomasi, \u201cRapor sosyoekonomik e\u015fitsizlikleri \u00fc\u00e7 boyutta irdeliyor. Gelirin \u00f6tesinde, ortalamalar\u0131n \u00f6tesinde, bug\u00fcn\u00fcn \u00f6tesinde olmak \u00fczere \u00fc\u00e7 boyutta. T\u00fcrkiye \u0130nsani Geli\u015fme Endeksi de\u011feri 2018\u2019de 0,806 olarak hesaplanm\u0131\u015ft\u0131. Bu de\u011ferle T\u00fcrkiye, 189 \u00fclke aras\u0131nda 59\u2019uncu oldu. T\u00fcrkiye bu geli\u015fmeyle ilk kez \u2018en y\u00fcksek insani geli\u015fme\u2019 kategorisine girdi. T\u00fcrkiye bir \u00f6nceki listede 64\u2019\u00fcnc\u00fc olarak \u2018y\u00fcksek insani geli\u015fme\u2019 kategorisinde yer alm\u0131\u015ft\u0131\u201d \u015feklinde konu\u015ftu.<\/p>\n","protected":false},"excerpt":{"rendered":"<p>T\u00dcRK\u0130YE, \u0130NSAN\u0130 GEL\u0130\u015eME ENDEKS\u0130\u2019NDE 189 \u00dcLKE ARASINDA 59\u2019UNCU SIRADA YER ALARAK \u0130LK KEZ \u2018EN Y\u00dcKSEK \u0130NSAN\u0130 GEL\u0130\u015eME\u2019 KATEGOR\u0130S\u0130NE G\u0130RD\u0130. T\u00dcRK\u0130YE B\u0130R \u00d6NCEK\u0130 L\u0130STEDE \u2018Y\u00dcKSEK \u0130NSAN\u0130 GEL\u0130\u015eME\u2019 KATEGOR\u0130S\u0130NDE YER ALMI\u015eTI.<\/p>\n","protected":false},"author":1,"featured_media":255960,"comment_status":"closed","ping_status":"open","sticky":false,"template":"","format":"standard","meta":{"jetpack_post_was_ever_published":false,"_jetpack_newsletter_access":"","_jetpack_dont_email_post_to_subs":false,"_jetpack_newsletter_tier_id":0,"_jetpack_memberships_contains_paywalled_content":false,"_jetpack_memberships_contains_paid_content":false,"footnotes":"","jetpack_publicize_message":"","jetpack_publicize_feature_enabled":true,"jetpack_social_post_already_shared":true,"jetpack_social_options":{"image_generator_settings":{"template":"highway","default_image_id":0,"font":"","enabled":false},"version":2}},"categories":[19],"tags":[2370,5085,4009,92,453,3448],"class_list":["post-255959","post","type-post","status-publish","format-standard","has-post-thumbnail","hentry","category-ekonomi","tag-en","tag-gelisme","tag-insani","tag-kategorisinde","tag-turkiye","tag-yuksek"],"jetpack_publicize_connections":[],"jetpack_featured_media_url":"https:\/\/i0.wp.com\/www.tvturk.com\/wp-content\/uploads\/2020\/01\/turkiye-en-yuksek-insani-gelisme-kategorisinde_e8fc195.jpg?fit=1000%2C627","jetpack_sharing_enabled":true,"jetpack_shortlink":"https:\/\/wp.me\/paKIfm-14An","_links":{"self":[{"href":"http:\/\/www.tvturk.com\/index.php\/wp-json\/wp\/v2\/posts\/255959","targetHints":{"allow":["GET"]}}],"collection":[{"href":"http:\/\/www.tvturk.com\/index.php\/wp-json\/wp\/v2\/posts"}],"about":[{"href":"http:\/\/www.tvturk.com\/index.php\/wp-json\/wp\/v2\/types\/post"}],"author":[{"embeddable":true,"href":"http:\/\/www.tvturk.com\/index.php\/wp-json\/wp\/v2\/users\/1"}],"replies":[{"embeddable":true,"href":"http:\/\/www.tvturk.com\/index.php\/wp-json\/wp\/v2\/comments?post=255959"}],"version-history":[{"count":0,"href":"http:\/\/www.tvturk.com\/index.php\/wp-json\/wp\/v2\/posts\/255959\/revisions"}],"wp:featuredmedia":[{"embeddable":true,"href":"http:\/\/www.tvturk.com\/index.php\/wp-json\/wp\/v2\/media\/255960"}],"wp:attachment":[{"href":"http:\/\/www.tvturk.com\/index.php\/wp-json\/wp\/v2\/media?parent=255959"}],"wp:term":[{"taxonomy":"category","embeddable":true,"href":"http:\/\/www.tvturk.com\/index.php\/wp-json\/wp\/v2\/categories?post=255959"},{"taxonomy":"post_tag","embeddable":true,"href":"http:\/\/www.tvturk.com\/index.php\/wp-json\/wp\/v2\/tags?post=255959"}],"curies":[{"name":"wp","href":"https:\/\/api.w.org\/{rel}","templated":true}]}}