{"id":255971,"date":"2020-01-15T17:16:44","date_gmt":"2020-01-15T14:16:44","guid":{"rendered":"http:\/\/www.tvturk.com\/index.php\/hirvat-ressam-miljenko-bengezden-istanbul-havalimaninda-resim-sergisi\/"},"modified":"2020-01-15T17:16:44","modified_gmt":"2020-01-15T14:16:44","slug":"hirvat-ressam-miljenko-bengezden-istanbul-havalimaninda-resim-sergisi","status":"publish","type":"post","link":"http:\/\/www.tvturk.com\/index.php\/hirvat-ressam-miljenko-bengezden-istanbul-havalimaninda-resim-sergisi\/","title":{"rendered":"H\u0131rvat Ressam Miljenko Bengez\u2019den \u0130stanbul Havaliman\u0131\u2019nda resim sergisi"},"content":{"rendered":"<p>H\u0131rvat Ressam Miljenko Bengez\u2019in eserlerinden olu\u015fan \u2018H\u0131rvatistan ve T\u00fcrkiye Akdeniz Ba\u011flant\u0131lar\u0131\u2019 isimli resim sergisi, \u0130stanbul Havaliman\u0131\u2019nda yolcular\u0131n be\u011fenisine sunuldu.<\/p>\n<p>\u0130stanbul Havaliman\u0131 D\u0131\u015f Hatlar Gidi\u015f Terminali\u2019ndeki Bosphorus alan\u0131nda Ressam Miljenko Bengez\u2019in eserlerinden olu\u015fan \u2018H\u0131rvatistan ve T\u00fcrkiye Akdeniz Ba\u011flant\u0131lar\u0131\u2019 isimli resim sergisinin a\u00e7\u0131l\u0131\u015f\u0131 ger\u00e7ekle\u015ftirildi. A\u00e7\u0131l\u0131\u015f\u0131n t\u00f6renine \u0130stanbul Havaliman\u0131 M\u00fclki \u0130dare Amiri \u0130smail \u015eanl\u0131, \u0130GA Havaliman\u0131 \u0130\u015fletmesi \u0130cra Kurulu Ba\u015fkan\u0131 ve Genel M\u00fcd\u00fcr\u00fc Kadri Samsunlu, H\u0131rvatistan \u0130stanbul Ba\u015fkonsolosu Dr. Ivana Zerec, teknik direkt\u00f6r Stjepan Tomas ve \u00e7ok say\u0131da davetli kat\u0131ld\u0131.<\/p>\n<p>\u201cBir havaliman\u0131 olmaktan \u00f6te ya\u015fam ve sanat alan\u0131 olmak i\u00e7in \u00e7al\u0131\u015fmalar\u0131m\u0131z\u0131 s\u00fcrd\u00fcr\u00fcyoruz\u201d<\/p>\n<p>Etkinlikte yapt\u0131\u011f\u0131 konu\u015fmada k\u00fclt\u00fcrel faaliyetleri ev sahipli\u011fi yapmaya devam edeceklerini kaydeden \u0130GA Havaliman\u0131 \u0130\u015fletmesi \u0130cra Kurulu Ba\u015fkan\u0131 Kadri Samsunlu, \u201c\u0130stanbul Havaliman\u0131 olarak H\u0131rvatistan \u0130stanbul Ba\u015fkonsoloslu\u011fu taraf\u0131ndan d\u00fczenlenen, ressam Miljenko Bengez \u2018e ait 23 eserin yer ald\u0131\u011f\u0131 \u2018H\u0131rvatistan ve T\u00fcrkiye Akdeniz Ba\u011flant\u0131lar\u0131\u2019 sergisine ev sahipli\u011fi yapmaktan b\u00fcy\u00fck mutluluk duyuyoruz. \u0130stanbul Havaliman\u0131 olarak, insanlar\u0131n yeni yerler ke\u015ffetmesine olanak sa\u011flayan bir durak oldu\u011fumuz i\u00e7in, farkl\u0131 \u00fclkelerin sanat\u00e7\u0131lar\u0131na ve eserlerine kucak a\u00e7\u0131yor. Sanat\u0131n da uluslaras\u0131 hub\u2019\u0131 olmak i\u00e7in ad\u0131mlar at\u0131yoruz. \u0130stanbul Havaliman\u0131 olarak sadece bir havaliman\u0131 olmaktan \u00f6te ayn\u0131 zamanda bir ya\u015fam ve sanat alan\u0131 olmak i\u00e7in \u00e7al\u0131\u015fmalar\u0131m\u0131z\u0131 s\u00fcrd\u00fcr\u00fcyoruz\u201d de\u011ferlendirmesinde bulundu.<\/p>\n<p>\u201cBu de\u011ferli eserlerin \u0130stanbul Havaliman\u0131\u2019na \u00e7ok yak\u0131\u015faca\u011f\u0131n\u0131 d\u00fc\u015f\u00fcn\u00fcyorum\u201d<\/p>\n<p>\u0130ki \u00fclke aras\u0131nda k\u00fclt\u00fcrel ba\u011flar\u0131n bulundu\u011funu belirten Samsunlu, \u201cMiljenko Bengez\u2019in \u2018H\u0131rvatistan ve T\u00fcrkiye Akdeniz Ba\u011flant\u0131lar\u0131\u2019 isimli sergisini T\u00fcrkiye-H\u0131rvatistan ili\u015fkilerinde y\u0131llard\u0131r s\u00fcregelen dostlu\u011fun peki\u015fmesi ad\u0131na yeni bir ad\u0131m olarak g\u00f6r\u00fcyoruz. Sizlerin de bildi\u011fi gibi iki \u00fclke aras\u0131ndaki karde\u015fli\u011fi peki\u015ftiren en \u00f6nemli ba\u011f Akdeniz\u2019dir. Ressam Miljenko Bengez\u2019de eserlerinde Akdeniz \u015fehirlerini ve bu \u015fehirlerdeki g\u00fcndelik ya\u015fam\u0131 yans\u0131tm\u0131\u015f, T\u00fcrkiye ve H\u0131rvatistan aras\u0131ndaki k\u00fclt\u00fcrel benzerli\u011fe de g\u00f6nderme yaparak iki \u00fclkenin ne denli yak\u0131n oldu\u011funu da vurgulam\u0131\u015ft\u0131r. Bu sergi, H\u0131rvatistan ile T\u00fcrkiye aras\u0131nda k\u00f6pr\u00fc g\u00f6revi g\u00f6rerek ayn\u0131 zamanda bir nevi Akdeniz \u00fczerinden T\u00fcrkiye ile H\u0131rvatistan\u2019\u0131 daha da birbirine yak\u0131nla\u015ft\u0131racakt\u0131r. Adeta bilin\u00e7alt\u0131m\u0131z\u0131n renklendirilmesi olarak g\u00f6rd\u00fc\u011f\u00fcm bu de\u011ferli eserlerin \u0130stanbul Havaliman\u0131\u2019na \u00e7ok yak\u0131\u015faca\u011f\u0131n\u0131 d\u00fc\u015f\u00fcn\u00fcyorum\u201d ifadelerine yer verdi.<\/p>\n<p>\u0130ki \u00fclke aras\u0131ndaki ortak k\u00fclt\u00fcre vurgu<\/p>\n<p>\u0130stanbul Havaliman\u0131 M\u00fclki \u0130dare Amiri \u015eanl\u0131 H\u0131rvatistan\u2019\u0131n yak\u0131n co\u011frafyada yer almas\u0131 hasebiyle iki \u00fclke aras\u0131nda ortak k\u00fclt\u00fcrel de\u011ferlerin bulundu\u011funu belirterek ,\u201cH\u0131rvatistan en Do\u011fudaki s\u0131n\u0131r\u0131m\u0131zdan bize daha yak\u0131n olan bir \u00fclke. Bunun da do\u011fal bir sonucu olarak \u00e7ok ciddi bir ortak k\u00fclt\u00fcr\u00fcm\u00fcz var. Buras\u0131 onlar\u0131n da evi. \u0130nan\u0131yorum ki \u0130stanbul Havaliman\u0131 sadece T\u00fcrkiye\u2019nin de\u011fil yak\u0131n co\u011frafyan\u0131n da d\u00fcnyaya a\u00e7\u0131lan bir kap\u0131s\u0131 olarak hizmet verecektir\u201d \u015feklinde konu\u015ftu.<\/p>\n<p>\u0130stanbul Havaliman\u0131\u2019nda eserleri sergilenen H\u0131rvat Ressam Miljenko Bengez ise, &#8220;Yapmaya \u00e7al\u0131\u015ft\u0131\u011f\u0131m \u015fey asl\u0131nda insanlar\u0131 baz\u0131 \u015feylere yakla\u015ft\u0131rmak \u00e7\u00fcnk\u00fc sanat payla\u015f\u0131lan bir \u015fey. E\u011fer bir tecr\u00fcbeyi payla\u015fmay\u0131 bilmiyorsan\u0131z sanat\u00e7\u0131 olamazs\u0131n\u0131z\u201d ifadelerini kulland\u0131.<\/p>\n<p>A\u00e7\u0131l\u0131\u015f\u0131 ger\u00e7ekle\u015ftirilen sergi 20 Ocak\u2019a kadar yolcular taraf\u0131ndan ziyaret edilebilecek.<\/p>\n","protected":false},"excerpt":{"rendered":"<p>HIRVAT RESSAM M\u0130LJENKO BENGEZ\u2019\u0130N ESERLER\u0130NDEN OLU\u015eAN \u2018HIRVAT\u0130STAN VE T\u00dcRK\u0130YE AKDEN\u0130Z BA\u011eLANTILARI\u2019 \u0130S\u0130ML\u0130 RES\u0130M SERG\u0130S\u0130, \u0130STANBUL HAVAL\u0130MANI&#8217;NDA YOLCULARIN BE\u011eEN\u0130S\u0130NE SUNULDU.<\/p>\n","protected":false},"author":1,"featured_media":255972,"comment_status":"closed","ping_status":"open","sticky":false,"template":"","format":"standard","meta":{"jetpack_post_was_ever_published":false,"_jetpack_newsletter_access":"","_jetpack_dont_email_post_to_subs":false,"_jetpack_newsletter_tier_id":0,"_jetpack_memberships_contains_paywalled_content":false,"_jetpack_memberships_contains_paid_content":false,"footnotes":"","jetpack_publicize_message":"","jetpack_publicize_feature_enabled":true,"jetpack_social_post_already_shared":true,"jetpack_social_options":{"image_generator_settings":{"template":"highway","default_image_id":0,"font":"","enabled":false},"version":2}},"categories":[1],"tags":[63294,6033,52467,730,63293,4857,15479,1335],"class_list":["post-255971","post","type-post","status-publish","format-standard","has-post-thumbnail","hentry","category-genel","tag-bengezden","tag-havalimaninda","tag-hirvat","tag-istanbul","tag-miljenko","tag-resim","tag-ressam","tag-sergisi"],"jetpack_publicize_connections":[],"jetpack_featured_media_url":"https:\/\/i0.wp.com\/www.tvturk.com\/wp-content\/uploads\/2020\/01\/hirvat-ressam-miljenko-bengezden-istanbul-havalimaninda-resim-sergisi_339c4d8.jpg?fit=1000%2C666","jetpack_sharing_enabled":true,"jetpack_shortlink":"https:\/\/wp.me\/paKIfm-14Az","_links":{"self":[{"href":"http:\/\/www.tvturk.com\/index.php\/wp-json\/wp\/v2\/posts\/255971","targetHints":{"allow":["GET"]}}],"collection":[{"href":"http:\/\/www.tvturk.com\/index.php\/wp-json\/wp\/v2\/posts"}],"about":[{"href":"http:\/\/www.tvturk.com\/index.php\/wp-json\/wp\/v2\/types\/post"}],"author":[{"embeddable":true,"href":"http:\/\/www.tvturk.com\/index.php\/wp-json\/wp\/v2\/users\/1"}],"replies":[{"embeddable":true,"href":"http:\/\/www.tvturk.com\/index.php\/wp-json\/wp\/v2\/comments?post=255971"}],"version-history":[{"count":0,"href":"http:\/\/www.tvturk.com\/index.php\/wp-json\/wp\/v2\/posts\/255971\/revisions"}],"wp:featuredmedia":[{"embeddable":true,"href":"http:\/\/www.tvturk.com\/index.php\/wp-json\/wp\/v2\/media\/255972"}],"wp:attachment":[{"href":"http:\/\/www.tvturk.com\/index.php\/wp-json\/wp\/v2\/media?parent=255971"}],"wp:term":[{"taxonomy":"category","embeddable":true,"href":"http:\/\/www.tvturk.com\/index.php\/wp-json\/wp\/v2\/categories?post=255971"},{"taxonomy":"post_tag","embeddable":true,"href":"http:\/\/www.tvturk.com\/index.php\/wp-json\/wp\/v2\/tags?post=255971"}],"curies":[{"name":"wp","href":"https:\/\/api.w.org\/{rel}","templated":true}]}}