{"id":255977,"date":"2020-01-15T17:17:40","date_gmt":"2020-01-15T14:17:40","guid":{"rendered":"http:\/\/www.tvturk.com\/index.php\/ali-koc-bu-dava-turkiyenin-davasidir\/"},"modified":"2020-01-15T17:17:40","modified_gmt":"2020-01-15T14:17:40","slug":"ali-koc-bu-dava-turkiyenin-davasidir","status":"publish","type":"post","link":"http:\/\/www.tvturk.com\/index.php\/ali-koc-bu-dava-turkiyenin-davasidir\/","title":{"rendered":"Ali Ko\u00e7: &#8220;Bu dava T\u00fcrkiye\u2019nin davas\u0131d\u0131r&#8221;"},"content":{"rendered":"<p>Fenerbah\u00e7e Ba\u015fkan\u0131 Ali Ko\u00e7, Silivri\u2019de g\u00f6r\u00fclen \u015eike Kumpas\u0131 Davas\u0131\u2019n\u0131n 14. duru\u015fmas\u0131nda a\u00e7\u0131klamalarda bulunarak, &#8220;Bu sadece Fenerbah\u00e7elilerin davas\u0131 de\u011fil; T\u00fcrkiye\u2019nin davas\u0131d\u0131r. Kanunsuzluk, kurals\u0131zl\u0131k, hi\u00e7bir hukuk tan\u0131mayan, \u00f6nce Fenerbah\u00e7e\u2019yi sonra Cumhurba\u015fkan\u0131\u2019na kadar g\u00f6z\u00fcne kestirdi\u011fi her ki\u015fi ve kuruma sald\u0131ran, pek \u00e7ok ki\u015finin, ailenin yuvas\u0131n\u0131 y\u0131kan, kurumlar\u0131 bitiren ve devleti y\u0131kmaya c\u00fcret eden bu hukuksuzlukla, bu \u00f6rg\u00fctle m\u00fccadele etmek herkesin g\u00f6revidir&#8221; dedi.<\/p>\n<p>Fenerbah\u00e7e Ba\u015fkan\u0131 Ali Ko\u00e7, y\u00f6netim kurulu \u00fcyeleri ile birlikte Silivri Ceza ve \u0130nfaz Kurumu\u2019nda g\u00f6r\u00fclen \u015eike Kumpas\u0131 Davas\u0131\u2019n\u0131n 14. duru\u015fmas\u0131n\u0131 mahkemede takip etti. Sar\u0131-lacivertli taraflarla bulu\u015fan ve ard\u0131ndan bas\u0131n mensuplar\u0131na a\u00e7\u0131klamalarda bulunan Ba\u015fkan Ko\u00e7, \u201cKumpas Davas\u0131\u2019n\u0131n 14. celsesi devam ediyor. B\u00fcy\u00fck ihtimalle yar\u0131n ya da cuma g\u00fcn\u00fc sonlanacak. Muhtemelen bir iki ay sonra da 15. celse ba\u015flayacak. Davan\u0131n Fenerbah\u00e7e i\u00e7in ne demek oldu\u011funu hepimiz biliyoruz. Buraya gelmek, davay\u0131 takip etmek eski g\u00fcnleri hat\u0131rlat\u0131yor. Hat\u0131rlamak istemedi\u011fimiz eski g\u00fcnleri hat\u0131rlat\u0131yor. O zamandan bug\u00fcne Silivri Kamp\u00fcs\u00fc \u00e7ok geli\u015fmi\u015f, her \u015fey geli\u015fmi\u015f ama bizim dava istedi\u011fimiz kadar geli\u015fmedi. 3 Temmuz Davas\u0131 ve Kumpas Davas\u0131 olmak \u00fczere iki tane dava takip ediyoruz. Bir tarafta hakk\u0131m\u0131z\u0131 aramak, kamu vicdan\u0131nda tertemiz olan hakk\u0131m\u0131z\u0131 resmiyete kavu\u015fturmak, bitirmek ve s\u00fcreci sonland\u0131rmak istiyoruz. Di\u011fer taraftan da Fenerbah\u00e7e\u2019ye bu kahpe sald\u0131r\u0131y\u0131 yapan ki o g\u00fcnleri hat\u0131rlay\u0131n topyek\u00fcn her yerden bize sald\u0131ran medyas\u0131ndan, polisinden, savc\u0131s\u0131ndan, k\u00f6\u015fe yazarlar\u0131ndan, devletin de\u011fi\u015fik kurumlar\u0131n\u0131 abluka alt\u0131na alm\u0131\u015f, devletin k\u0131lcal damarlar\u0131na sirayet etmi\u015f, t\u00fcm r\u00fczgar\u0131 arkas\u0131na alm\u0131\u015f, Fenerbah\u00e7e\u2019nin yapayaln\u0131z kald\u0131\u011f\u0131 bir d\u00fcnyada orant\u0131s\u0131z bir \u015fekilde bize sald\u0131ran, davada gizlilik olmas\u0131na ra\u011fmen her g\u00fcn sayfa sayfa ifadelerin servis edildi\u011fi bir ortamdan bahsediyoruz. O g\u00fcnlerde i\u015f ba\u015fa d\u00fc\u015ft\u00fc. Fenerbah\u00e7e, Fenerbah\u00e7e\u2019yi savunmak zorunda kald\u0131. Kendi ba\u015f\u0131m\u0131zayd\u0131k. Bug\u00fcn geldi\u011fimiz noktada T\u00fcrkiye \u00e7ok de\u011fi\u015fti. \u015eimdi bu kahpe \u00f6rg\u00fcte kar\u015f\u0131 olmak \u00e7ok kolay. O zamanlar de\u011fildi. K\u00f6pr\u00fcye ilk Fenerbah\u00e7eliler \u00e7\u0131kt\u0131. O g\u00fcnleri hat\u0131rlay\u0131n. Biz \u00e7ok \u00e7ektik. Bizim ne \u00e7ekti\u011fimizi bir Fenerbah\u00e7eliler bir de Allah bilir. 2019 y\u0131l\u0131n\u0131n sonunda sonu\u00e7lanmas\u0131n\u0131 bekledi\u011fimiz Yarg\u0131tay Davas\u0131\u2019n\u0131n hen\u00fcz sonu\u00e7lanmam\u0131\u015f olmas\u0131 ve usulden bir nebze de olsa gecikiyor olmas\u0131 bizleri fazlas\u0131yla \u00fczm\u00fc\u015ft\u00fcr. Bir nebze hayal k\u0131r\u0131kl\u0131\u011f\u0131na u\u011fratm\u0131\u015ft\u0131r. Hakl\u0131 davam\u0131zdan vazge\u00e7ece\u011fimiz gibi bir \u015fey s\u00f6z konusu de\u011fil. Bu sadece nihai sonucu, inand\u0131\u011f\u0131m\u0131z, ne olaca\u011f\u0131n\u0131 bildi\u011fimiz, hakl\u0131l\u0131\u011f\u0131m\u0131z\u0131n ispatlanaca\u011f\u0131 ve resmiyete kavu\u015faca\u011f\u0131 sonucu ertelemi\u015ftir. Usuldeki s\u0131k\u0131nt\u0131lar giderildikten sonra bizim inanc\u0131m\u0131z, h\u0131zl\u0131ca bu mahkemenin de 2020 y\u0131l\u0131nda sonu\u00e7lanaca\u011f\u0131d\u0131r. Di\u011fer taraftan Kumpas Davas\u0131\u2019n\u0131n da Fethi Pekin, Alper Pir\u015fen ve kul\u00fcb\u00fcm\u00fcz\u00fcn avukatlar\u0131n\u0131n ifade etti\u011fi gibi 2020 y\u0131l\u0131nda sonu\u00e7lanaca\u011f\u0131d\u0131r&#8221; dedi.<\/p>\n<p>&#8220;Bu dava T\u00fcrkiye\u2019nin davas\u0131d\u0131r&#8221;<\/p>\n<p>G\u00f6r\u00fclen kumpas davas\u0131n\u0131n sadece Fenerbah\u00e7e\u2019yi ilgilendirmedi\u011fini belirten Ko\u00e7, &#8220;Bug\u00fcn taraftarlar\u0131m\u0131zla, kalabal\u0131k bir y\u00f6netici grubuyla buraya geldik ama bu davalar aylard\u0131r devam ediyor. Zaman zaman Fethi Pekin, zaman zaman Alper Pir\u015fen buradayd\u0131 ama kul\u00fcp avukatlar\u0131m\u0131z her zaman i\u015fin ba\u015f\u0131ndalar. Sonuna kadar yakinen takip ediyorlar. \u0130nand\u0131\u011f\u0131m\u0131z sonuca kavu\u015faca\u011f\u0131m\u0131za hi\u00e7bir \u015f\u00fcphemiz yok. Bu sadece Fenerbah\u00e7e\u2019nin, Fenerbah\u00e7e Spor Kul\u00fcb\u00fc\u2019n\u00fcn, Fenerbah\u00e7elilerin davas\u0131 de\u011fil; T\u00fcrkiye\u2019nin davas\u0131d\u0131r. Kanunsuzluk, kurals\u0131zl\u0131k, hi\u00e7bir hukuk tan\u0131mayan, \u00f6nce Fenerbah\u00e7e\u2019yi sonra Cumhurba\u015fkan\u0131\u2019na kadar g\u00f6z\u00fcne kestirdi\u011fi her ki\u015fi ve kuruma sald\u0131ran, pek \u00e7ok ki\u015finin, ailenin yuvas\u0131n\u0131 y\u0131kan, kurumlar\u0131 bitiren ve devleti y\u0131kmaya c\u00fcret eden bu hukuksuzlukla, bu \u00f6rg\u00fctle m\u00fccadele etmek herkesin g\u00f6revidir. Bu davalar\u0131 takip etmek, ayn\u0131 Fenerbah\u00e7e Spor Kul\u00fcb\u00fc\u2019n\u00fcn yapt\u0131\u011f\u0131 gibi bu davalar\u0131n sonuna kadar bek\u00e7isi olmak, vatan\u0131n\u0131 seven, vatan\u0131 i\u00e7in her \u015feyi yapacak olan her T\u00fcrk vatanda\u015f\u0131n\u0131n g\u00f6revidir. Bizim davam\u0131za bak\u0131yoruz. O veya bu nedenle baz\u0131lar\u0131 takip etmek istemiyorlar, devam ettirmek istemiyorlar. \u0130ki tane dava takip ediyoruz. Bunun da do\u011fru olmad\u0131\u011f\u0131n\u0131 d\u00fc\u015f\u00fcn\u00fcyoruz. Hepimiz bu ve bunun gibi kumpas ve tuzak olan her davaya sahip \u00e7\u0131kmal\u0131y\u0131z ki hi\u00e7bir zaman T\u00fcrkiye Cumhuriyeti\u2019nde kimse, kimseler b\u00f6yle bir \u015feye bir daha kalk\u0131\u015famas\u0131n. D\u00fc\u015f\u00fcnemesin, yeltenemesin. Bu sadece Fenerbah\u00e7e davas\u0131 de\u011fil&#8221; ifadelerini kulland\u0131.<\/p>\n<p>&#8220;Bu m\u00fccadelemizle her zaman gurur duyduk&#8221;<\/p>\n<p>Verdikleri m\u00fccadele ile gurur duyduklar\u0131n\u0131n alt\u0131n\u0131 \u00e7izen Ko\u00e7, &#8220;O g\u00fcnlere d\u00f6nersek demin bahsetti\u011fim \u015fartlarda Fenerbah\u00e7emize sald\u0131r\u0131ld\u0131. Fenerbah\u00e7emizin yapayaln\u0131z kald\u0131\u011f\u0131 ortamda Fenerbah\u00e7eliler soka\u011fa d\u00f6k\u00fcld\u00fc. Fenerbah\u00e7eliler, Fenerbah\u00e7e\u2019ye sahip \u00e7\u0131kt\u0131. Kim bilirdi ki biz asl\u0131nda cumhuriyetimize, \u00fclkemize sahip \u00e7\u0131k\u0131yoruz. \u00dclkemizi, devletimizi g\u00f6z\u00fcne kestiren bu \u00f6rg\u00fctle tek ba\u015f\u0131m\u0131za m\u00fccadele ederken direni\u015fin fitilini ate\u015fledi\u011fimizi kim bilebilirdi? 3 Temmuz 2011\u2019den 17-25 Aral\u0131k\u2019a, sonra 15 Temmuz\u2019a gelen s\u00fcreci kim tahmin edebilirdi? Dolay\u0131s\u0131yla vicdan\u0131 olan, olaylara objektif bakan, taraftar g\u00f6z\u00fcyle de\u011fil, insani g\u00f6zle bakan herkes Fenerbah\u00e7e\u2019nin m\u00fccadelesine b\u00fcy\u00fck sayg\u0131 duymu\u015ftur. M\u00fcte\u015fekkirdir. Biz de bu m\u00fccadelemizle her zaman gurur duymu\u015fuzdur. Ba\u015fkan\u0131m\u0131z Say\u0131n Aziz Y\u0131ld\u0131r\u0131m\u2019\u0131n liderli\u011finde, di\u011fer y\u00f6neticilerimizin liderli\u011finde topyek\u00fcn bu camian\u0131n her kademesi bir reaksiyon g\u00f6stermi\u015ftir. Bu da ba\u015fta Cumhurba\u015fkan\u0131m\u0131z olmak \u00fczere, Genelkurmay Ba\u015fkan\u0131m\u0131z \u0130lker Ba\u015fbu\u011f olmak \u00fczere herkesin takdirini kazanm\u0131\u015f bir duru\u015ftur. O y\u00fczden biz bu m\u00fccadeleyi sonuna kadar devam ettirmeliyiz&#8221; \u015feklinde konu\u015ftu.<\/p>\n<p>&#8220;Fenerbah\u00e7e\u2019ye sahip \u00e7\u0131kan herkese te\u015fekk\u00fcr ediyorum&#8221;<\/p>\n<p>Her platformda camiaya sahip \u00e7\u0131kanlara te\u015fekk\u00fcr eden Ko\u00e7, &#8220;Son d\u00f6nemlerde bu genel FET\u00d6 ile m\u00fccadelede sanki bir sulanma, de\u011fi\u015fik bir r\u00fczgar esiyor gibi intibalar edinmekteyiz. Sadece Fenerbah\u00e7e davas\u0131 ile ilgili de\u011fil. O y\u00fczden bug\u00fcn bir k\u0131s\u0131m taraftarlar\u0131m\u0131z burada reaksiyon vermi\u015flerdir ama bug\u00fcn esas reaksiyon dijital d\u00fcnyada verilmektedir. Hafta sonu yapt\u0131\u011f\u0131m a\u00e7\u0131klamalarda da camiam\u0131z\u0131n ne kadar hassas oldu\u011funu, Fenerbah\u00e7e\u2019ye sahip \u00e7\u0131kmaya haz\u0131r oldu\u011funu bir kez daha g\u00f6rm\u00fc\u015f\u00fczd\u00fcr. O y\u00fczden onlara da buradan te\u015fekk\u00fcr ediyorum. Buradaki her karde\u015fime tek tek te\u015fekk\u00fcr ediyorum. Her platformda Fenerbah\u00e7e\u2019ye sahip \u00e7\u0131kan herkese te\u015fekk\u00fcr ediyorum. O zaman hakl\u0131 kupam\u0131z, tertemiz kupam\u0131z bizden al\u0131nmaya \u00e7al\u0131\u015f\u0131lm\u0131\u015ft\u0131. Sanki bu d\u00f6nemde de muhtemel bir \u015fampiyonlu\u011fumuza g\u00f6z dikilmi\u015f gibi g\u00f6r\u00fcyoruz. Tabi apayr\u0131 akt\u00f6rler. Ge\u00e7en sefer s\u00f6yledi\u011fim gibi. O y\u00fczden t\u00fcm taraftarlar\u0131m\u0131za hem 3 Temmuz d\u00f6neminde hem bu d\u00f6nemde hem de her daim, her konuda Fenerbah\u00e7e\u2019ye sahip \u00e7\u0131kt\u0131klar\u0131 i\u00e7in ne kadar farkl\u0131 bir camia oldu\u011fumuzu, b\u00f6yle bir camian\u0131n ba\u015fkan\u0131 ve y\u00f6neticileri olmaktan ne kadar gurur duydu\u011fumuzu bir kez daha ifade edip onlara da \u00e7ok \u00e7ok te\u015fekk\u00fcr ediyorum&#8221; a\u00e7\u0131klamas\u0131n\u0131 yapt\u0131.<\/p>\n<p>&#8220;Kul\u00fcb\u00fc temsilen bir sonraki celsede konu\u015faca\u011f\u0131z&#8221;<\/p>\n<p>Bir sonraki celsede a\u00e7\u0131klamalarda bulunacaklar\u0131n\u0131 s\u00f6yleyen Ko\u00e7, s\u00f6zlerini \u015f\u00f6yle tamamlad\u0131:<\/p>\n<p>&#8220;\u015eimdi bizim amac\u0131m\u0131z bu celsede konu\u015fmakt\u0131 ancak avukatlar\u0131m\u0131zdan da ald\u0131\u011f\u0131m\u0131z geri bildirim, bu celse belki de do\u011fru bir zaman de\u011fil. Bir sonraki celsenin daha iyi bir zaman olaca\u011f\u0131 \u00e7er\u00e7evesindeydi. Nitekim geldi\u011fimiz noktada, yar\u0131n herhalde celse sonu\u00e7lanacak. Avukatlar\u0131m\u0131z hakl\u0131 \u00e7\u0131kt\u0131lar. Fenerbah\u00e7e Spor Kul\u00fcb\u00fc\u2019n\u00fc temsilen b\u00fcy\u00fck bir ihtimalle bir sonraki celsede konu\u015faca\u011f\u0131z. Her hal\u00fckarda bir celsede konu\u015faca\u011f\u0131z ama sadece avukatlar\u0131m\u0131z\u0131n bu konudaki geri d\u00f6n\u00fc\u015flerini bekliyoruz.&#8221;<\/p>\n","protected":false},"excerpt":{"rendered":"<p>FENERBAH\u00c7E BA\u015eKANI AL\u0130 KO\u00c7, Y\u00d6NET\u0130M KURULU \u00dcYELER\u0130 \u0130LE B\u0130RL\u0130KTE S\u0130L\u0130VR\u0130 CEZA VE \u0130NFAZ KURUMU\u2019NDA G\u00d6R\u00dcLEN \u015e\u0130KE KUMPASI DAVASI&#8217;NIN 14. DURU\u015eMASINI MAHKEMEDE TAK\u0130P ETT\u0130.<\/p>\n","protected":false},"author":1,"featured_media":255978,"comment_status":"closed","ping_status":"open","sticky":false,"template":"","format":"standard","meta":{"jetpack_post_was_ever_published":false,"_jetpack_newsletter_access":"","_jetpack_dont_email_post_to_subs":false,"_jetpack_newsletter_tier_id":0,"_jetpack_memberships_contains_paywalled_content":false,"_jetpack_memberships_contains_paid_content":false,"footnotes":"","jetpack_publicize_message":"","jetpack_publicize_feature_enabled":true,"jetpack_social_post_already_shared":true,"jetpack_social_options":{"image_generator_settings":{"template":"highway","default_image_id":0,"font":"","enabled":false},"version":2}},"categories":[657],"tags":[986,625,14678,12881,10157,177],"class_list":["post-255977","post","type-post","status-publish","format-standard","has-post-thumbnail","hentry","category-spor","tag-bu","tag-ali","tag-dava","tag-davasidir","tag-koc","tag-turkiyenin"],"jetpack_publicize_connections":[],"jetpack_featured_media_url":"https:\/\/i0.wp.com\/www.tvturk.com\/wp-content\/uploads\/2020\/01\/ali-koc-bu-dava-turkiyenin-davasidir_4d67858.jpg?fit=1000%2C654","jetpack_sharing_enabled":true,"jetpack_shortlink":"https:\/\/wp.me\/paKIfm-14AF","_links":{"self":[{"href":"http:\/\/www.tvturk.com\/index.php\/wp-json\/wp\/v2\/posts\/255977","targetHints":{"allow":["GET"]}}],"collection":[{"href":"http:\/\/www.tvturk.com\/index.php\/wp-json\/wp\/v2\/posts"}],"about":[{"href":"http:\/\/www.tvturk.com\/index.php\/wp-json\/wp\/v2\/types\/post"}],"author":[{"embeddable":true,"href":"http:\/\/www.tvturk.com\/index.php\/wp-json\/wp\/v2\/users\/1"}],"replies":[{"embeddable":true,"href":"http:\/\/www.tvturk.com\/index.php\/wp-json\/wp\/v2\/comments?post=255977"}],"version-history":[{"count":0,"href":"http:\/\/www.tvturk.com\/index.php\/wp-json\/wp\/v2\/posts\/255977\/revisions"}],"wp:featuredmedia":[{"embeddable":true,"href":"http:\/\/www.tvturk.com\/index.php\/wp-json\/wp\/v2\/media\/255978"}],"wp:attachment":[{"href":"http:\/\/www.tvturk.com\/index.php\/wp-json\/wp\/v2\/media?parent=255977"}],"wp:term":[{"taxonomy":"category","embeddable":true,"href":"http:\/\/www.tvturk.com\/index.php\/wp-json\/wp\/v2\/categories?post=255977"},{"taxonomy":"post_tag","embeddable":true,"href":"http:\/\/www.tvturk.com\/index.php\/wp-json\/wp\/v2\/tags?post=255977"}],"curies":[{"name":"wp","href":"https:\/\/api.w.org\/{rel}","templated":true}]}}