{"id":255987,"date":"2020-01-15T17:32:52","date_gmt":"2020-01-15T14:32:52","guid":{"rendered":"http:\/\/www.tvturk.com\/index.php\/ozel-haber-malatyasporda-sergen-yalcin-gorevinden-alindi\/"},"modified":"2020-01-15T17:32:52","modified_gmt":"2020-01-15T14:32:52","slug":"ozel-haber-malatyasporda-sergen-yalcin-gorevinden-alindi","status":"publish","type":"post","link":"http:\/\/www.tvturk.com\/index.php\/ozel-haber-malatyasporda-sergen-yalcin-gorevinden-alindi\/","title":{"rendered":"(\u00d6zel haber) Malatyaspor\u2019da Sergen Yal\u00e7\u0131n g\u00f6revinden al\u0131nd\u0131!"},"content":{"rendered":"<p>Ziraat T\u00fcrkiye Kupas\u0131\u2019nda d\u00fcn Sivasspor\u2019a 4-0 yenilen Yeni Malatyaspor\u2019da Teknik Direkt\u00f6r Sergen Yal\u00e7\u0131n ile yollar ayr\u0131ld\u0131.<\/p>\n<p>Ziraat T\u00fcrkiye Kupas\u0131 Son 16 Turu\u2019nda d\u00fcn Sivasspor deplasman\u0131nda sahadan 4-0\u2019l\u0131k \u015fok ma\u011flubiyetle ayr\u0131lan Yeni Malatyaspor\u2019da Sergen Yal\u00e7\u0131n depremi ya\u015fan\u0131yor. Farkl\u0131 Sivas yenilgisi sonras\u0131 Teknik Direkt\u00f6r Sergen Yal\u00e7\u0131n ve ekibi k\u00f6t\u00fc futbol y\u00fcz\u00fcnden a\u011f\u0131r ele\u015ftiriler alm\u0131\u015ft\u0131. Yeni Malatyaspor Y\u00f6netim Kurulu, bug\u00fcn ola\u011fan\u00fcst\u00fc toplant\u0131 karar\u0131 ald\u0131. Toplant\u0131da Teknik Direkt\u00f6r Sergen Yal\u00e7\u0131n ile yollar\u0131n ayr\u0131lmas\u0131na karar verildi.<\/p>\n<p>Kul\u00fcpten yap\u0131lan a\u00e7\u0131klamada ise, &#8220;Y\u00f6netim kurulumuzca yapm\u0131\u015f oldu\u011fumuz toplant\u0131 sonucunda alm\u0131\u015f oldu\u011fumuz karar gere\u011fi teknik sorumlumuz Sergen Yal\u00e7\u0131n ve ekibi ile yollar\u0131m\u0131z\u0131 ay\u0131rma karar\u0131 alm\u0131\u015f bulunmaktay\u0131z. Kendisi ve ekibine te\u015fekk\u00fcr ediyor, bundan sonraki kariyerinde ba\u015far\u0131lar diliyoruz&#8221; ifadeleri kullan\u0131ld\u0131.<\/p>\n<p>Yeni Malatyaspor Sergen Yal\u00e7\u0131n y\u00f6netimde, bu sezon 24 ma\u00e7a \u00e7\u0131karken, 9 galibiyet, 8 beraberlik ve 7 ma\u011flubiyet ald\u0131. Sar\u0131-k\u0131rm\u0131z\u0131l\u0131lar sezonun ilk devresini ise 24 puanla 8. s\u0131rada tamamlad\u0131.<\/p>\n","protected":false},"excerpt":{"rendered":"<p>Z\u0130RAAT T\u00dcRK\u0130YE KUPASI&#8217;NDA D\u00dcN S\u0130VASSPOR&#8217;A 4-0 YEN\u0130LEN YEN\u0130 MALATYASPOR&#8217;DA TEKN\u0130K D\u0130REKT\u00d6R SERGEN YAL\u00c7IN \u0130LE YOLLAR AYRILDI.<\/p>\n","protected":false},"author":1,"featured_media":255988,"comment_status":"closed","ping_status":"open","sticky":false,"template":"","format":"standard","meta":{"jetpack_post_was_ever_published":false,"_jetpack_newsletter_access":"","_jetpack_dont_email_post_to_subs":false,"_jetpack_newsletter_tier_id":0,"_jetpack_memberships_contains_paywalled_content":false,"_jetpack_memberships_contains_paid_content":false,"footnotes":"","jetpack_publicize_message":"","jetpack_publicize_feature_enabled":true,"jetpack_social_post_already_shared":true,"jetpack_social_options":{"image_generator_settings":{"template":"highway","default_image_id":0,"font":"","enabled":false},"version":2}},"categories":[657],"tags":[1073,1014,5263,1545,3855,5217,4888],"class_list":["post-255987","post","type-post","status-publish","format-standard","has-post-thumbnail","hentry","category-spor","tag-ozel","tag-alindi","tag-gorevinden","tag-haber","tag-malatyasporda","tag-sergen","tag-yalcin"],"jetpack_publicize_connections":[],"jetpack_featured_media_url":"https:\/\/i0.wp.com\/www.tvturk.com\/wp-content\/uploads\/2020\/01\/ozel-haber-malatyasporda-sergen-yalcin-gorevinden-alindi_4bdb65b.jpg?fit=1000%2C712","jetpack_sharing_enabled":true,"jetpack_shortlink":"https:\/\/wp.me\/paKIfm-14AP","_links":{"self":[{"href":"http:\/\/www.tvturk.com\/index.php\/wp-json\/wp\/v2\/posts\/255987","targetHints":{"allow":["GET"]}}],"collection":[{"href":"http:\/\/www.tvturk.com\/index.php\/wp-json\/wp\/v2\/posts"}],"about":[{"href":"http:\/\/www.tvturk.com\/index.php\/wp-json\/wp\/v2\/types\/post"}],"author":[{"embeddable":true,"href":"http:\/\/www.tvturk.com\/index.php\/wp-json\/wp\/v2\/users\/1"}],"replies":[{"embeddable":true,"href":"http:\/\/www.tvturk.com\/index.php\/wp-json\/wp\/v2\/comments?post=255987"}],"version-history":[{"count":0,"href":"http:\/\/www.tvturk.com\/index.php\/wp-json\/wp\/v2\/posts\/255987\/revisions"}],"wp:featuredmedia":[{"embeddable":true,"href":"http:\/\/www.tvturk.com\/index.php\/wp-json\/wp\/v2\/media\/255988"}],"wp:attachment":[{"href":"http:\/\/www.tvturk.com\/index.php\/wp-json\/wp\/v2\/media?parent=255987"}],"wp:term":[{"taxonomy":"category","embeddable":true,"href":"http:\/\/www.tvturk.com\/index.php\/wp-json\/wp\/v2\/categories?post=255987"},{"taxonomy":"post_tag","embeddable":true,"href":"http:\/\/www.tvturk.com\/index.php\/wp-json\/wp\/v2\/tags?post=255987"}],"curies":[{"name":"wp","href":"https:\/\/api.w.org\/{rel}","templated":true}]}}