{"id":255993,"date":"2020-01-15T17:47:15","date_gmt":"2020-01-15T14:47:15","guid":{"rendered":"http:\/\/www.tvturk.com\/index.php\/dr-gunaydin-yariyil-tatili-sunnet-icin-uygun-zaman\/"},"modified":"2020-01-15T17:47:15","modified_gmt":"2020-01-15T14:47:15","slug":"dr-gunaydin-yariyil-tatili-sunnet-icin-uygun-zaman","status":"publish","type":"post","link":"http:\/\/www.tvturk.com\/index.php\/dr-gunaydin-yariyil-tatili-sunnet-icin-uygun-zaman\/","title":{"rendered":"Dr. G\u00fcnayd\u0131n: &#8220;Yar\u0131y\u0131l tatili s\u00fcnnet i\u00e7in uygun zaman&#8221;"},"content":{"rendered":"<p>\u00c7ocuk \u00dcrolojisi Uzman\u0131 Do\u00e7. Dr. Mithat G\u00fcnayd\u0131n, \u00e7ocuklar\u0131n yar\u0131 tatil d\u00f6neminde evde istirahat etmesinin daha kolay olaca\u011f\u0131n\u0131 belirterek, &#8220;Yar\u0131y\u0131l tatili s\u00fcnnet i\u00e7in uygun olmaktad\u0131r&#8221; dedi.<\/p>\n<p>\u00d6\u011frenciler s\u00f6mestir tatili i\u00e7in geri say\u0131ma ba\u015flad\u0131. 17 Ocak Cuma g\u00fcn\u00fc bir\u00e7ok \u00f6\u011frenci karne heyecan\u0131 ya\u015fayacak. B\u00fcy\u00fck Anadolu Hastaneleri \u00c7ocuk \u00dcrolojisi Uzman\u0131 Do\u00e7. Dr. Mithat G\u00fcnayd\u0131n, s\u00fcnnet sonras\u0131 ilk 24 saatin \u00e7ok \u00f6nemli oldu\u011funu, ilk hafta a\u015f\u0131r\u0131 hareketlilikten ka\u00e7\u0131n\u0131lmas\u0131 gerekti\u011finden \u00f6t\u00fcr\u00fc yar\u0131y\u0131l tatilinin s\u00fcnnet i\u00e7in uygun zaman olabilece\u011fini s\u00f6yledi.<\/p>\n<p>Erkekte \u00fcreme organ\u0131n\u0131n ucundaki derinin \u00e7epe\u00e7evre kesilmesi durumuna s\u00fcnnet ad\u0131 verildi\u011fini ifade eden G\u00fcnayd\u0131n, &#8220;Yap\u0131lmas\u0131 t\u0131bben her zaman zorunlu olmasa da, ba\u015fta idrar yolu enfeksiyonunu azaltmas\u0131yla birlikte bir\u00e7ok faydas\u0131 olmaktad\u0131r. Yap\u0131lan ara\u015ft\u0131rmaya g\u00f6re s\u00fcnnetsiz erkek \u00e7ocuklar\u0131nda, s\u00fcnnetli olanlara g\u00f6re 10 kat daha fazla idrar yolu enfeksiyonu g\u00f6r\u00fclmektedir. S\u00fcnnetin faydalar\u0131 \u00fczerine say\u0131s\u0131z \u00e7al\u0131\u015fma olmas\u0131na ra\u011fmen, zamanlamas\u0131 i\u00e7in verilmi\u015f kesin bir karar hala yoktur. Yenido\u011fan d\u00f6neminden itibaren s\u00fcnnet, alan\u0131nda uzman ki\u015filerce kapsaml\u0131 hastanelerde g\u00fcvenle yap\u0131labilmektedir&#8221; diye konu\u015ftu.<\/p>\n<p>S\u00fcnnet sonras\u0131 ilk hafta a\u015f\u0131r\u0131 hareketlilikten ka\u00e7\u0131n\u0131lmas\u0131 gerekti\u011finin alt\u0131n\u0131 \u00e7izen G\u00fcnayd\u0131n, &#8220;Yar\u0131 y\u0131l tatili havalar\u0131nda so\u011fuk olmas\u0131yla \u00e7ocuklar i\u00e7in evde istirahat etmek daha kolay olmaktad\u0131r. Yaz mevsimi \u00e7ocuklar\u0131n d\u0131\u015far\u0131da oyun i\u00e7in vakit harcayaca\u011f\u0131 aktiviteler olaca\u011f\u0131ndan s\u00fcnnet sonras\u0131 daha zor ge\u00e7mektedir. \u00c7ocuklar\u0131n okuldan ve derslerinden uzak kalmamalar\u0131 a\u00e7\u0131s\u0131ndan da yar\u0131y\u0131l tatili s\u00fcnnet i\u00e7in daha uygun olacakt\u0131r. Basit bir i\u015flem gibi g\u00f6r\u00fcnse de s\u00fcnnet ciddi komplikasyonlar olu\u015fturabilecek \u00f6nemli bir cerrahi i\u015flemdir ve bu sebeple \u00fcroloji veya \u00e7ocuk cerrahi uzmanlar\u0131 taraf\u0131ndan hastane \u015fartlar\u0131 alt\u0131nda lokal veya genel anesteziyle yap\u0131lmas\u0131 \u00e7ocu\u011fun sa\u011fl\u0131\u011f\u0131 a\u00e7\u0131s\u0131ndan \u00e7ok \u00f6nemlidir&#8221; \u015feklinde konu\u015ftu.<\/p>\n","protected":false},"excerpt":{"rendered":"<p>\u00d6\u011eRENC\u0130LER  S\u00d6MESTR TAT\u0130L\u0130 \u0130\u00c7\u0130N GER\u0130 SAYIMA BA\u015eLADI. 17 OCAK CUMA G\u00dcN\u00dc B\u0130R \u00c7OK \u00d6\u011eRENC\u0130 KARNE HEYECANI YA\u015eAYACAK. B\u00dcY\u00dcK ANADOLU HASTANELER\u0130 \u00c7OCUK \u00dcROLOJ\u0130S\u0130 UZMANI DO\u00c7. DR. M\u0130THAT G\u00dcNAYDIN, S\u00dcNNET SONRASI \u0130LK 24 SAAT \u00c7OK \u00d6NEML\u0130 OLDU\u011eUNU, \u0130LK HAFTA A\u015eIRI HAREKETL\u0130L\u0130KTEN KA\u00c7INILMASI GEREKT\u0130\u011e\u0130NDEN \u00d6T\u00dcR\u00dc YARIYIL TAT\u0130L\u0130 S\u00dcNNET \u0130\u00c7\u0130N UYGUN ZAMAN OLAB\u0130LECE\u011e\u0130N\u0130 S\u00d6YLED\u0130.<\/p>\n","protected":false},"author":1,"featured_media":255994,"comment_status":"closed","ping_status":"open","sticky":false,"template":"","format":"standard","meta":{"jetpack_post_was_ever_published":false,"_jetpack_newsletter_access":"","_jetpack_dont_email_post_to_subs":false,"_jetpack_newsletter_tier_id":0,"_jetpack_memberships_contains_paywalled_content":false,"_jetpack_memberships_contains_paid_content":false,"footnotes":"","jetpack_publicize_message":"","jetpack_publicize_feature_enabled":true,"jetpack_social_post_already_shared":true,"jetpack_social_options":{"image_generator_settings":{"template":"highway","default_image_id":0,"font":"","enabled":false},"version":2}},"categories":[1],"tags":[279,12103,44,10230,2210,13728,2209,74],"class_list":["post-255993","post","type-post","status-publish","format-standard","has-post-thumbnail","hentry","category-genel","tag-dr","tag-gunaydin","tag-icin","tag-sunnet","tag-tatili","tag-uygun","tag-yariyil","tag-zaman"],"jetpack_publicize_connections":[],"jetpack_featured_media_url":"https:\/\/i0.wp.com\/www.tvturk.com\/wp-content\/uploads\/2020\/01\/dr-gunaydin-yariyil-tatili-sunnet-icin-uygun-zaman_340d84f.jpg?fit=667%2C1000","jetpack_sharing_enabled":true,"jetpack_shortlink":"https:\/\/wp.me\/paKIfm-14AV","_links":{"self":[{"href":"http:\/\/www.tvturk.com\/index.php\/wp-json\/wp\/v2\/posts\/255993","targetHints":{"allow":["GET"]}}],"collection":[{"href":"http:\/\/www.tvturk.com\/index.php\/wp-json\/wp\/v2\/posts"}],"about":[{"href":"http:\/\/www.tvturk.com\/index.php\/wp-json\/wp\/v2\/types\/post"}],"author":[{"embeddable":true,"href":"http:\/\/www.tvturk.com\/index.php\/wp-json\/wp\/v2\/users\/1"}],"replies":[{"embeddable":true,"href":"http:\/\/www.tvturk.com\/index.php\/wp-json\/wp\/v2\/comments?post=255993"}],"version-history":[{"count":0,"href":"http:\/\/www.tvturk.com\/index.php\/wp-json\/wp\/v2\/posts\/255993\/revisions"}],"wp:featuredmedia":[{"embeddable":true,"href":"http:\/\/www.tvturk.com\/index.php\/wp-json\/wp\/v2\/media\/255994"}],"wp:attachment":[{"href":"http:\/\/www.tvturk.com\/index.php\/wp-json\/wp\/v2\/media?parent=255993"}],"wp:term":[{"taxonomy":"category","embeddable":true,"href":"http:\/\/www.tvturk.com\/index.php\/wp-json\/wp\/v2\/categories?post=255993"},{"taxonomy":"post_tag","embeddable":true,"href":"http:\/\/www.tvturk.com\/index.php\/wp-json\/wp\/v2\/tags?post=255993"}],"curies":[{"name":"wp","href":"https:\/\/api.w.org\/{rel}","templated":true}]}}