{"id":256023,"date":"2020-01-15T19:16:42","date_gmt":"2020-01-15T16:16:42","guid":{"rendered":"http:\/\/www.tvturk.com\/index.php\/baskan-aktas-akilli-sehircilik-uygulamalarini-hayata-geciriyoruz\/"},"modified":"2020-01-15T19:16:42","modified_gmt":"2020-01-15T16:16:42","slug":"baskan-aktas-akilli-sehircilik-uygulamalarini-hayata-geciriyoruz","status":"publish","type":"post","link":"http:\/\/www.tvturk.com\/index.php\/baskan-aktas-akilli-sehircilik-uygulamalarini-hayata-geciriyoruz\/","title":{"rendered":"Ba\u015fkan Akta\u015f: \u201dAk\u0131ll\u0131 \u015fehircilik uygulamalar\u0131n\u0131 hayata ge\u00e7iriyoruz\u201d"},"content":{"rendered":"<p>Bursa B\u00fcy\u00fck\u015fehir Belediye Ba\u015fkan\u0131 Alinur Akta\u015f, \u201cK\u0131sa metrajl\u0131 projelerden veya rahatlamalardan ziyade daha uzun vadeli \u015fehri planlayan ve seri bir \u015fekilde i\u015fleyen hale getirebilmek ad\u0131na ak\u0131ll\u0131 \u015fehircilik uygulamalar\u0131n\u0131 hayata ge\u00e7iriyoruz\u201d dedi.<\/p>\n<p>Bursa B\u00fcy\u00fck\u015fehir Belediye Ba\u015fkan\u0131 Alinur Akta\u015f \u2018Ak\u0131ll\u0131 \u015eehirler ve Belediyeler Kongre ve Sergisin\u2019de \u0130HA muhabirine a\u00e7\u0131klamalarda bulundu. Bursa B\u00fcy\u00fck\u015fehir Belediye Ba\u015fkanl\u0131\u011f\u0131 stand\u0131nda a\u00e7\u0131klamalarda bulunan Akta\u015f, ak\u0131ll\u0131 \u015fehircili\u011fin \u00f6nemine vurgu yapt\u0131. B\u00fcy\u00fck\u015fehir belediyesi olarak ilk kez Ak\u0131ll\u0131 \u015eehircilik ve \u0130novasyon Daire Ba\u015fkanl\u0131\u011f\u0131n\u0131 kurduklar\u0131n\u0131 belirten Akta\u015f, \u201c\u015eehirlerimiz h\u0131zla b\u00fcy\u00fcyor. \u015eehirlerimizin ihtiya\u00e7lar\u0131 art\u0131yor. \u00d6zellikle k\u00f6yden kente g\u00f6\u00e7 ile beraber B\u00fcy\u00fck\u015fehir yasas\u0131 ile beraber \u015fehirlerimizdeki bu yo\u011funla\u015fmaya paralel olarak ta eldeki kaynaklar\u0131 \u00e7ok verimli kullanmak gerekiyor.  Ak\u0131ll\u0131 \u015fehircilik tam da bunu kar\u015f\u0131layan bir zorunluluktur.  Ula\u015f\u0131m \u00e7\u00f6z\u00fcmlemeleri olmak \u00fczere ka\u00e7ak yap\u0131ya m\u00fccadele su ve enerji benzerleri kullan\u0131m\u0131yla alakal\u0131 ak\u0131ll\u0131 \u015fehircilik uygulamalar\u0131n\u0131 b\u00fct\u00fcn alanlarda uygulamak ve g\u00f6rmek m\u00fcmk\u00fcn. Alt yap\u0131s\u0131yla, \u00fcst yap\u0131s\u0131yla, ula\u015f\u0131m imkan\u0131yla di\u011fer t\u00fcm kaynaklar\u0131yla beraber eldeki kaynaklar\u0131 verimli kullanan, ama bunlar\u0131 da s\u00fcrd\u00fcrebilir yapan yani k\u0131sa metrajl\u0131 projelerden veya rahatlamalardan ziyade daha uzun vadeli \u015fehri planlayan ve seri bir \u015fekilde i\u015fleyen hale getirebilmek ad\u0131na ak\u0131ll\u0131 \u015fehircilik uygulamalar\u0131n\u0131 hayata ge\u00e7iriyoruz\u201d diye konu\u015ftu.<\/p>\n<p>\u201cKa\u00e7ak yap\u0131lar\u0131 \u0130HA ile tespit ediyoruz\u201d<\/p>\n<p>T\u00fcrkiye\u2019de ilk defa bir belediyenin \u0130nsans\u0131z hava ara\u00e7lar\u0131yla(\u0130HA) ka\u00e7ak yap\u0131lar\u0131 tespit ettiklerini belirten Akta\u015f \u015f\u00f6yle konu\u015ftu:<\/p>\n<p>\u201cKa\u00e7ak yap\u0131yla m\u00fccadelede gidip yeri inceleme tutanaklar\u0131 tutma daha sonra tekrar m\u00fcdahale etme bunlar o kadar uzun s\u00fcre\u00e7ler al\u0131yor ki bunlar\u0131 anl\u0131k g\u00f6rebilme ad\u0131na biz insans\u0131z hava arac\u0131yla tamamen kendi yaz\u0131l\u0131mlar\u0131m\u0131zla, tamamen g\u00f6zetim alt\u0131nda 7\/24 takip imkan\u0131na sahip oluyoruz. Yapt\u0131\u011f\u0131m\u0131z modelleme bununla alakal\u0131 Bursa\u2019n\u0131n 11 bin kilometre 17 il\u00e7esiyle tamam\u0131 bu manada g\u00f6zetim alt\u0131na al\u0131yoruz. 31 Aral\u0131k 2018 tarihinde sona eren bir imar bar\u0131\u015f\u0131 vard\u0131. \u0130mar bar\u0131\u015f\u0131yla m\u00fcsaade edilen yerler, buna m\u00fcsaade olan yerlerle ilgili \u00e7al\u0131\u015fmalar yap\u0131ld\u0131. Art\u0131k binada 10 cm y\u00fckseklik olsa biz hemen farkl\u0131la\u015fmas\u0131n\u0131 \u00e7ok net bir \u015fekilde g\u00f6r\u00fcyoruz. Hi\u00e7 binan\u0131n yan\u0131na gitmeye gerek duymuyoruz, tamamen insan\u0131z hava arac\u0131yla g\u00f6rme imkan\u0131na sahibiz. Bu uygulamay\u0131 ilk ba\u015flatan belediye olduk.\u201d<\/p>\n","protected":false},"excerpt":{"rendered":"<p>BURSA B\u00dcY\u00dcK\u015eEH\u0130R BELED\u0130YE BA\u015eKANI AL\u0130NUR AKTA\u015e, \u201cKISA METRAJLI PROJELERDEN VEYA RAHATLAMALARDAN Z\u0130YADE DAHA UZUN VADEL\u0130 \u015eEHR\u0130 PLANLAYAN VE SER\u0130 B\u0130R \u015eEK\u0130LDE \u0130\u015eLEYEN HALE GET\u0130REB\u0130LMEK ADINA AKILLI \u015eEH\u0130RC\u0130L\u0130K UYGULAMALARINI HAYATA GE\u00c7\u0130R\u0130YORUZ\u201d DED\u0130.<\/p>\n","protected":false},"author":1,"featured_media":256024,"comment_status":"closed","ping_status":"open","sticky":false,"template":"","format":"standard","meta":{"jetpack_post_was_ever_published":false,"_jetpack_newsletter_access":"","_jetpack_dont_email_post_to_subs":false,"_jetpack_newsletter_tier_id":0,"_jetpack_memberships_contains_paywalled_content":false,"_jetpack_memberships_contains_paid_content":false,"footnotes":"","jetpack_publicize_message":"","jetpack_publicize_feature_enabled":true,"jetpack_social_post_already_shared":true,"jetpack_social_options":{"image_generator_settings":{"template":"highway","default_image_id":0,"font":"","enabled":false},"version":2}},"categories":[1],"tags":[407,2369,100,28017,4467,7881,30152],"class_list":["post-256023","post","type-post","status-publish","format-standard","has-post-thumbnail","hentry","category-genel","tag-akilli","tag-aktas","tag-baskan","tag-geciriyoruz","tag-hayata","tag-sehircilik","tag-uygulamalarini"],"jetpack_publicize_connections":[],"jetpack_featured_media_url":"https:\/\/i0.wp.com\/www.tvturk.com\/wp-content\/uploads\/2020\/01\/baskan-aktas-akilli-sehircilik-uygulamalarini-hayata-geciriyoruz_8040da2.jpg?fit=1000%2C666","jetpack_sharing_enabled":true,"jetpack_shortlink":"https:\/\/wp.me\/paKIfm-14Bp","_links":{"self":[{"href":"http:\/\/www.tvturk.com\/index.php\/wp-json\/wp\/v2\/posts\/256023","targetHints":{"allow":["GET"]}}],"collection":[{"href":"http:\/\/www.tvturk.com\/index.php\/wp-json\/wp\/v2\/posts"}],"about":[{"href":"http:\/\/www.tvturk.com\/index.php\/wp-json\/wp\/v2\/types\/post"}],"author":[{"embeddable":true,"href":"http:\/\/www.tvturk.com\/index.php\/wp-json\/wp\/v2\/users\/1"}],"replies":[{"embeddable":true,"href":"http:\/\/www.tvturk.com\/index.php\/wp-json\/wp\/v2\/comments?post=256023"}],"version-history":[{"count":0,"href":"http:\/\/www.tvturk.com\/index.php\/wp-json\/wp\/v2\/posts\/256023\/revisions"}],"wp:featuredmedia":[{"embeddable":true,"href":"http:\/\/www.tvturk.com\/index.php\/wp-json\/wp\/v2\/media\/256024"}],"wp:attachment":[{"href":"http:\/\/www.tvturk.com\/index.php\/wp-json\/wp\/v2\/media?parent=256023"}],"wp:term":[{"taxonomy":"category","embeddable":true,"href":"http:\/\/www.tvturk.com\/index.php\/wp-json\/wp\/v2\/categories?post=256023"},{"taxonomy":"post_tag","embeddable":true,"href":"http:\/\/www.tvturk.com\/index.php\/wp-json\/wp\/v2\/tags?post=256023"}],"curies":[{"name":"wp","href":"https:\/\/api.w.org\/{rel}","templated":true}]}}