{"id":25613,"date":"2019-02-12T15:06:05","date_gmt":"2019-02-12T12:06:05","guid":{"rendered":"http:\/\/www.tvturk.com\/index.php\/emniyet-muduru-aktasin-esinden-sehit-ailelerine-ziyaret\/"},"modified":"2019-02-12T15:06:11","modified_gmt":"2019-02-12T12:06:11","slug":"emniyet-muduru-aktasin-esinden-sehit-ailelerine-ziyaret","status":"publish","type":"post","link":"http:\/\/www.tvturk.com\/index.php\/emniyet-muduru-aktasin-esinden-sehit-ailelerine-ziyaret\/","title":{"rendered":"Emniyet M\u00fcd\u00fcr\u00fc Akta\u015f\u2019\u0131n e\u015finden \u015fehit ailelerine ziyaret"},"content":{"rendered":"<p>Adana \u0130l Emniyet M\u00fcd\u00fcr\u00fc Zafer Akta\u015f\u2019\u0131n e\u015fi Meryem Akta\u015f, \u015fehit ailelerini ve gazileri evlerinde ziyaret etti.<\/p>\n<p>Meryem Akta\u015f, beraberinde Toplum Destekli Polislik \u015eube M\u00fcd\u00fcr\u00fc ve personeli, Sosyal Hizmetler \u015eube M\u00fcd\u00fcr\u00fc ve personeli, Asayi\u015f \u015eube M\u00fcd\u00fcrl\u00fc\u011f\u00fc Yunus Ekipleri, \u00d6zel Harekat \u015eube M\u00fcd\u00fcrl\u00fc\u011f\u00fc personeli ve Trafik \u015eube M\u00fcd\u00fcrl\u00fc\u011f\u00fc personeli ile birlikte Adana\u2019da bulunan 24 \u015fehit ailesi ve 4 gaziyi evlerinde ziyaret etti.<\/p>\n<p>Akta\u015f, vatan i\u00e7in can\u0131n\u0131 veren \u015fehitlerin haklar\u0131n\u0131n asla \u00f6denemeyece\u011fini, \u015fehit ailelerinin ve gazilerin devlete ve millete emanet oldu\u011funu, her zaman \u015fehit ailelerinin ve gazilerin yanlar\u0131nda olacaklar\u0131n\u0131, onlar\u0131 yaln\u0131z b\u0131rakmayacaklar\u0131n\u0131 s\u00f6yleyerek yap\u0131lan bu ziyaretlerin devam edece\u011fini belirtti.<div class=\"tiled-gallery type-rectangular tiled-gallery-unresized\" data-original-width=\"500\" data-carousel-extra='null' itemscope itemtype=\"http:\/\/schema.org\/ImageGallery\" > <div class=\"gallery-row\" style=\"width: 500px; height: 223px;\" data-original-width=\"500\" data-original-height=\"223\" > <div class=\"gallery-group images-1\" style=\"width: 334px; height: 223px;\" data-original-width=\"334\" data-original-height=\"223\" > <div class=\"tiled-gallery-item tiled-gallery-item-large\" itemprop=\"associatedMedia\" itemscope itemtype=\"http:\/\/schema.org\/ImageObject\"> <a href=\"http:\/\/www.tvturk.com\/index.php\/emniyet-muduru-aktasin-esinden-sehit-ailelerine-ziyaret\/emniyet-muduru-aktasin-esinden-sehit-ailelerine-ziyaret-3\/\" border=\"0\" itemprop=\"url\"> <meta itemprop=\"width\" content=\"330\"> <meta itemprop=\"height\" content=\"219\"> <img decoding=\"async\" class=\"\" data-attachment-id=\"25615\" data-orig-file=\"http:\/\/www.tvturk.com\/wp-content\/uploads\/2019\/02\/emniyet-muduru-aktasin-esinden-sehit-ailelerine-ziyaret_3aed920.jpg\" data-orig-size=\"1000,665\" data-comments-opened=\"\" data-image-meta=\"{&quot;aperture&quot;:&quot;0&quot;,&quot;credit&quot;:&quot;IHA&quot;,&quot;camera&quot;:&quot;&quot;,&quot;caption&quot;:&quot;ADANA \\u0130L EMN\\u0130YET M\\u00dcD\\u00dcR\\u00dc ZAFER AKTA\\u015e\\u2019IN E\\u015e\\u0130 MERYEM AKTA\\u015e ADANA\\u2019DA BULUNAN \\u015eEH\\u0130T A\\u0130LELER\\u0130N\\u0130 VE GAZ\\u0130LER\\u0130 EVLER\\u0130NDE Z\\u0130YARET ETT\\u0130. (\\u0130HA\\\/ADANA-\\u0130HA)&quot;,&quot;created_timestamp&quot;:&quot;0&quot;,&quot;copyright&quot;:&quot;\\u0130HLAS HABER AJANSI, www.iha.com.tr&quot;,&quot;focal_length&quot;:&quot;0&quot;,&quot;iso&quot;:&quot;0&quot;,&quot;shutter_speed&quot;:&quot;0&quot;,&quot;title&quot;:&quot;EMN\\u0130YET M\\u00dcD\\u00dcR\\u00dc AKTA\\u015e\\u0027IN E\\u015e\\u0130NDEN \\u015eEH\\u0130T A\\u0130LELER\\u0130NE Z\\u0130YARET&quot;,&quot;orientation&quot;:&quot;0&quot;}\" data-image-title=\"Emniyet M\u00fcd\u00fcr\u00fc Akta\u015f\u2019\u0131n e\u015finden \u015fehit ailelerine ziyaret\" data-image-description=\"&lt;p&gt;Emniyet M\u00fcd\u00fcr\u00fc Akta\u015f\u2019\u0131n e\u015finden \u015fehit ailelerine ziyaret&lt;\/p&gt; \" data-medium-file=\"https:\/\/i0.wp.com\/www.tvturk.com\/wp-content\/uploads\/2019\/02\/emniyet-muduru-aktasin-esinden-sehit-ailelerine-ziyaret_3aed920.jpg?fit=300%2C200\" data-large-file=\"https:\/\/i0.wp.com\/www.tvturk.com\/wp-content\/uploads\/2019\/02\/emniyet-muduru-aktasin-esinden-sehit-ailelerine-ziyaret_3aed920.jpg?fit=1000%2C665\" src=\"https:\/\/i0.wp.com\/www.tvturk.com\/wp-content\/uploads\/2019\/02\/emniyet-muduru-aktasin-esinden-sehit-ailelerine-ziyaret_3aed920.jpg?w=330&#038;h=219\" srcset=\"https:\/\/i0.wp.com\/www.tvturk.com\/wp-content\/uploads\/2019\/02\/emniyet-muduru-aktasin-esinden-sehit-ailelerine-ziyaret_3aed920.jpg?w=1000 1000w, https:\/\/i0.wp.com\/www.tvturk.com\/wp-content\/uploads\/2019\/02\/emniyet-muduru-aktasin-esinden-sehit-ailelerine-ziyaret_3aed920.jpg?resize=150%2C100 150w, https:\/\/i0.wp.com\/www.tvturk.com\/wp-content\/uploads\/2019\/02\/emniyet-muduru-aktasin-esinden-sehit-ailelerine-ziyaret_3aed920.jpg?resize=300%2C200 300w, https:\/\/i0.wp.com\/www.tvturk.com\/wp-content\/uploads\/2019\/02\/emniyet-muduru-aktasin-esinden-sehit-ailelerine-ziyaret_3aed920.jpg?resize=768%2C511 768w, https:\/\/i0.wp.com\/www.tvturk.com\/wp-content\/uploads\/2019\/02\/emniyet-muduru-aktasin-esinden-sehit-ailelerine-ziyaret_3aed920.jpg?resize=170%2C113 170w, https:\/\/i0.wp.com\/www.tvturk.com\/wp-content\/uploads\/2019\/02\/emniyet-muduru-aktasin-esinden-sehit-ailelerine-ziyaret_3aed920.jpg?resize=120%2C80 120w\" width=\"330\" height=\"219\" loading=\"lazy\" data-original-width=\"330\" data-original-height=\"219\" itemprop=\"http:\/\/schema.org\/image\" title=\"Emniyet M\u00fcd\u00fcr\u00fc Akta\u015f\u2019\u0131n e\u015finden \u015fehit ailelerine ziyaret\" alt=\"Emniyet M\u00fcd\u00fcr\u00fc Akta\u015f\u2019\u0131n e\u015finden \u015fehit ailelerine ziyaret\" style=\"width: 330px; height: 219px;\" \/> <\/a> <\/div> <\/div> <!-- close group --> <div class=\"gallery-group images-2\" style=\"width: 166px; height: 223px;\" data-original-width=\"166\" data-original-height=\"223\" > <div class=\"tiled-gallery-item tiled-gallery-item-small\" itemprop=\"associatedMedia\" itemscope itemtype=\"http:\/\/schema.org\/ImageObject\"> <a href=\"http:\/\/www.tvturk.com\/index.php\/emniyet-muduru-aktasin-esinden-sehit-ailelerine-ziyaret\/emniyet-muduru-aktasin-esinden-sehit-ailelerine-ziyaret-4\/\" border=\"0\" itemprop=\"url\"> <meta itemprop=\"width\" content=\"162\"> <meta itemprop=\"height\" content=\"108\"> <img decoding=\"async\" class=\"\" data-attachment-id=\"25616\" data-orig-file=\"http:\/\/www.tvturk.com\/wp-content\/uploads\/2019\/02\/emniyet-muduru-aktasin-esinden-sehit-ailelerine-ziyaret_985ec49.jpg\" data-orig-size=\"1000,665\" data-comments-opened=\"\" data-image-meta=\"{&quot;aperture&quot;:&quot;0&quot;,&quot;credit&quot;:&quot;IHA&quot;,&quot;camera&quot;:&quot;&quot;,&quot;caption&quot;:&quot;ADANA \\u0130L EMN\\u0130YET M\\u00dcD\\u00dcR\\u00dc ZAFER AKTA\\u015e\\u2019IN E\\u015e\\u0130 MERYEM AKTA\\u015e ADANA\\u2019DA BULUNAN \\u015eEH\\u0130T A\\u0130LELER\\u0130N\\u0130 VE GAZ\\u0130LER\\u0130 EVLER\\u0130NDE Z\\u0130YARET ETT\\u0130. (\\u0130HA\\\/ADANA-\\u0130HA)&quot;,&quot;created_timestamp&quot;:&quot;0&quot;,&quot;copyright&quot;:&quot;\\u0130HLAS HABER AJANSI, www.iha.com.tr&quot;,&quot;focal_length&quot;:&quot;0&quot;,&quot;iso&quot;:&quot;0&quot;,&quot;shutter_speed&quot;:&quot;0&quot;,&quot;title&quot;:&quot;EMN\\u0130YET M\\u00dcD\\u00dcR\\u00dc AKTA\\u015e\\u0027IN E\\u015e\\u0130NDEN \\u015eEH\\u0130T A\\u0130LELER\\u0130NE Z\\u0130YARET&quot;,&quot;orientation&quot;:&quot;0&quot;}\" data-image-title=\"Emniyet M\u00fcd\u00fcr\u00fc Akta\u015f\u2019\u0131n e\u015finden \u015fehit ailelerine ziyaret\" data-image-description=\"&lt;p&gt;Emniyet M\u00fcd\u00fcr\u00fc Akta\u015f\u2019\u0131n e\u015finden \u015fehit ailelerine ziyaret&lt;\/p&gt; \" data-medium-file=\"https:\/\/i0.wp.com\/www.tvturk.com\/wp-content\/uploads\/2019\/02\/emniyet-muduru-aktasin-esinden-sehit-ailelerine-ziyaret_985ec49.jpg?fit=300%2C200\" data-large-file=\"https:\/\/i0.wp.com\/www.tvturk.com\/wp-content\/uploads\/2019\/02\/emniyet-muduru-aktasin-esinden-sehit-ailelerine-ziyaret_985ec49.jpg?fit=1000%2C665\" src=\"https:\/\/i0.wp.com\/www.tvturk.com\/wp-content\/uploads\/2019\/02\/emniyet-muduru-aktasin-esinden-sehit-ailelerine-ziyaret_985ec49.jpg?w=162&#038;h=108\" srcset=\"https:\/\/i0.wp.com\/www.tvturk.com\/wp-content\/uploads\/2019\/02\/emniyet-muduru-aktasin-esinden-sehit-ailelerine-ziyaret_985ec49.jpg?w=1000 1000w, https:\/\/i0.wp.com\/www.tvturk.com\/wp-content\/uploads\/2019\/02\/emniyet-muduru-aktasin-esinden-sehit-ailelerine-ziyaret_985ec49.jpg?resize=150%2C100 150w, https:\/\/i0.wp.com\/www.tvturk.com\/wp-content\/uploads\/2019\/02\/emniyet-muduru-aktasin-esinden-sehit-ailelerine-ziyaret_985ec49.jpg?resize=300%2C200 300w, https:\/\/i0.wp.com\/www.tvturk.com\/wp-content\/uploads\/2019\/02\/emniyet-muduru-aktasin-esinden-sehit-ailelerine-ziyaret_985ec49.jpg?resize=768%2C511 768w, https:\/\/i0.wp.com\/www.tvturk.com\/wp-content\/uploads\/2019\/02\/emniyet-muduru-aktasin-esinden-sehit-ailelerine-ziyaret_985ec49.jpg?resize=170%2C113 170w, https:\/\/i0.wp.com\/www.tvturk.com\/wp-content\/uploads\/2019\/02\/emniyet-muduru-aktasin-esinden-sehit-ailelerine-ziyaret_985ec49.jpg?resize=120%2C80 120w\" width=\"162\" height=\"108\" loading=\"lazy\" data-original-width=\"162\" data-original-height=\"108\" itemprop=\"http:\/\/schema.org\/image\" title=\"Emniyet M\u00fcd\u00fcr\u00fc Akta\u015f\u2019\u0131n e\u015finden \u015fehit ailelerine ziyaret\" alt=\"Emniyet M\u00fcd\u00fcr\u00fc Akta\u015f\u2019\u0131n e\u015finden \u015fehit ailelerine ziyaret\" style=\"width: 162px; height: 108px;\" \/> <\/a> <\/div> <div class=\"tiled-gallery-item tiled-gallery-item-small\" itemprop=\"associatedMedia\" itemscope itemtype=\"http:\/\/schema.org\/ImageObject\"> <a href=\"http:\/\/www.tvturk.com\/index.php\/emniyet-muduru-aktasin-esinden-sehit-ailelerine-ziyaret\/emniyet-muduru-aktasin-esinden-sehit-ailelerine-ziyaret-5\/\" border=\"0\" itemprop=\"url\"> <meta itemprop=\"width\" content=\"162\"> <meta itemprop=\"height\" content=\"107\"> <img decoding=\"async\" class=\"\" data-attachment-id=\"25617\" data-orig-file=\"http:\/\/www.tvturk.com\/wp-content\/uploads\/2019\/02\/emniyet-muduru-aktasin-esinden-sehit-ailelerine-ziyaret_ad8a673.jpg\" data-orig-size=\"1000,665\" data-comments-opened=\"\" data-image-meta=\"{&quot;aperture&quot;:&quot;0&quot;,&quot;credit&quot;:&quot;IHA&quot;,&quot;camera&quot;:&quot;&quot;,&quot;caption&quot;:&quot;ADANA \\u0130L EMN\\u0130YET M\\u00dcD\\u00dcR\\u00dc ZAFER AKTA\\u015e\\u2019IN E\\u015e\\u0130 MERYEM AKTA\\u015e ADANA\\u2019DA BULUNAN \\u015eEH\\u0130T A\\u0130LELER\\u0130N\\u0130 VE GAZ\\u0130LER\\u0130 EVLER\\u0130NDE Z\\u0130YARET ETT\\u0130. (\\u0130HA\\\/ADANA-\\u0130HA)&quot;,&quot;created_timestamp&quot;:&quot;0&quot;,&quot;copyright&quot;:&quot;\\u0130HLAS HABER AJANSI, www.iha.com.tr&quot;,&quot;focal_length&quot;:&quot;0&quot;,&quot;iso&quot;:&quot;0&quot;,&quot;shutter_speed&quot;:&quot;0&quot;,&quot;title&quot;:&quot;EMN\\u0130YET M\\u00dcD\\u00dcR\\u00dc AKTA\\u015e\\u0027IN E\\u015e\\u0130NDEN \\u015eEH\\u0130T A\\u0130LELER\\u0130NE Z\\u0130YARET&quot;,&quot;orientation&quot;:&quot;0&quot;}\" data-image-title=\"Emniyet M\u00fcd\u00fcr\u00fc Akta\u015f\u2019\u0131n e\u015finden \u015fehit ailelerine ziyaret\" data-image-description=\"&lt;p&gt;Emniyet M\u00fcd\u00fcr\u00fc Akta\u015f\u2019\u0131n e\u015finden \u015fehit ailelerine ziyaret&lt;\/p&gt; \" data-medium-file=\"https:\/\/i0.wp.com\/www.tvturk.com\/wp-content\/uploads\/2019\/02\/emniyet-muduru-aktasin-esinden-sehit-ailelerine-ziyaret_ad8a673.jpg?fit=300%2C200\" data-large-file=\"https:\/\/i0.wp.com\/www.tvturk.com\/wp-content\/uploads\/2019\/02\/emniyet-muduru-aktasin-esinden-sehit-ailelerine-ziyaret_ad8a673.jpg?fit=1000%2C665\" src=\"https:\/\/i0.wp.com\/www.tvturk.com\/wp-content\/uploads\/2019\/02\/emniyet-muduru-aktasin-esinden-sehit-ailelerine-ziyaret_ad8a673.jpg?w=162&#038;h=107\" srcset=\"https:\/\/i0.wp.com\/www.tvturk.com\/wp-content\/uploads\/2019\/02\/emniyet-muduru-aktasin-esinden-sehit-ailelerine-ziyaret_ad8a673.jpg?w=1000 1000w, https:\/\/i0.wp.com\/www.tvturk.com\/wp-content\/uploads\/2019\/02\/emniyet-muduru-aktasin-esinden-sehit-ailelerine-ziyaret_ad8a673.jpg?resize=150%2C100 150w, https:\/\/i0.wp.com\/www.tvturk.com\/wp-content\/uploads\/2019\/02\/emniyet-muduru-aktasin-esinden-sehit-ailelerine-ziyaret_ad8a673.jpg?resize=300%2C200 300w, https:\/\/i0.wp.com\/www.tvturk.com\/wp-content\/uploads\/2019\/02\/emniyet-muduru-aktasin-esinden-sehit-ailelerine-ziyaret_ad8a673.jpg?resize=768%2C511 768w, https:\/\/i0.wp.com\/www.tvturk.com\/wp-content\/uploads\/2019\/02\/emniyet-muduru-aktasin-esinden-sehit-ailelerine-ziyaret_ad8a673.jpg?resize=170%2C113 170w, https:\/\/i0.wp.com\/www.tvturk.com\/wp-content\/uploads\/2019\/02\/emniyet-muduru-aktasin-esinden-sehit-ailelerine-ziyaret_ad8a673.jpg?resize=120%2C80 120w\" width=\"162\" height=\"107\" loading=\"lazy\" data-original-width=\"162\" data-original-height=\"107\" itemprop=\"http:\/\/schema.org\/image\" title=\"Emniyet M\u00fcd\u00fcr\u00fc Akta\u015f\u2019\u0131n e\u015finden \u015fehit ailelerine ziyaret\" alt=\"Emniyet M\u00fcd\u00fcr\u00fc Akta\u015f\u2019\u0131n e\u015finden \u015fehit ailelerine ziyaret\" style=\"width: 162px; height: 107px;\" \/> <\/a> <\/div> <\/div> <!-- close group --> <\/div> <!-- close row --> <\/div><\/p>\n","protected":false},"excerpt":{"rendered":"<p>ADANA \u0130L EMN\u0130YET M\u00dcD\u00dcR\u00dc ZAFER AKTA\u015e\u2019IN E\u015e\u0130 MERYEM AKTA\u015e ADANA\u2019DA BULUNAN \u015eEH\u0130T A\u0130LELER\u0130N\u0130 VE GAZ\u0130LER\u0130 EVLER\u0130NDE Z\u0130YARET ETT\u0130.<\/p>\n","protected":false},"author":1,"featured_media":25614,"comment_status":"closed","ping_status":"open","sticky":false,"template":"","format":"standard","meta":{"jetpack_post_was_ever_published":false,"_jetpack_newsletter_access":"","_jetpack_dont_email_post_to_subs":false,"_jetpack_newsletter_tier_id":0,"_jetpack_memberships_contains_paywalled_content":false,"_jetpack_memberships_contains_paid_content":false,"footnotes":"","jetpack_publicize_message":"","jetpack_publicize_feature_enabled":true,"jetpack_social_post_already_shared":false,"jetpack_social_options":{"image_generator_settings":{"template":"highway","default_image_id":0,"font":"","enabled":false},"version":2}},"categories":[655],"tags":[5724,10630,253,10631,254,237,150],"class_list":["post-25613","post","type-post","status-publish","format-standard","has-post-thumbnail","hentry","category-son-dakika","tag-ailelerine","tag-aktasin","tag-emniyet","tag-esinden","tag-muduru","tag-sehit","tag-ziyaret"],"jetpack_publicize_connections":[],"jetpack_featured_media_url":"https:\/\/i0.wp.com\/www.tvturk.com\/wp-content\/uploads\/2019\/02\/emniyet-muduru-aktasin-esinden-sehit-ailelerine-ziyaret_860e83a.jpg?fit=1000%2C665","jetpack_sharing_enabled":true,"jetpack_shortlink":"https:\/\/wp.me\/paKIfm-6F7","_links":{"self":[{"href":"http:\/\/www.tvturk.com\/index.php\/wp-json\/wp\/v2\/posts\/25613","targetHints":{"allow":["GET"]}}],"collection":[{"href":"http:\/\/www.tvturk.com\/index.php\/wp-json\/wp\/v2\/posts"}],"about":[{"href":"http:\/\/www.tvturk.com\/index.php\/wp-json\/wp\/v2\/types\/post"}],"author":[{"embeddable":true,"href":"http:\/\/www.tvturk.com\/index.php\/wp-json\/wp\/v2\/users\/1"}],"replies":[{"embeddable":true,"href":"http:\/\/www.tvturk.com\/index.php\/wp-json\/wp\/v2\/comments?post=25613"}],"version-history":[{"count":1,"href":"http:\/\/www.tvturk.com\/index.php\/wp-json\/wp\/v2\/posts\/25613\/revisions"}],"predecessor-version":[{"id":25618,"href":"http:\/\/www.tvturk.com\/index.php\/wp-json\/wp\/v2\/posts\/25613\/revisions\/25618"}],"wp:featuredmedia":[{"embeddable":true,"href":"http:\/\/www.tvturk.com\/index.php\/wp-json\/wp\/v2\/media\/25614"}],"wp:attachment":[{"href":"http:\/\/www.tvturk.com\/index.php\/wp-json\/wp\/v2\/media?parent=25613"}],"wp:term":[{"taxonomy":"category","embeddable":true,"href":"http:\/\/www.tvturk.com\/index.php\/wp-json\/wp\/v2\/categories?post=25613"},{"taxonomy":"post_tag","embeddable":true,"href":"http:\/\/www.tvturk.com\/index.php\/wp-json\/wp\/v2\/tags?post=25613"}],"curies":[{"name":"wp","href":"https:\/\/api.w.org\/{rel}","templated":true}]}}