{"id":256132,"date":"2020-01-16T10:17:22","date_gmt":"2020-01-16T07:17:22","guid":{"rendered":"http:\/\/www.tvturk.com\/index.php\/yeni-malatyaspor-basaksehir-macina-ravci-nezaretinde-hazirlanacak\/"},"modified":"2020-01-16T10:17:22","modified_gmt":"2020-01-16T07:17:22","slug":"yeni-malatyaspor-basaksehir-macina-ravci-nezaretinde-hazirlanacak","status":"publish","type":"post","link":"http:\/\/www.tvturk.com\/index.php\/yeni-malatyaspor-basaksehir-macina-ravci-nezaretinde-hazirlanacak\/","title":{"rendered":"Yeni Malatyaspor, Ba\u015fak\u015fehir ma\u00e7\u0131na Ravc\u0131 nezaretinde haz\u0131rlanacak"},"content":{"rendered":"<p>Ligde ve kupadaki k\u00f6t\u00fc gidi\u015fat\u0131n ard\u0131ndan yollar\u0131n ayr\u0131ld\u0131\u011f\u0131 Sergen Yal\u00e7\u0131n\u2019dan bo\u015falan teknik adaml\u0131k koltu\u011funa isim arayan Yeni Malatyaspor, bu haftaki Ba\u015fak\u015fehir ma\u00e7\u0131na Sportif Direkt\u00f6r Ali Ravc\u0131 y\u00f6netiminde haz\u0131rlanacak.<\/p>\n<p>Ziraat T\u00fcrkiye Kupas\u0131 Son 16 Turu ilk ma\u00e7\u0131nda deplasmanda Sivasspor\u2019a 4-0 yenilerek tur \u015fans\u0131n\u0131 zora sokan Yeni Malatyaspor\u2019daki k\u00f6t\u00fc gidi\u015fat taraftar\u0131 \u00fczerken, y\u00f6netimin Sergen Yal\u00e7\u0131n ile yollar\u0131 ay\u0131rmas\u0131 camiada b\u00fcy\u00fck yank\u0131 uyand\u0131rd\u0131.<\/p>\n<p>Sivasspor kar\u015f\u0131s\u0131nda al\u0131nan a\u011f\u0131r yenilgi sonras\u0131 sosyal medyada g\u00fcndemin tepesine \u2019Sergen Yal\u00e7\u0131n istifa\u2019 ba\u015fl\u0131\u011f\u0131yla binlerce mesaj atan Malatyal\u0131 taraftarlar, y\u00f6netimin karar\u0131 sonras\u0131 ise destek mesajlar\u0131yla do\u011fru bir hamle yap\u0131ld\u0131\u011f\u0131 fikrinde bulu\u015ftular.<\/p>\n<p>Y\u00f6netim transfere y\u00f6neldi<\/p>\n<p>Bu arada Teknik Direkt\u00f6r Sergen Yal\u00e7\u0131n ile yollar\u0131n ayr\u0131lmas\u0131ndan sonra g\u00fcndemine transferi alan sar\u0131-k\u0131rm\u0131z\u0131l\u0131 y\u00f6netimin ara transfer d\u00f6neminde kadroya 2 takviye yapmak i\u00e7in yo\u011fun bir mesai harcad\u0131\u011f\u0131 belirtildi.<\/p>\n<p>Brezilyal\u0131 Guilherme Marguez\u2019in Be\u015fikta\u015f ile anla\u015famamas\u0131 ve kul\u00fcpte kalmas\u0131 \u00fczerine derin bir nefes alan Malatya ekibinin, duruma g\u00f6re transfer edece\u011fi futbolcu say\u0131s\u0131n\u0131 birle s\u0131n\u0131rl\u0131 tutabilece\u011fi de konu\u015fuluyor.<\/p>\n<p>Bu arada sar\u0131-k\u0131rm\u0131z\u0131l\u0131 y\u00f6netimin arad\u0131\u011f\u0131n\u0131 bulamad\u0131\u011f\u0131 Sergen Yal\u00e7\u0131n ile yollar\u0131n\u0131 ay\u0131rmas\u0131n\u0131n ard\u0131ndan tak\u0131m\u0131 Ba\u015fak\u015fehir ma\u00e7\u0131na Sportif Direkt\u00f6r Ali Ravc\u0131\u2019n\u0131n haz\u0131rlayaca\u011f\u0131 bildirildi.<\/p>\n<p>Yeni Malatyaspor\u2019da Ba\u015fak\u015fehir ma\u00e7\u0131 haz\u0131rl\u0131klar\u0131 tam kadro devam ederken, kart cezas\u0131 sona eren Adis Jahovic de g\u00f6rev verilmesi halinde bu haftaki ma\u00e7ta yerini alabilecek.<\/p>\n","protected":false},"excerpt":{"rendered":"<p>YEN\u0130 MALATYASPOR, BA\u015eAK\u015eEH\u0130R MA\u00c7INA RAVCI NEZARET\u0130NDE HAZIRLANACAK<\/p>\n","protected":false},"author":1,"featured_media":256133,"comment_status":"closed","ping_status":"open","sticky":false,"template":"","format":"standard","meta":{"jetpack_post_was_ever_published":false,"_jetpack_newsletter_access":"","_jetpack_dont_email_post_to_subs":false,"_jetpack_newsletter_tier_id":0,"_jetpack_memberships_contains_paywalled_content":false,"_jetpack_memberships_contains_paid_content":false,"footnotes":"","jetpack_publicize_message":"","jetpack_publicize_feature_enabled":true,"jetpack_social_post_already_shared":true,"jetpack_social_options":{"image_generator_settings":{"template":"highway","default_image_id":0,"font":"","enabled":false},"version":2}},"categories":[657],"tags":[6004,12853,2865,528,63329,28015,87],"class_list":["post-256132","post","type-post","status-publish","format-standard","has-post-thumbnail","hentry","category-spor","tag-basaksehir","tag-hazirlanacak","tag-macina","tag-malatyaspor","tag-nezaretinde","tag-ravci","tag-yeni"],"jetpack_publicize_connections":[],"jetpack_featured_media_url":"https:\/\/i0.wp.com\/www.tvturk.com\/wp-content\/uploads\/2020\/01\/yeni-malatyaspor-basaksehir-macina-ravci-nezaretinde-hazirlanacak_c1e107f.jpg?fit=960%2C843","jetpack_sharing_enabled":true,"jetpack_shortlink":"https:\/\/wp.me\/paKIfm-14Da","_links":{"self":[{"href":"http:\/\/www.tvturk.com\/index.php\/wp-json\/wp\/v2\/posts\/256132","targetHints":{"allow":["GET"]}}],"collection":[{"href":"http:\/\/www.tvturk.com\/index.php\/wp-json\/wp\/v2\/posts"}],"about":[{"href":"http:\/\/www.tvturk.com\/index.php\/wp-json\/wp\/v2\/types\/post"}],"author":[{"embeddable":true,"href":"http:\/\/www.tvturk.com\/index.php\/wp-json\/wp\/v2\/users\/1"}],"replies":[{"embeddable":true,"href":"http:\/\/www.tvturk.com\/index.php\/wp-json\/wp\/v2\/comments?post=256132"}],"version-history":[{"count":0,"href":"http:\/\/www.tvturk.com\/index.php\/wp-json\/wp\/v2\/posts\/256132\/revisions"}],"wp:featuredmedia":[{"embeddable":true,"href":"http:\/\/www.tvturk.com\/index.php\/wp-json\/wp\/v2\/media\/256133"}],"wp:attachment":[{"href":"http:\/\/www.tvturk.com\/index.php\/wp-json\/wp\/v2\/media?parent=256132"}],"wp:term":[{"taxonomy":"category","embeddable":true,"href":"http:\/\/www.tvturk.com\/index.php\/wp-json\/wp\/v2\/categories?post=256132"},{"taxonomy":"post_tag","embeddable":true,"href":"http:\/\/www.tvturk.com\/index.php\/wp-json\/wp\/v2\/tags?post=256132"}],"curies":[{"name":"wp","href":"https:\/\/api.w.org\/{rel}","templated":true}]}}