{"id":256136,"date":"2020-01-16T10:32:01","date_gmt":"2020-01-16T07:32:01","guid":{"rendered":"http:\/\/www.tvturk.com\/index.php\/uludagda-otellerin-doluluk-orani-yuzde-yuze-ulasti\/"},"modified":"2020-01-16T10:32:01","modified_gmt":"2020-01-16T07:32:01","slug":"uludagda-otellerin-doluluk-orani-yuzde-yuze-ulasti","status":"publish","type":"post","link":"http:\/\/www.tvturk.com\/index.php\/uludagda-otellerin-doluluk-orani-yuzde-yuze-ulasti\/","title":{"rendered":"Uluda\u011f\u2019da otellerin doluluk oran\u0131 y\u00fczde y\u00fcze ula\u015ft\u0131"},"content":{"rendered":"<p>T\u00fcrkiye\u2019nin en \u00f6nemli k\u0131\u015f turizm merkezlerinden olan Uluda\u011f s\u00f6mestir tatiline dolu girecek.<\/p>\n<p>Kayakseverlerin ak\u0131n etti\u011fi Uluda\u011f\u2019a bu sezon yo\u011fun ilgi var. S\u00f6mestir tatili \u00f6ncesinde tatilcilerin ve g\u00fcn\u00fcbirlik\u00e7ilerin ak\u0131n etti\u011fi Uluda\u011f, en yo\u011fun g\u00fcnlerinden birini ya\u015f\u0131yor. Oteller s\u00f6mestir \u00f6ncesi y\u00fczde y\u00fcze yak\u0131n doluluk oran\u0131 ya\u015f\u0131yor. Erken rezervasyonlardan dolay\u0131 oteller yar\u0131 y\u0131l tatiline y\u00fczde y\u00fcz doluluk oran\u0131yla girecek.<\/p>\n<p>S\u00f6mestir tatili ve normal zamanda zirveye vatanda\u015flar ister teleferikle, isterse otomobilleriyle iki farkl\u0131 \u015fekilde \u00e7\u0131kabiliyor. Teferr\u00fc\u00e7 Mahallesi\u2019ndeki teleferik istasyonundan kalkan kabinler 40 dakika s\u00fcren do\u011fa ile ba\u015f ba\u015fa bir yolculu\u011fun ard\u0131ndan tatilcileri Sar\u0131alan\u2019a ula\u015ft\u0131r\u0131yor. Karla kapl\u0131 orman\u0131n aras\u0131nda ge\u00e7en bu yolculuk i\u00e7in ki\u015fi ba\u015f\u0131 tam gidi\u015f geli\u015f 48 TL, \u00f6\u011frenci ise 35 TL. \u00d6zel ara\u00e7lar\u0131yla \u00e7\u0131kmak isteyen tatilciler \u00e7evre yolundan \u015fehir merkezi ba\u011flant\u0131lar\u0131n\u0131 takip ederek \u00c7ekirge ya da P\u0131narba\u015f\u0131 b\u00f6lgelerinden da\u011f yoluna ula\u015fabiliyor.<\/p>\n<p>Monte Baia Uluda\u011f Otel \u00d6n B\u00fcro M\u00fcd\u00fcr\u00fc Kerem Kuy, &#8220;\u015eu anda karlar\u0131n ya\u011fmas\u0131yla beraber otelimizde doluluk oran\u0131 y\u00fczde y\u00fczlere ula\u015ft\u0131. S\u00f6mestirde \u00e7ok iyi bir yo\u011funluk bekliyoruz. \u015eu anda Uluda\u011f\u2019da hava \u00e7ok g\u00fczel. Bunun keyfi ya\u015fan\u0131yor. S\u00f6mestirin girmesiyle birlikte doluluk daha da artacak. G\u00fczel bir sezon bekliyoruz. 3 ki\u015filik bir ailenin konaklama bedeli tek gece 2 bin 250 lira civar\u0131nda. Otelimiz her \u015fey dahil \u00e7al\u0131\u015f\u0131yor&#8221; dedi.<\/p>\n<p>Karinna Otel \u00d6n B\u00fcro M\u00fcd\u00fcr\u00fc Harbi T\u00fcrk ise, &#8220;Y\u0131l ba\u015f\u0131na karl\u0131 girmi\u015ftik. Ard\u0131ndan hareketli ve dolu bir sezon ge\u00e7iyor. \u015eu anda yo\u011funluk ve talep a\u00e7\u0131s\u0131ndan ge\u00e7en seneyle ayn\u0131. Yar\u0131 y\u0131l tatili \u00e7ok talep ediliyor. Erken rezervasyonlarla sezona ba\u015flad\u0131k. Uluda\u011f\u2019da \u015fu an hava \u00e7ok g\u00fczel. S\u00f6mestirde doluyuz. Gelen ailelerin buran\u0131n keyfini \u00e7\u0131kartmas\u0131n\u0131 istiyoruz&#8221; diye konu\u015ftu.<\/p>\n","protected":false},"excerpt":{"rendered":"<p>ULUDA\u011e YO\u011eUN G\u00dcNLER YA\u015eIYOR<\/p>\n","protected":false},"author":1,"featured_media":256137,"comment_status":"closed","ping_status":"open","sticky":false,"template":"","format":"standard","meta":{"jetpack_post_was_ever_published":false,"_jetpack_newsletter_access":"","_jetpack_dont_email_post_to_subs":false,"_jetpack_newsletter_tier_id":0,"_jetpack_memberships_contains_paywalled_content":false,"_jetpack_memberships_contains_paid_content":false,"footnotes":"","jetpack_publicize_message":"","jetpack_publicize_feature_enabled":true,"jetpack_social_post_already_shared":true,"jetpack_social_options":{"image_generator_settings":{"template":"highway","default_image_id":0,"font":"","enabled":false},"version":2}},"categories":[1],"tags":[18982,4233,39038,2574,723,3480,36737],"class_list":["post-256136","post","type-post","status-publish","format-standard","has-post-thumbnail","hentry","category-genel","tag-doluluk","tag-orani","tag-otellerin","tag-ulasti","tag-uludagda","tag-yuzde","tag-yuze"],"jetpack_publicize_connections":[],"jetpack_featured_media_url":"https:\/\/i0.wp.com\/www.tvturk.com\/wp-content\/uploads\/2020\/01\/uludagda-otellerin-doluluk-orani-yuzde-yuze-ulasti_5e8837d.jpg?fit=1000%2C666","jetpack_sharing_enabled":true,"jetpack_shortlink":"https:\/\/wp.me\/paKIfm-14De","_links":{"self":[{"href":"http:\/\/www.tvturk.com\/index.php\/wp-json\/wp\/v2\/posts\/256136","targetHints":{"allow":["GET"]}}],"collection":[{"href":"http:\/\/www.tvturk.com\/index.php\/wp-json\/wp\/v2\/posts"}],"about":[{"href":"http:\/\/www.tvturk.com\/index.php\/wp-json\/wp\/v2\/types\/post"}],"author":[{"embeddable":true,"href":"http:\/\/www.tvturk.com\/index.php\/wp-json\/wp\/v2\/users\/1"}],"replies":[{"embeddable":true,"href":"http:\/\/www.tvturk.com\/index.php\/wp-json\/wp\/v2\/comments?post=256136"}],"version-history":[{"count":0,"href":"http:\/\/www.tvturk.com\/index.php\/wp-json\/wp\/v2\/posts\/256136\/revisions"}],"wp:featuredmedia":[{"embeddable":true,"href":"http:\/\/www.tvturk.com\/index.php\/wp-json\/wp\/v2\/media\/256137"}],"wp:attachment":[{"href":"http:\/\/www.tvturk.com\/index.php\/wp-json\/wp\/v2\/media?parent=256136"}],"wp:term":[{"taxonomy":"category","embeddable":true,"href":"http:\/\/www.tvturk.com\/index.php\/wp-json\/wp\/v2\/categories?post=256136"},{"taxonomy":"post_tag","embeddable":true,"href":"http:\/\/www.tvturk.com\/index.php\/wp-json\/wp\/v2\/tags?post=256136"}],"curies":[{"name":"wp","href":"https:\/\/api.w.org\/{rel}","templated":true}]}}