{"id":256152,"date":"2020-01-16T10:46:35","date_gmt":"2020-01-16T07:46:35","guid":{"rendered":"http:\/\/www.tvturk.com\/index.php\/libyaya-traktor-ihracati-basladi\/"},"modified":"2020-01-16T10:46:35","modified_gmt":"2020-01-16T07:46:35","slug":"libyaya-traktor-ihracati-basladi","status":"publish","type":"post","link":"http:\/\/www.tvturk.com\/index.php\/libyaya-traktor-ihracati-basladi\/","title":{"rendered":"Libya\u2019ya trakt\u00f6r ihracat\u0131 ba\u015flad\u0131"},"content":{"rendered":"<p>T\u00fcrk trakt\u00f6r firmas\u0131 Mehmet \u015eim\u015feker, Afrika k\u0131tas\u0131na trakt\u00f6r sat\u0131\u015f\u0131na ba\u015flad\u0131.  Libya merkezli El  Jadidah firmas\u0131 ile aras\u0131nda resmi temsilcilik anla\u015fmas\u0131 imzaland\u0131. Kaddafi d\u00f6neminden bu tarafa Libya\u2019da kullan\u0131lan 290 serisi model, efsane trakt\u00f6r olarak biliniyordu. T\u00fcrkiye\u2019de 1998 y\u0131l\u0131nda \u00fcretimi durdurulan 290 serisi Libyal\u0131 \u00e7ift\u00e7ilerinden tam not alm\u0131\u015ft\u0131. Bir tar\u0131m \u00fclkesi olan Libya i\u00e7in bu model, T\u00fcrkiye\u2019de Mehmet \u015eim\u015feker ad\u0131 alt\u0131nda yeniden \u00fcretilmeye ba\u015fland\u0131.<\/p>\n<p>\u0130lk sipari\u015fler Libya\u2019ya vard\u0131<\/p>\n<p>Libya co\u011frafyas\u0131na en uygun model 85 beygir g\u00fcc\u00fcnde olan Mehmet \u015eim\u015feker 290 modelinin ihracat\u0131na Ocak ay\u0131nda ba\u015fland\u0131.  Libya\u2019n\u0131n bir tar\u0131m \u00fclkesi olmas\u0131 sebebiyle bu trakt\u00f6re yeniden ihtiya\u00e7 duyuldu.<\/p>\n<p>Bunun \u00fczerine Al Jadidah ve \u015eim\u015feker firmas\u0131 aras\u0131nda son 1 y\u0131ld\u0131r m\u00fczakereler ba\u015flad\u0131 ve g\u00f6r\u00fc\u015fmeler neticesinde Al Jad\u0131dah firmas\u0131 Mehmet \u015eim\u015feker markas\u0131yla Libya i\u00e7in yetkili distrib\u00fct\u00f6rl\u00fck antla\u015fmas\u0131 yapt\u0131. Anla\u015fma \u00e7er\u00e7evesinde ilk sipari\u015fler Libya\u2019ya g\u00f6nderildi. Firma sahibi Mehmet \u015eim\u015feker,  \u201cB\u00f6yle kar\u0131\u015f\u0131kl\u0131k olmas\u0131na ra\u011fmen Libya\u2019da hayat devam ediyor. \u015eu an bu \u00fclkeye trakt\u00f6r ihra\u00e7 eden tek firmay\u0131z. Bundan sonra da ayl\u0131k periyotlar halinde ihracat\u0131m\u0131z devam edecek ve di\u011fer Afrika \u00fclkelerinden de markam\u0131za olduk\u00e7a yo\u011fun ilgi var, o \u00fclkelerle de distrib\u00fct\u00f6rl\u00fck g\u00f6r\u00fc\u015fmelerimiz devam ediyor&#8221; dedi.<\/p>\n<p>Gana\u2019n\u0131n sipari\u015fleri de yola \u00e7\u0131k\u0131yor<\/p>\n<p>Mehmet \u015eim\u015feker di\u011fer bir Afrika \u00fclkesi olan Gana\u2019ya da distrib\u00fct\u00f6rl\u00fck verdiklerini, yak\u0131nda zamanda ald\u0131klar\u0131 sipari\u015fleri teslim etmek i\u00e7in sevkiyata ba\u015flayacaklar\u0131n\u0131 s\u00f6yledi. \u015eim\u015feker, di\u011fer Afrika \u00fclkelerinde ise \u00e7al\u0131\u015fmalar\u0131n\u0131n devam etti\u011fini s\u00f6zlerine ekledi.<\/p>\n","protected":false},"excerpt":{"rendered":"<p>L\u0130BYA\u2019YA TRAKT\u00d6R \u0130HRACATI BA\u015eLADI<\/p>\n","protected":false},"author":1,"featured_media":256153,"comment_status":"closed","ping_status":"open","sticky":false,"template":"","format":"standard","meta":{"jetpack_post_was_ever_published":false,"_jetpack_newsletter_access":"","_jetpack_dont_email_post_to_subs":false,"_jetpack_newsletter_tier_id":0,"_jetpack_memberships_contains_paywalled_content":false,"_jetpack_memberships_contains_paid_content":false,"footnotes":"","jetpack_publicize_message":"","jetpack_publicize_feature_enabled":true,"jetpack_social_post_already_shared":true,"jetpack_social_options":{"image_generator_settings":{"template":"highway","default_image_id":0,"font":"","enabled":false},"version":2}},"categories":[19],"tags":[55,2396,62732,475],"class_list":["post-256152","post","type-post","status-publish","format-standard","has-post-thumbnail","hentry","category-ekonomi","tag-basladi","tag-ihracati","tag-libyaya","tag-traktor"],"jetpack_publicize_connections":[],"jetpack_featured_media_url":"https:\/\/i0.wp.com\/www.tvturk.com\/wp-content\/uploads\/2020\/01\/libyaya-traktor-ihracati-basladi_2c21991.jpg?fit=1000%2C750","jetpack_sharing_enabled":true,"jetpack_shortlink":"https:\/\/wp.me\/paKIfm-14Du","_links":{"self":[{"href":"http:\/\/www.tvturk.com\/index.php\/wp-json\/wp\/v2\/posts\/256152","targetHints":{"allow":["GET"]}}],"collection":[{"href":"http:\/\/www.tvturk.com\/index.php\/wp-json\/wp\/v2\/posts"}],"about":[{"href":"http:\/\/www.tvturk.com\/index.php\/wp-json\/wp\/v2\/types\/post"}],"author":[{"embeddable":true,"href":"http:\/\/www.tvturk.com\/index.php\/wp-json\/wp\/v2\/users\/1"}],"replies":[{"embeddable":true,"href":"http:\/\/www.tvturk.com\/index.php\/wp-json\/wp\/v2\/comments?post=256152"}],"version-history":[{"count":0,"href":"http:\/\/www.tvturk.com\/index.php\/wp-json\/wp\/v2\/posts\/256152\/revisions"}],"wp:featuredmedia":[{"embeddable":true,"href":"http:\/\/www.tvturk.com\/index.php\/wp-json\/wp\/v2\/media\/256153"}],"wp:attachment":[{"href":"http:\/\/www.tvturk.com\/index.php\/wp-json\/wp\/v2\/media?parent=256152"}],"wp:term":[{"taxonomy":"category","embeddable":true,"href":"http:\/\/www.tvturk.com\/index.php\/wp-json\/wp\/v2\/categories?post=256152"},{"taxonomy":"post_tag","embeddable":true,"href":"http:\/\/www.tvturk.com\/index.php\/wp-json\/wp\/v2\/tags?post=256152"}],"curies":[{"name":"wp","href":"https:\/\/api.w.org\/{rel}","templated":true}]}}