{"id":256198,"date":"2020-01-16T11:46:28","date_gmt":"2020-01-16T08:46:28","guid":{"rendered":"http:\/\/www.tvturk.com\/index.php\/petronas-motorsikletler-icin-gelistirdigi-yagi-tanitti\/"},"modified":"2020-01-16T11:46:28","modified_gmt":"2020-01-16T08:46:28","slug":"petronas-motorsikletler-icin-gelistirdigi-yagi-tanitti","status":"publish","type":"post","link":"http:\/\/www.tvturk.com\/index.php\/petronas-motorsikletler-icin-gelistirdigi-yagi-tanitti\/","title":{"rendered":"Petronas motorsikletler i\u00e7in geli\u015ftirdi\u011fi ya\u011f\u0131 tan\u0131tt\u0131"},"content":{"rendered":"<p>K\u00fcresel enerji \u015firketi Petronas\u2019\u0131n madeni ya\u011f \u00fcretim ve pazarlama faaliyetlerini y\u00fcr\u00fcten Petronas Madeni Ya\u011flar, motosikletler i\u00e7in geli\u015ftirdi\u011fi ya\u011flardan Petronas Sprinta\u2019y\u0131 tan\u0131tt\u0131.<\/p>\n<p>D\u00fcnyan\u0131n \u00f6nemli petrol \u015firketlerinden Petronas\u2019\u0131n madeni ya\u011f \u00fcretim ve pazarlama faaliyetlerini y\u00fcr\u00fcten Petronas Madeni Ya\u011flar, yo\u011fun s\u00fcr\u00fc\u015f ko\u015fullar\u0131 do\u011frultusunda motosikletlerin artan performans ihtiya\u00e7lar\u0131na cevap vermek i\u00e7in \u00fcretti\u011fi Petronas Sprinta\u2019y\u0131 tan\u0131tt\u0131. Yap\u0131lan bilgilendirmede; Sprinta serisi bile\u015fenlerinde yer alan UltraFlex teknolojisiyle debriyaj ve di\u015fliler olmak \u00fczere t\u00fcm kritik par\u00e7alara \u00fcst\u00fcn koruma sa\u011flayacak. Y\u00fcksek devirli kullan\u0131mlarda motorun yo\u011fun \u0131s\u0131 ve termal bas\u0131n\u00e7lara kar\u015f\u0131 dayan\u0131kl\u0131l\u0131\u011f\u0131n\u0131 da art\u0131racak.<\/p>\n<p>2020 y\u0131l\u0131n\u0131n ilk \u00e7eyre\u011finden itibaren ilk \u00f6nce Hindistan ve Tayland gibi Asya \u00fclkelerinde sat\u0131\u015fa sunulacak olan Petronas Sprinta; ard\u0131ndan farkl\u0131 pazarlarda motosiklet kullan\u0131c\u0131lar\u0131na sunulacak.<\/p>\n<p>MotoGP\u2019de test edildi<\/p>\n<p>Konuyla ilgili konu\u015fan Petronas COO\u2019su Aadrin Azly, Sprinta serisinin performans, verimlilik ve g\u00fcvenilirli\u011fini UltraFlex teknolojisiyle MotoGP yar\u0131\u015flar\u0131nda da test ettiklerini belirterek, &#8220;Petronas Sprinta \u00fcr\u00fcn ailesi, 2018 y\u0131l\u0131 Haziran ay\u0131nda Hollanda MotoGP\u2019sinde kullan\u0131lmaya ba\u015flanarak g\u00fcn\u00fcm\u00fcze kadar Petronas Yamaha Sepang Yar\u0131\u015f Tak\u0131m\u0131\u2019na \u00fcst d\u00fczey katk\u0131 sa\u011flad\u0131. En zorlu s\u00fcr\u00fc\u015f ko\u015fullar\u0131nda bile motosiklet ve s\u00fcr\u00fcc\u00fclerin \u00fcst\u00fcn performans sunmas\u0131na yard\u0131mc\u0131 olan bu geli\u015fmi\u015f form\u00fclasyonu tan\u0131tmaktan b\u00fcy\u00fck bir mutluluk duyuyoruz.&#8221; dedi.<\/p>\n<p>Petronas Madeni Ya\u011flar\u0131 M\u00fcd\u00fcr\u00fc Eric Holthusen ise madeni ya\u011f teknolojisinde Petronas\u2019\u0131n ula\u015ft\u0131\u011f\u0131 ileri seviyeye de\u011finerek; &#8220;Ultraflex teknolojili Petronas Sprinta, Euro 5 ve Hindistan emisyon normu Bharat Stage (BS) VI gibi 2020 y\u0131l\u0131nda devreye al\u0131nacak olan en g\u00fcncel ve en zorlu motosiklet \u00e7evre standartlar\u0131n\u0131 kar\u015f\u0131lamak \u00fczere tasarland\u0131. Sprinta serisi t\u00fcm bu \u00f6zellikleriyle, daha d\u00fc\u015f\u00fck CO2 emisyon de\u011ferleri sa\u011flanmas\u0131na sundu\u011fu katk\u0131n\u0131n yan\u0131 s\u0131ra, motosiklet verimlili\u011fini genel olarak artt\u0131r\u0131p iyile\u015ftiriyor.&#8221; a\u00e7\u0131klamalar\u0131nda bulundu.<\/p>\n","protected":false},"excerpt":{"rendered":"<p>K\u00dcRESEL ENERJ\u0130 \u015e\u0130RKET\u0130 PETRONAS&#8217;IN MADEN\u0130 YA\u011e \u00dcRET\u0130M VE PAZARLAMA FAAL\u0130YETLER\u0130N\u0130 Y\u00dcR\u00dcTEN PETRONAS MADEN\u0130 YA\u011eLAR, MOTOS\u0130KLETLER \u0130\u00c7\u0130N GEL\u0130\u015eT\u0130RD\u0130\u011e\u0130 YA\u011eLARDAN PETRONAS SPR\u0130NTA&#8217;YI TANITTI.<\/p>\n","protected":false},"author":1,"featured_media":256199,"comment_status":"closed","ping_status":"open","sticky":false,"template":"","format":"standard","meta":{"jetpack_post_was_ever_published":false,"_jetpack_newsletter_access":"","_jetpack_dont_email_post_to_subs":false,"_jetpack_newsletter_tier_id":0,"_jetpack_memberships_contains_paywalled_content":false,"_jetpack_memberships_contains_paid_content":false,"footnotes":"","jetpack_publicize_message":"","jetpack_publicize_feature_enabled":true,"jetpack_social_post_already_shared":true,"jetpack_social_options":{"image_generator_settings":{"template":"highway","default_image_id":0,"font":"","enabled":false},"version":2}},"categories":[19],"tags":[20688,44,63341,38270,2566,32821],"class_list":["post-256198","post","type-post","status-publish","format-standard","has-post-thumbnail","hentry","category-ekonomi","tag-gelistirdigi","tag-icin","tag-motorsikletler","tag-petronas","tag-tanitti","tag-yagi"],"jetpack_publicize_connections":[],"jetpack_featured_media_url":"https:\/\/i0.wp.com\/www.tvturk.com\/wp-content\/uploads\/2020\/01\/petronas-motorsikletler-icin-gelistirdigi-yagi-tanitti_92efb79.jpg?fit=1000%2C665","jetpack_sharing_enabled":true,"jetpack_shortlink":"https:\/\/wp.me\/paKIfm-14Ee","_links":{"self":[{"href":"http:\/\/www.tvturk.com\/index.php\/wp-json\/wp\/v2\/posts\/256198","targetHints":{"allow":["GET"]}}],"collection":[{"href":"http:\/\/www.tvturk.com\/index.php\/wp-json\/wp\/v2\/posts"}],"about":[{"href":"http:\/\/www.tvturk.com\/index.php\/wp-json\/wp\/v2\/types\/post"}],"author":[{"embeddable":true,"href":"http:\/\/www.tvturk.com\/index.php\/wp-json\/wp\/v2\/users\/1"}],"replies":[{"embeddable":true,"href":"http:\/\/www.tvturk.com\/index.php\/wp-json\/wp\/v2\/comments?post=256198"}],"version-history":[{"count":0,"href":"http:\/\/www.tvturk.com\/index.php\/wp-json\/wp\/v2\/posts\/256198\/revisions"}],"wp:featuredmedia":[{"embeddable":true,"href":"http:\/\/www.tvturk.com\/index.php\/wp-json\/wp\/v2\/media\/256199"}],"wp:attachment":[{"href":"http:\/\/www.tvturk.com\/index.php\/wp-json\/wp\/v2\/media?parent=256198"}],"wp:term":[{"taxonomy":"category","embeddable":true,"href":"http:\/\/www.tvturk.com\/index.php\/wp-json\/wp\/v2\/categories?post=256198"},{"taxonomy":"post_tag","embeddable":true,"href":"http:\/\/www.tvturk.com\/index.php\/wp-json\/wp\/v2\/tags?post=256198"}],"curies":[{"name":"wp","href":"https:\/\/api.w.org\/{rel}","templated":true}]}}