{"id":256208,"date":"2020-01-16T12:01:30","date_gmt":"2020-01-16T09:01:30","guid":{"rendered":"http:\/\/www.tvturk.com\/index.php\/helikopter-kar-firtinasi-nedeniyle-kara-yoluna-acil-inis-yapti\/"},"modified":"2020-01-16T12:01:30","modified_gmt":"2020-01-16T09:01:30","slug":"helikopter-kar-firtinasi-nedeniyle-kara-yoluna-acil-inis-yapti","status":"publish","type":"post","link":"http:\/\/www.tvturk.com\/index.php\/helikopter-kar-firtinasi-nedeniyle-kara-yoluna-acil-inis-yapti\/","title":{"rendered":"Helikopter kar f\u0131rt\u0131nas\u0131 nedeniyle kara yoluna acil ini\u015f yapt\u0131"},"content":{"rendered":"<p>Rusya\u2019ya ba\u011fl\u0131 Sibirya\u2019da bir nakliye helikopteri kar f\u0131rt\u0131nas\u0131na yakalan\u0131nca kara yoluna acil ini\u015f yapt\u0131.<\/p>\n<p>Rusya\u2019ya ba\u011fl\u0131 Sibirya\u2019n\u0131n kuzeyinde bulunan Yamal\u2019da M\u0130-8 tipi Rus yap\u0131m\u0131 nakliye helikopteri, sabah saatlerinde y\u00fck alarak u\u00e7u\u015fa ge\u00e7ti. Bir s\u00fcre sonra helikopter g\u00fczergah\u0131nda kar f\u0131rt\u0131nas\u0131 ba\u015f g\u00f6sterince pilot telsiz ile yard\u0131m istedi. Bunun \u00fczerine Rusya Acil Durumlar Bakanl\u0131\u011f\u0131 taraf\u0131ndan helikopter g\u00fczergah\u0131nda bulunan kara yolunda g\u00fcvenlik \u00f6nlemleri al\u0131nd\u0131. Yol ara\u00e7 trafi\u011fine kapat\u0131larak helikopterin ini\u015fi beklenildi. Kara yolunda \u00e7ok say\u0131da sa\u011fl\u0131k ve itfaiye ekibi haz\u0131r bekletildi. Pilot, belirlenen noktaya helikopter ile zor bir ini\u015f ger\u00e7ekle\u015ftirdi.<\/p>\n<p>Kar f\u0131rt\u0131nas\u0131 nedeniyle zor anlar ya\u015fayan pilot ve yard\u0131mc\u0131s\u0131n\u0131n sa\u011fl\u0131k durumunun iyi oldu\u011fu \u00f6\u011frenilirken, kara yolunun kontroll\u00fc olarak ge\u00e7i\u015fe a\u00e7\u0131ld\u0131\u011f\u0131, helikopterin ise f\u0131rt\u0131nan\u0131n ard\u0131ndan yoluna devam edece\u011fi a\u00e7\u0131kland\u0131.<\/p>\n","protected":false},"excerpt":{"rendered":"<p>S\u0130B\u0130RYA\u2019DA B\u0130R NAKL\u0130YE HEL\u0130KOPTER\u0130 KAR FIRTINASINA YAKALANINCA KARA YOLUNA AC\u0130L \u0130N\u0130\u015e YAPTI.<\/p>\n","protected":false},"author":1,"featured_media":256209,"comment_status":"closed","ping_status":"open","sticky":false,"template":"","format":"standard","meta":{"jetpack_post_was_ever_published":false,"_jetpack_newsletter_access":"","_jetpack_dont_email_post_to_subs":false,"_jetpack_newsletter_tier_id":0,"_jetpack_memberships_contains_paywalled_content":false,"_jetpack_memberships_contains_paid_content":false,"footnotes":"","jetpack_publicize_message":"","jetpack_publicize_feature_enabled":true,"jetpack_social_post_already_shared":true,"jetpack_social_options":{"image_generator_settings":{"template":"highway","default_image_id":0,"font":"","enabled":false},"version":2}},"categories":[10],"tags":[7016,4055,9166,13237,878,2053,413,292,17653],"class_list":["post-256208","post","type-post","status-publish","format-standard","has-post-thumbnail","hentry","category-dunya","tag-acil","tag-firtinasi","tag-helikopter","tag-inis","tag-kar","tag-kara","tag-nedeniyle","tag-yapti","tag-yoluna"],"jetpack_publicize_connections":[],"jetpack_featured_media_url":"https:\/\/i0.wp.com\/www.tvturk.com\/wp-content\/uploads\/2020\/01\/helikopter-kar-firtinasi-nedeniyle-kara-yoluna-acil-inis-yapti_893f80d.jpg?fit=850%2C550","jetpack_sharing_enabled":true,"jetpack_shortlink":"https:\/\/wp.me\/paKIfm-14Eo","_links":{"self":[{"href":"http:\/\/www.tvturk.com\/index.php\/wp-json\/wp\/v2\/posts\/256208","targetHints":{"allow":["GET"]}}],"collection":[{"href":"http:\/\/www.tvturk.com\/index.php\/wp-json\/wp\/v2\/posts"}],"about":[{"href":"http:\/\/www.tvturk.com\/index.php\/wp-json\/wp\/v2\/types\/post"}],"author":[{"embeddable":true,"href":"http:\/\/www.tvturk.com\/index.php\/wp-json\/wp\/v2\/users\/1"}],"replies":[{"embeddable":true,"href":"http:\/\/www.tvturk.com\/index.php\/wp-json\/wp\/v2\/comments?post=256208"}],"version-history":[{"count":0,"href":"http:\/\/www.tvturk.com\/index.php\/wp-json\/wp\/v2\/posts\/256208\/revisions"}],"wp:featuredmedia":[{"embeddable":true,"href":"http:\/\/www.tvturk.com\/index.php\/wp-json\/wp\/v2\/media\/256209"}],"wp:attachment":[{"href":"http:\/\/www.tvturk.com\/index.php\/wp-json\/wp\/v2\/media?parent=256208"}],"wp:term":[{"taxonomy":"category","embeddable":true,"href":"http:\/\/www.tvturk.com\/index.php\/wp-json\/wp\/v2\/categories?post=256208"},{"taxonomy":"post_tag","embeddable":true,"href":"http:\/\/www.tvturk.com\/index.php\/wp-json\/wp\/v2\/tags?post=256208"}],"curies":[{"name":"wp","href":"https:\/\/api.w.org\/{rel}","templated":true}]}}