{"id":256282,"date":"2020-01-16T13:03:05","date_gmt":"2020-01-16T10:03:05","guid":{"rendered":"http:\/\/www.tvturk.com\/index.php\/fenerbahcede-comolli-devri-kapandi\/"},"modified":"2020-01-16T13:03:05","modified_gmt":"2020-01-16T10:03:05","slug":"fenerbahcede-comolli-devri-kapandi","status":"publish","type":"post","link":"http:\/\/www.tvturk.com\/index.php\/fenerbahcede-comolli-devri-kapandi\/","title":{"rendered":"Fenerbah\u00e7e\u2019de Comolli devri kapand\u0131"},"content":{"rendered":"<p>Fenerbah\u00e7e, Sportif Direkt\u00f6r Damien Comolli\u2019nin istifa etti\u011fini a\u00e7\u0131klad\u0131.<\/p>\n<p>Sar\u0131-lacivertli kul\u00fcpten yap\u0131lan a\u00e7\u0131klamada, &#8220;12 Haziran 2018 tarihinde kul\u00fcb\u00fcm\u00fczde Sportif Direkt\u00f6r olarak g\u00f6reve ba\u015flayan Damien Comolli bug\u00fcn itibariyle g\u00f6revinden istifa etmi\u015ftir. G\u00f6rev ald\u0131\u011f\u0131 d\u00f6nem boyunca \u00f6zverili \u00e7al\u0131\u015fmalar\u0131ndan dolay\u0131 kendisine te\u015fekk\u00fcr ediyor, gelecek kariyerinde ba\u015far\u0131lar diliyoruz&#8221; denildi.<\/p>\n<p>Frans\u0131z futbol adam\u0131, sar\u0131-lacivertli kul\u00fcpte g\u00f6reve ba\u015flad\u0131ktan sonra ger\u00e7ekle\u015fen transferler nedeniyle camiadan tepkiler alm\u0131\u015ft\u0131. Son olarak Eintracht Frankfurt\u2019ta forma \u015fans\u0131 bulamayan Simon Falette\u2019nin transferi taraftarlar\u0131n ele\u015ftirilerine neden olmu\u015ftu. Comolli bu transferin ard\u0131ndan yapt\u0131\u011f\u0131 a\u00e7\u0131klama ile Ba\u015fkan Ali Ko\u00e7\u2019un transfere karar verdi\u011fini ve karar\u0131na sayg\u0131 duyulmas\u0131 gerekti\u011fini belirtmi\u015fti.<\/p>\n","protected":false},"excerpt":{"rendered":"<p>FENERBAH\u00c7E, SPORT\u0130F D\u0130REKT\u00d6R DAM\u0130EN COMOLL\u0130&#8217;N\u0130N \u0130ST\u0130FA ETT\u0130\u011e\u0130N\u0130 A\u00c7IKLADI.<\/p>\n","protected":false},"author":1,"featured_media":256283,"comment_status":"closed","ping_status":"open","sticky":false,"template":"","format":"standard","meta":{"jetpack_post_was_ever_published":false,"_jetpack_newsletter_access":"","_jetpack_dont_email_post_to_subs":false,"_jetpack_newsletter_tier_id":0,"_jetpack_memberships_contains_paywalled_content":false,"_jetpack_memberships_contains_paid_content":false,"footnotes":"","jetpack_publicize_message":"","jetpack_publicize_feature_enabled":true,"jetpack_social_post_already_shared":true,"jetpack_social_options":{"image_generator_settings":{"template":"highway","default_image_id":0,"font":"","enabled":false},"version":2}},"categories":[657],"tags":[5570,36239,10088,2931],"class_list":["post-256282","post","type-post","status-publish","format-standard","has-post-thumbnail","hentry","category-spor","tag-fenerbahcede","tag-comolli","tag-devri","tag-kapandi"],"jetpack_publicize_connections":[],"jetpack_featured_media_url":"https:\/\/i0.wp.com\/www.tvturk.com\/wp-content\/uploads\/2020\/01\/fenerbahcede-comolli-devri-kapandi_9e83085.jpg?fit=1000%2C821","jetpack_sharing_enabled":true,"jetpack_shortlink":"https:\/\/wp.me\/paKIfm-14FA","_links":{"self":[{"href":"http:\/\/www.tvturk.com\/index.php\/wp-json\/wp\/v2\/posts\/256282","targetHints":{"allow":["GET"]}}],"collection":[{"href":"http:\/\/www.tvturk.com\/index.php\/wp-json\/wp\/v2\/posts"}],"about":[{"href":"http:\/\/www.tvturk.com\/index.php\/wp-json\/wp\/v2\/types\/post"}],"author":[{"embeddable":true,"href":"http:\/\/www.tvturk.com\/index.php\/wp-json\/wp\/v2\/users\/1"}],"replies":[{"embeddable":true,"href":"http:\/\/www.tvturk.com\/index.php\/wp-json\/wp\/v2\/comments?post=256282"}],"version-history":[{"count":0,"href":"http:\/\/www.tvturk.com\/index.php\/wp-json\/wp\/v2\/posts\/256282\/revisions"}],"wp:featuredmedia":[{"embeddable":true,"href":"http:\/\/www.tvturk.com\/index.php\/wp-json\/wp\/v2\/media\/256283"}],"wp:attachment":[{"href":"http:\/\/www.tvturk.com\/index.php\/wp-json\/wp\/v2\/media?parent=256282"}],"wp:term":[{"taxonomy":"category","embeddable":true,"href":"http:\/\/www.tvturk.com\/index.php\/wp-json\/wp\/v2\/categories?post=256282"},{"taxonomy":"post_tag","embeddable":true,"href":"http:\/\/www.tvturk.com\/index.php\/wp-json\/wp\/v2\/tags?post=256282"}],"curies":[{"name":"wp","href":"https:\/\/api.w.org\/{rel}","templated":true}]}}