{"id":256290,"date":"2020-01-16T13:17:22","date_gmt":"2020-01-16T10:17:22","guid":{"rendered":"http:\/\/www.tvturk.com\/index.php\/ozel-haber-denizlispor-baskani-ali-cetin-bir-transfer-daha-yapacagiz\/"},"modified":"2020-01-16T13:17:22","modified_gmt":"2020-01-16T10:17:22","slug":"ozel-haber-denizlispor-baskani-ali-cetin-bir-transfer-daha-yapacagiz","status":"publish","type":"post","link":"http:\/\/www.tvturk.com\/index.php\/ozel-haber-denizlispor-baskani-ali-cetin-bir-transfer-daha-yapacagiz\/","title":{"rendered":"(\u00d6zel haber) Denizlispor Ba\u015fkan\u0131 Ali \u00c7etin: &#8220;Bir transfer daha yapaca\u011f\u0131z&#8221;"},"content":{"rendered":"<p>DEN\u0130ZL\u0130 (\u0130HA) \u2013 Denizlispor\u2019da Kul\u00fcp Ba\u015fkan\u0131 Ali \u00c7etin, bir transfer daha yapacaklar\u0131n\u0131 ifade ederek, \u201cDevre aras\u0131n\u0131 \u00e7ok iyi de\u011ferlendirdik\u201d dedi.<\/p>\n<p>Denizlispor Ba\u015fkan\u0131 Ali \u00c7etin, S\u00fcper Lig\u2019in devre aras\u0131n\u0131 \u0130hlas Haber Ajans\u0131\u2019na de\u011ferlendirdi. Devre aras\u0131 haz\u0131rl\u0131k kamp\u0131n\u0131 Antalya\u2019da ge\u00e7irdiklerini hat\u0131rlatan Ali \u00c7etin, \u201c\u00c7ok iyi ge\u00e7ti. Teknik direkt\u00f6r\u00fcm\u00fcz Mehmet \u00d6zdilek nezaretinde futbolcular\u0131m\u0131z g\u00fczel bir kamp d\u00f6nemi ge\u00e7irdiler. Biz tak\u0131m\u0131m\u0131z\u0131n gidi\u015fat\u0131ndan memnunuz. \u0130n\u015fallah ikinci yar\u0131ya g\u00fczel bir ba\u015flang\u0131\u00e7 yapmak istiyoruz\u201d diye konu\u015ftu.<\/p>\n<p>\u0130kinci devrenin ilk ma\u00e7\u0131nda Galatasaray deplasman\u0131na konuk olacaklar\u0131n\u0131 ifade eden Ali \u00c7etin, \u201c\u0130yi olan kazans\u0131n. Ligin ilk ma\u00e7\u0131nda kendi evimizde Galatasaray\u2019\u0131 ma\u011flup etmeyi ba\u015farm\u0131\u015ft\u0131k. Deplasmanda ayn\u0131 ba\u015far\u0131 neden olmas\u0131n? Biz bu ma\u00e7\u0131 kazanabilecek g\u00fc\u00e7teyiz. \u0130yi futbolculardan kurulu bir tak\u0131m\u0131z. Kazas\u0131z, belas\u0131z bir ma\u00e7 olmas\u0131n\u0131 temenni ediyorum\u201d \u015feklinde konu\u015ftu.<\/p>\n<p>Transfer \u00e7al\u0131\u015fmalar\u0131n\u0131 da de\u011ferlendiren Ali \u00c7etin, \u201cBir oyuncu daha transfer etmek istiyoruz. G\u00f6r\u00fc\u015fmelerimiz s\u00fcr\u00fcyor. Tespit etti\u011fimiz oyuncular var. \u0130nce eleyip, s\u0131k dokuyoruz. Tak\u0131m\u0131m\u0131za direkt faydas\u0131 olacak, nokta transferler yapmak istiyoruz. Taraftarlar\u0131m\u0131z merak etmesinler. En do\u011fru ismi bu tak\u0131ma kazand\u0131raca\u011f\u0131z\u201d dedi.<\/p>\n<p>Onazi transferiyle ilgili de konu\u015fan Ali \u00c7etin, \u201cUzun s\u00fcredir g\u00f6r\u00fc\u015fmelerimiz s\u00fcr\u00fcyordu. Onazi iyi bir futbolcu. Denizlispor\u2019a katk\u0131 sa\u011flayacakt\u0131r. \u0130stedi\u011fimiz ve takip etti\u011fimiz bir oyuncuydu. Denizli\u2019ye ve Denizlispor\u2019a hay\u0131rl\u0131 olsun\u201d ifadelerini kulland\u0131.<\/p>\n","protected":false},"excerpt":{"rendered":"<p>DEN\u0130ZL\u0130SPOR\u2019DA KUL\u00dcP BA\u015eKANI AL\u0130 \u00c7ET\u0130N, B\u0130R TRANSFER DAHA YAPACAKLARINI \u0130FADE EDEREK, \u201cDEVRE ARASINI \u00c7OK \u0130Y\u0130 DE\u011eERLEND\u0130RD\u0130K\u201d DED\u0130.<\/p>\n","protected":false},"author":1,"featured_media":256291,"comment_status":"closed","ping_status":"open","sticky":false,"template":"","format":"standard","meta":{"jetpack_post_was_ever_published":false,"_jetpack_newsletter_access":"","_jetpack_dont_email_post_to_subs":false,"_jetpack_newsletter_tier_id":0,"_jetpack_memberships_contains_paywalled_content":false,"_jetpack_memberships_contains_paid_content":false,"footnotes":"","jetpack_publicize_message":"","jetpack_publicize_feature_enabled":true,"jetpack_social_post_already_shared":true,"jetpack_social_options":{"image_generator_settings":{"template":"highway","default_image_id":0,"font":"","enabled":false},"version":2}},"categories":[657],"tags":[1073,625,216,125,9555,1018,6694,1545,2518,7476],"class_list":["post-256290","post","type-post","status-publish","format-standard","has-post-thumbnail","hentry","category-spor","tag-ozel","tag-ali","tag-baskani","tag-bir","tag-cetin","tag-daha","tag-denizlispor","tag-haber","tag-transfer","tag-yapacagiz"],"jetpack_publicize_connections":[],"jetpack_featured_media_url":"https:\/\/i0.wp.com\/www.tvturk.com\/wp-content\/uploads\/2020\/01\/ozel-haber-denizlispor-baskani-ali-cetin-bir-transfer-daha-yapacagiz_fc0e570.jpg?fit=1000%2C666","jetpack_sharing_enabled":true,"jetpack_shortlink":"https:\/\/wp.me\/paKIfm-14FI","_links":{"self":[{"href":"http:\/\/www.tvturk.com\/index.php\/wp-json\/wp\/v2\/posts\/256290","targetHints":{"allow":["GET"]}}],"collection":[{"href":"http:\/\/www.tvturk.com\/index.php\/wp-json\/wp\/v2\/posts"}],"about":[{"href":"http:\/\/www.tvturk.com\/index.php\/wp-json\/wp\/v2\/types\/post"}],"author":[{"embeddable":true,"href":"http:\/\/www.tvturk.com\/index.php\/wp-json\/wp\/v2\/users\/1"}],"replies":[{"embeddable":true,"href":"http:\/\/www.tvturk.com\/index.php\/wp-json\/wp\/v2\/comments?post=256290"}],"version-history":[{"count":0,"href":"http:\/\/www.tvturk.com\/index.php\/wp-json\/wp\/v2\/posts\/256290\/revisions"}],"wp:featuredmedia":[{"embeddable":true,"href":"http:\/\/www.tvturk.com\/index.php\/wp-json\/wp\/v2\/media\/256291"}],"wp:attachment":[{"href":"http:\/\/www.tvturk.com\/index.php\/wp-json\/wp\/v2\/media?parent=256290"}],"wp:term":[{"taxonomy":"category","embeddable":true,"href":"http:\/\/www.tvturk.com\/index.php\/wp-json\/wp\/v2\/categories?post=256290"},{"taxonomy":"post_tag","embeddable":true,"href":"http:\/\/www.tvturk.com\/index.php\/wp-json\/wp\/v2\/tags?post=256290"}],"curies":[{"name":"wp","href":"https:\/\/api.w.org\/{rel}","templated":true}]}}