{"id":256312,"date":"2020-01-16T13:46:27","date_gmt":"2020-01-16T10:46:27","guid":{"rendered":"http:\/\/www.tvturk.com\/index.php\/ihracatta-yerli-katma-deger-raporu-aciklandi\/"},"modified":"2020-01-16T13:46:27","modified_gmt":"2020-01-16T10:46:27","slug":"ihracatta-yerli-katma-deger-raporu-aciklandi","status":"publish","type":"post","link":"http:\/\/www.tvturk.com\/index.php\/ihracatta-yerli-katma-deger-raporu-aciklandi\/","title":{"rendered":"\u0130hracatta Yerli Katma De\u011fer raporu a\u00e7\u0131kland\u0131"},"content":{"rendered":"<p>\u00c7imento, Cam, Seramik ve Toprak \u00dcr\u00fcnleri \u0130hracat\u00e7\u0131lar\u0131 Birli\u011fi (\u00c7CS\u0130B) taraf\u0131ndan haz\u0131rlanan \u2019\u00c7imento, Cam ve Seramik Sekt\u00f6rleri \u0130hracatta Yerli Katma De\u011fer\u2019 raporunu a\u00e7\u0131klayan \u00c7CS\u0130B Ba\u015fkan\u0131 Erdem \u00c7enesiz, &#8220;Olu\u015fturdu\u011fumuz yerli katma de\u011fer oran\u0131yla ihracat\u0131n gizli \u015fampiyonu olduk&#8221; dedi.<\/p>\n<p>\u00c7imento, Cam, Seramik ve Toprak \u00dcr\u00fcnleri \u0130hracat\u00e7\u0131lar\u0131 Birli\u011fi (\u00c7CS\u0130B) taraf\u0131ndan haz\u0131rlanan \u2019\u00c7imento, Cam ve Seramik Sekt\u00f6rleri \u0130hracatta Yerli Katma De\u011fer\u2019 raporu a\u00e7\u0131kland\u0131. A\u00e7\u0131klanan raporda \u00e7imento, cam ve seramik sekt\u00f6rlerinin olu\u015fturdu\u011fu yerli katma de\u011fer hesapland\u0131. Bu \u00fc\u00e7 sekt\u00f6r\u00fcn \u00fclke ekonomisine, ihracat performanslar\u0131n\u0131n \u00e7ok \u00fczerinde bir katk\u0131 verdi\u011fi bildirildi.<\/p>\n<p>\u00c7imento, Cam ve Seramik Sekt\u00f6rleri \u0130hracatta Yerli Katma De\u011fer raporunda \u00fc\u00e7 sekt\u00f6r\u00fcn son 10 y\u0131ldaki ihracat performanslar\u0131 incelendi. Rapora g\u00f6re, \u00e7imento sekt\u00f6r\u00fcn\u00fcn ihracat\u0131ndaki yerli katma de\u011fer oran\u0131 ortalama y\u00fczde 68 olarak ger\u00e7ekle\u015firken, bu oran cam sekt\u00f6r\u00fcnde y\u00fczde 78,6, seramik sekt\u00f6r\u00fcnde ise y\u00fczde 81,1 oldu. Yani \u00e7imento sekt\u00f6r\u00fcn\u00fcn her 100 dolarl\u0131k ihracat\u0131n\u0131n 68 dolar\u0131, seramik sekt\u00f6r\u00fcn\u00fcn 81,1 dolar\u0131, cam sekt\u00f6r\u00fcn\u00fcn ise 78,6 dolar\u0131 \u00fclkemizde kal\u0131yor. Raporda a\u00e7\u0131klanan bilgiler dahilinde 2009-2018 d\u00f6neminde 26,5 milyar dolar ihracat ger\u00e7ekle\u015ftiren \u00e7imento, cam ve seramik sekt\u00f6rlerinin, bu d\u00f6nemde 20,3 milyar dolar yerli katma de\u011fer olu\u015fturdu\u011fu a\u00e7\u0131kland\u0131.<\/p>\n<p>Cam ve seramik sekt\u00f6rlerinin ihracatlar\u0131n\u0131n alt sekt\u00f6rler baz\u0131nda da incelendi\u011fi rapora g\u00f6re;  d\u00fcz camda y\u00fczde 77,1, ambalaj camlar\u0131nda y\u00fczde 63, cam ev e\u015fyas\u0131nda y\u00fczde 85 ve i\u015flenmi\u015f camlarda y\u00fczde 70 olarak ger\u00e7ekle\u015fen ihracatta yerli katma de\u011fer oran\u0131, seramik sekt\u00f6r\u00fcn\u00fcn alt sekt\u00f6rlerinden seramik kaplama malzemelerinde y\u00fczde 81, seramik sa\u011fl\u0131k gere\u00e7lerinde y\u00fczde 82, di\u011fer seramik \u00fcr\u00fcnlerinde ise y\u00fczde 81.5 olarak ger\u00e7ekle\u015fti.<\/p>\n<p>&#8220;\u0130hracat\u0131n i\u00e7indeki yerli katma de\u011fer oran\u0131 \u00e7ok \u00f6nemli&#8221;<\/p>\n<p>Raporun tan\u0131t\u0131m\u0131 i\u00e7in d\u00fczenlenen bas\u0131n toplant\u0131s\u0131nda konu\u015fan \u00c7CS\u0130B Y\u00f6netim Kurulu Ba\u015fkan\u0131 Erdem \u00c7enesiz, \u00fcretiminde \u00e7ok y\u00fcksek oranda yerli kaynak kullan\u0131lan ve net d\u00f6viz giri\u015fi ile T\u00fcrkiye\u2019nin d\u0131\u015f ticaret dengesine pozitif katk\u0131 yapan \u00e7imento, cam ve seramik sekt\u00f6rlerinin tek ve koordinat\u00f6r birli\u011fi olduklar\u0131n\u0131 vurgulad\u0131.<\/p>\n<p>Raporu \u00e7imento, cam ve seramik sekt\u00f6rlerinin sahip oldu\u011fu y\u00fcksek yerli katma de\u011fer potansiyelini ortaya koymak \u00fczere haz\u0131rlad\u0131klar\u0131n\u0131 anlatan Erdem \u00c7enesiz, &#8220;T\u00fcrkiye\u2019de son y\u0131llarda sanayile\u015fme alan\u0131nda iki \u00f6nemli konu \u00f6ne \u00e7\u0131k\u0131yor. Bunlardan ilki y\u00fcksek teknolojili, ikincisi ise daha y\u00fcksek katma de\u011ferli alanlarda yat\u0131r\u0131m, \u00fcretim ve ihracat yap\u0131lmas\u0131. Sekt\u00f6rler, y\u00fcksek \u00fcretim de\u011ferleri ve y\u00fcksek ihracat de\u011ferleri ile \u00f6ne \u00e7\u0131kmakla birlikte bu \u00fcretim ve ihracattan elde edilen katma de\u011fer giderek daha \u00f6nemli hale geliyor. Bu kapsamda de\u011ferlendirildi\u011finde \u00e7imento, cam ve seramik sekt\u00f6rleri, \u00fcretimde \u00e7ok \u00f6nemli bir oranda yerli katma de\u011fer olu\u015fturuyor. Raporumuz da g\u00f6steriyor ki \u00e7imento sekt\u00f6r\u00fcnde her 100 dolarl\u0131k ihracat\u0131n 68 dolar\u0131, seramik sekt\u00f6r\u00fcn\u00fcn 81,1 dolar\u0131, cam sekt\u00f6r\u00fcn\u00fcn ise 78,6 dolar\u0131 \u00fclkemizde kal\u0131yor. Bu, \u00fclkemizin ham maddecisine, nakliyecisine, \u00e7al\u0131\u015fanlar\u0131m\u0131za, tedarik\u00e7ilerimize kal\u0131yor. \u00d6nemle vurgulamak isterim ki bu 3 sekt\u00f6r de tam anlam\u0131yla ihracat\u00e7\u0131 sekt\u00f6rlerdir. Yani ithal edilmeyen, yerli pazar\u0131n tamam\u0131n\u0131 yerli \u00fcretimle kar\u015f\u0131layan ve bunun \u00fczerine ihracat yapan sekt\u00f6rler. Ama bundan daha \u00f6nemlisi yerli katma de\u011fer oran\u0131m\u0131z. Belki mutlak b\u00fcy\u00fckl\u00fck olarak bizden daha fazla ihracat yapan sekt\u00f6rler var ama yerli katma de\u011fer oran\u0131m\u0131zla pek \u00e7ok sekt\u00f6r\u00fc geride b\u0131rak\u0131yor olmaktan gurur duyuyoruz. Bu anlamda bu \u00fc\u00e7 sekt\u00f6r\u00fcn ihracat\u0131m\u0131z\u0131n gizli \u015fampiyonlar\u0131 oldu\u011funu s\u00f6yleyebiliriz. Ayn\u0131 zamanda yapt\u0131\u011f\u0131m\u0131z y\u00fcksek katma de\u011ferli ihracat\u0131 artt\u0131r\u0131p istihdam olu\u015fturmay\u0131 hedefliyoruz.&#8221; diye konu\u015ftu.<\/p>\n<p>&#8220;\u0130hracatta y\u00fcksek yerli katma de\u011fer sa\u011flayan sekt\u00f6rler g\u00f6zetilmeli&#8221;<\/p>\n<p>Toplam ihracat\u0131n artt\u0131r\u0131lmas\u0131n\u0131n \u00f6nemli oldu\u011funu ve desteklenmesi gerekti\u011fini vurgulayan \u00c7enesiz, &#8220;Ancak en az ihracat kadar ihracattan elde edilen yerli katma de\u011ferin artt\u0131r\u0131lmas\u0131 da \u00f6nemlidir ve artt\u0131r\u0131lmas\u0131 desteklenmelidir. \u00c7imento, cam ve seramik sekt\u00f6rleri ihracatta olu\u015fturduklar\u0131 y\u00fcksek yerli katma de\u011fer ile hem bu alanda b\u00fcy\u00fck bir potansiyel bar\u0131nd\u0131rmakta hem de daha y\u00fcksek te\u015fviki hak etmektedir. Kamunun ihracat te\u015fviklerinde ihracatta yerli katma de\u011fer olu\u015fturma g\u00fcc\u00fc bir kriter olarak kullan\u0131lmal\u0131 ve ihracatta daha y\u00fcksek yerli katma de\u011fer olu\u015fturan sekt\u00f6rler g\u00f6zetilmelidir.&#8221; s\u00f6zlerini ifade etti.<\/p>\n<p>\u00c7imento, cam ve seramik sekt\u00f6rleri 2019 y\u0131l\u0131nda ihracat\u0131n\u0131 y\u00fczde 16 art\u0131rd\u0131<\/p>\n<p>T\u00dc\u0130K verilerinden de faydalan\u0131larak a\u00e7\u0131klanan rapora g\u00f6re; \u00c7imento, Cam, Seramik ve Toprak \u00dcr\u00fcnleri \u0130hracat\u00e7\u0131lar\u0131 Birli\u011fi\u2019nin 2019 y\u0131l\u0131 ihracat\u0131 2018 y\u0131l\u0131na g\u00f6re y\u00fczde 16 art\u0131\u015f g\u00f6stererek, 3.6 milyar dolar seviyesinde ger\u00e7ekle\u015fti. Bu kapsamda 2019 y\u0131l\u0131nda seramik sekt\u00f6r\u00fcnde de\u011fer baz\u0131nda y\u00fczde 6\u2019l\u0131k art\u0131\u015fla 1.2 milyar dolar; \u00e7imento sekt\u00f6r\u00fcnde de\u011fer baz\u0131nda y\u00fczde 44\u2019l\u00fck art\u0131\u015fla 877 milyon dolar; cam sekt\u00f6r\u00fcnde ise de\u011fer baz\u0131nda y\u00fczde 16\u2019l\u0131k art\u0131\u015f ile 896 milyon dolar ihracat rakam\u0131na ula\u015f\u0131ld\u0131\u011f\u0131 bildirildi.<\/p>\n<p>\u00c7imento, cam ve seramik sekt\u00f6rleri yerli katma de\u011fer \u00e7al\u0131\u015fmas\u0131nda \u00fc\u00e7 sekt\u00f6r i\u00e7in ayr\u0131 hesaplama yap\u0131ld\u0131. Bu \u00fc\u00e7 sekt\u00f6r\u00fcn ihracat\u0131nda yerli katma de\u011fer hesaplamas\u0131nda sekt\u00f6rlerin ihracat verileri i\u00e7in T\u00fcrkiye \u0130statistik Kurumu d\u0131\u015f ticaret verileri kullan\u0131ld\u0131. Katma de\u011fer hesaplamas\u0131 i\u00e7in ise sekt\u00f6r temsilcilerinin kendi faaliyetleri sonucu fiili olarak olu\u015fan gelir-gider ve girdi-\u00e7\u0131kt\u0131 tablolar\u0131ndan yararlan\u0131ld\u0131. Sekt\u00f6rlerin t\u00fcm \u00fcretimleri ile elde ettikleri katma de\u011fer i\u00e7in ise T\u00fcrkiye \u0130statistik Kurumu taraf\u0131ndan Y\u0131ll\u0131k Sanayi ve Hizmet \u0130statistiklerinde yer alan sekt\u00f6r verileri kullan\u0131ld\u0131.<\/p>\n","protected":false},"excerpt":{"rendered":"<p>\u00c7\u0130MENTO, CAM, SERAM\u0130K VE TOPRAK \u00dcR\u00dcNLER\u0130 \u0130HRACAT\u00c7ILARI B\u0130RL\u0130\u011e\u0130 (\u00c7CS\u0130B) TARAFINDAN HAZIRLANAN &#8216;\u00c7\u0130MENTO, CAM VE SERAM\u0130K SEKT\u00d6RLER\u0130 \u0130HRACATTA YERL\u0130 KATMA DE\u011eER&#8217; RAPORUNU A\u00c7IKLANDI<\/p>\n","protected":false},"author":1,"featured_media":256313,"comment_status":"closed","ping_status":"open","sticky":false,"template":"","format":"standard","meta":{"jetpack_post_was_ever_published":false,"_jetpack_newsletter_access":"","_jetpack_dont_email_post_to_subs":false,"_jetpack_newsletter_tier_id":0,"_jetpack_memberships_contains_paywalled_content":false,"_jetpack_memberships_contains_paid_content":false,"footnotes":"","jetpack_publicize_message":"","jetpack_publicize_feature_enabled":true,"jetpack_social_post_already_shared":true,"jetpack_social_options":{"image_generator_settings":{"template":"highway","default_image_id":0,"font":"","enabled":false},"version":2}},"categories":[19],"tags":[6274,2397,5455,10586,741,2454],"class_list":["post-256312","post","type-post","status-publish","format-standard","has-post-thumbnail","hentry","category-ekonomi","tag-ihracatta","tag-aciklandi","tag-deger","tag-katma","tag-raporu","tag-yerli"],"jetpack_publicize_connections":[],"jetpack_featured_media_url":"https:\/\/i0.wp.com\/www.tvturk.com\/wp-content\/uploads\/2020\/01\/ihracatta-yerli-katma-deger-raporu-aciklandi_cdd970f.jpg?fit=1000%2C666","jetpack_sharing_enabled":true,"jetpack_shortlink":"https:\/\/wp.me\/paKIfm-14G4","_links":{"self":[{"href":"http:\/\/www.tvturk.com\/index.php\/wp-json\/wp\/v2\/posts\/256312","targetHints":{"allow":["GET"]}}],"collection":[{"href":"http:\/\/www.tvturk.com\/index.php\/wp-json\/wp\/v2\/posts"}],"about":[{"href":"http:\/\/www.tvturk.com\/index.php\/wp-json\/wp\/v2\/types\/post"}],"author":[{"embeddable":true,"href":"http:\/\/www.tvturk.com\/index.php\/wp-json\/wp\/v2\/users\/1"}],"replies":[{"embeddable":true,"href":"http:\/\/www.tvturk.com\/index.php\/wp-json\/wp\/v2\/comments?post=256312"}],"version-history":[{"count":0,"href":"http:\/\/www.tvturk.com\/index.php\/wp-json\/wp\/v2\/posts\/256312\/revisions"}],"wp:featuredmedia":[{"embeddable":true,"href":"http:\/\/www.tvturk.com\/index.php\/wp-json\/wp\/v2\/media\/256313"}],"wp:attachment":[{"href":"http:\/\/www.tvturk.com\/index.php\/wp-json\/wp\/v2\/media?parent=256312"}],"wp:term":[{"taxonomy":"category","embeddable":true,"href":"http:\/\/www.tvturk.com\/index.php\/wp-json\/wp\/v2\/categories?post=256312"},{"taxonomy":"post_tag","embeddable":true,"href":"http:\/\/www.tvturk.com\/index.php\/wp-json\/wp\/v2\/tags?post=256312"}],"curies":[{"name":"wp","href":"https:\/\/api.w.org\/{rel}","templated":true}]}}