{"id":256334,"date":"2020-01-16T14:16:57","date_gmt":"2020-01-16T11:16:57","guid":{"rendered":"http:\/\/www.tvturk.com\/index.php\/hdp-onundeki-oturma-eylemine-bir-aile-daha-katildi\/"},"modified":"2020-01-16T14:16:57","modified_gmt":"2020-01-16T11:16:57","slug":"hdp-onundeki-oturma-eylemine-bir-aile-daha-katildi","status":"publish","type":"post","link":"http:\/\/www.tvturk.com\/index.php\/hdp-onundeki-oturma-eylemine-bir-aile-daha-katildi\/","title":{"rendered":"HDP \u00f6n\u00fcndeki oturma eylemine bir aile daha kat\u0131ld\u0131"},"content":{"rendered":"<p>\u00c7ocuklar\u0131n\u0131n ter\u00f6r \u00f6rg\u00fct\u00fc PKK mensuplar\u0131 taraf\u0131ndan da\u011fa ka\u00e7\u0131r\u0131ld\u0131\u011f\u0131 iddias\u0131yla HDP Diyarbak\u0131r \u0130l Ba\u015fkanl\u0131\u011f\u0131 \u00f6n\u00fcnde oturma eylemi yapan ailelerin say\u0131s\u0131 136\u2019\u0131nc\u0131 g\u00fcn\u00fcnde 67\u2019ye y\u00fckseldi. Baba Emin Arslan, \u201c\u015e\u0131rnak\u2019\u0131n \u0130dil il\u00e7esinde ter\u00f6r yanda\u015flar\u0131 hendek bahanesi ile 14 ya\u015f\u0131ndaki \u00e7ocu\u011fumu ka\u00e7\u0131r\u0131p PKK\u2019l\u0131lara teslim etti. Ben s\u0131rt\u0131m\u0131 YPG-PKK\u2019ya de\u011fil, T\u00fcrk bayra\u011f\u0131na day\u0131yorum ve o\u011flumu almadan buradan gitmem\u201d dedi.<\/p>\n<p>\u00c7ocuklar\u0131n\u0131n ter\u00f6r \u00f6rg\u00fct\u00fc PKK mensuplar\u0131 taraf\u0131ndan da\u011fa ka\u00e7\u0131r\u0131ld\u0131\u011f\u0131 iddias\u0131yla 3 Eyl\u00fcl 2019\u2019dan bu yana farkl\u0131 kentlerden Diyarbak\u0131r\u2019a gelerek HDP il binas\u0131 \u00f6n\u00fcnde oturma eylemi yapan aile say\u0131s\u0131 67\u2019ye y\u00fckseldi. Evlat n\u00f6betinin 136\u2019\u0131nc\u0131 g\u00fcn\u00fcnde Hamdiye ve Emin Arslan \u00e7ifti, 2015 y\u0131l\u0131nda o\u011flu Mahmut Arslan\u2019\u0131n ter\u00f6r \u00f6rg\u00fct\u00fc yanda\u015flar\u0131 taraf\u0131ndan ka\u00e7\u0131r\u0131ld\u0131\u011f\u0131n\u0131 belirterek, HDP il binas\u0131 \u00f6n\u00fcne gelerek buradaki \u00e7ad\u0131rda \u00e7ocuklar\u0131 i\u00e7in evlat n\u00f6beti tutan ailelere kat\u0131ld\u0131. O\u011flu Mahmut\u2019un 14 ya\u015f\u0131nda PKK\u2019l\u0131lar taraf\u0131ndan ka\u00e7\u0131r\u0131ld\u0131\u011f\u0131n\u0131 belirten anne Hamdiye Arslan, \u00e7ocu\u011fu gelinceye kadar eylemde olaca\u011f\u0131n\u0131 s\u00f6yledi.<\/p>\n<p>\u015e\u0131nak\u2019\u0131n \u0130dil il\u00e7esinden kendi imkanlar\u0131 ile Diyarbak\u0131r\u2019a geldi\u011fini belirten baba Emin Arslan, \u201cO\u011flum Mahmut Arslan i\u00e7in Diyarbak\u0131r\u2019a gelerek eyleme kat\u0131ld\u0131m. Benim o\u011flum zorla ka\u00e7\u0131r\u0131ld\u0131. Ba\u015fkalar\u0131 YPS, YPG ve PKK bayra\u011f\u0131na s\u0131rt\u0131n\u0131 day\u0131yor. Ben s\u0131rt\u0131m\u0131 T\u00fcrk bayra\u011f\u0131na day\u0131yorum. Benin o\u011flum PKK\u2019l\u0131 de\u011fildir ve ter\u00f6rist olmayacak ya\u015ftad\u0131r. Benim o\u011flum 2015 y\u0131l\u0131nda hendek zaman\u0131nda ka\u00e7\u0131r\u0131ld\u0131. Ter\u00f6r yanda\u015flar\u0131 hendek bahanesi ile o\u011flumu para kar\u015f\u0131l\u0131\u011f\u0131nda PKK\u2019n\u0131n eline verdiler. PKK kirli y\u00fcz\u00fc a\u00e7\u0131\u011fa \u00e7\u0131kmas\u0131n diye o\u011flumu k\u00f6\u015fe bucak sakl\u0131yorlar. Bu eylemi de televizyonlarda duydum ve o\u011flumu almadan buradan gitmeyece\u011fim\u201d diye konu\u015ftu.<\/p>\n","protected":false},"excerpt":{"rendered":"<p>\u00c7OCUKLARININ TER\u00d6R \u00d6RG\u00dcT\u00dc PKK MENSUPLARI TARAFINDAN DA\u011eA KA\u00c7IRILDI\u011eI \u0130DD\u0130ASIYLA HDP D\u0130YARBAKIR \u0130L BA\u015eKANLI\u011eI \u00d6N\u00dcNDE OTURMA EYLEM\u0130 YAPAN A\u0130LELER\u0130N SAYISI 136&#8217;INCI G\u00dcN\u00dcNDE 67\u2019YE Y\u00dcKSELD\u0130.<\/p>\n","protected":false},"author":1,"featured_media":256335,"comment_status":"closed","ping_status":"open","sticky":false,"template":"","format":"standard","meta":{"jetpack_post_was_ever_published":false,"_jetpack_newsletter_access":"","_jetpack_dont_email_post_to_subs":false,"_jetpack_newsletter_tier_id":0,"_jetpack_memberships_contains_paywalled_content":false,"_jetpack_memberships_contains_paid_content":false,"footnotes":"","jetpack_publicize_message":"","jetpack_publicize_feature_enabled":true,"jetpack_social_post_already_shared":true,"jetpack_social_options":{"image_generator_settings":{"template":"highway","default_image_id":0,"font":"","enabled":false},"version":2}},"categories":[1],"tags":[3014,125,1018,46204,3328,1757,2135,844],"class_list":["post-256334","post","type-post","status-publish","format-standard","has-post-thumbnail","hentry","category-genel","tag-aile","tag-bir","tag-daha","tag-eylemine","tag-hdp","tag-katildi","tag-onundeki","tag-oturma"],"jetpack_publicize_connections":[],"jetpack_featured_media_url":"https:\/\/i0.wp.com\/www.tvturk.com\/wp-content\/uploads\/2020\/01\/hdp-onundeki-oturma-eylemine-bir-aile-daha-katildi_2a3c144.jpg?fit=1000%2C562","jetpack_sharing_enabled":true,"jetpack_shortlink":"https:\/\/wp.me\/paKIfm-14Gq","_links":{"self":[{"href":"http:\/\/www.tvturk.com\/index.php\/wp-json\/wp\/v2\/posts\/256334","targetHints":{"allow":["GET"]}}],"collection":[{"href":"http:\/\/www.tvturk.com\/index.php\/wp-json\/wp\/v2\/posts"}],"about":[{"href":"http:\/\/www.tvturk.com\/index.php\/wp-json\/wp\/v2\/types\/post"}],"author":[{"embeddable":true,"href":"http:\/\/www.tvturk.com\/index.php\/wp-json\/wp\/v2\/users\/1"}],"replies":[{"embeddable":true,"href":"http:\/\/www.tvturk.com\/index.php\/wp-json\/wp\/v2\/comments?post=256334"}],"version-history":[{"count":0,"href":"http:\/\/www.tvturk.com\/index.php\/wp-json\/wp\/v2\/posts\/256334\/revisions"}],"wp:featuredmedia":[{"embeddable":true,"href":"http:\/\/www.tvturk.com\/index.php\/wp-json\/wp\/v2\/media\/256335"}],"wp:attachment":[{"href":"http:\/\/www.tvturk.com\/index.php\/wp-json\/wp\/v2\/media?parent=256334"}],"wp:term":[{"taxonomy":"category","embeddable":true,"href":"http:\/\/www.tvturk.com\/index.php\/wp-json\/wp\/v2\/categories?post=256334"},{"taxonomy":"post_tag","embeddable":true,"href":"http:\/\/www.tvturk.com\/index.php\/wp-json\/wp\/v2\/tags?post=256334"}],"curies":[{"name":"wp","href":"https:\/\/api.w.org\/{rel}","templated":true}]}}