{"id":256378,"date":"2020-01-16T15:02:05","date_gmt":"2020-01-16T12:02:05","guid":{"rendered":"http:\/\/www.tvturk.com\/index.php\/turkiyenin-saglik-sistemi-dunyaya-ornek-oldu\/"},"modified":"2020-01-16T15:02:05","modified_gmt":"2020-01-16T12:02:05","slug":"turkiyenin-saglik-sistemi-dunyaya-ornek-oldu","status":"publish","type":"post","link":"http:\/\/www.tvturk.com\/index.php\/turkiyenin-saglik-sistemi-dunyaya-ornek-oldu\/","title":{"rendered":"T\u00fcrkiye\u2019nin sa\u011fl\u0131k sistemi d\u00fcnyaya \u00f6rnek oldu"},"content":{"rendered":"<p>T\u00fcrkiye\u2019nin sa\u011fl\u0131k sisteminin m\u00fckemmel durumda oldu\u011funu ve d\u00fcnyaya e\u015fi benzeri olmad\u0131\u011f\u0131n\u0131 belirten Sosyal G\u00fcvenlik Kurumu Genel Sa\u011fl\u0131k Sigortas\u0131 Tescil ve Prim Dairesi Ba\u015fkan\u0131 U\u011fur \u00dcnalan Manisa\u2019da d\u00fczenledi\u011fi bas\u0131n toplant\u0131s\u0131yla genel sa\u011fl\u0131k sigortas\u0131 alan\u0131ndaki g\u00fcncel de\u011fi\u015fiklikleri ve yeni \u00e7al\u0131\u015fmalar\u0131 payla\u015f\u0131rken merak edilen konulara da a\u00e7\u0131kl\u0131k getirdi.<\/p>\n<p>Manisa SGK \u0130l M\u00fcd\u00fcrl\u00fc\u011f\u00fcn\u00fc ziyaret eden ve ger\u00e7ekle\u015ftirdi\u011fi personel bilgilendirmesinin ard\u0131ndan d\u00fczenledi\u011fi bas\u0131n toplant\u0131s\u0131nda genel sa\u011fl\u0131k sigortas\u0131 alan\u0131ndaki g\u00fcncel de\u011fi\u015fiklikleri, yeni \u00e7al\u0131\u015fmalar\u0131 payla\u015fan Sosyal G\u00fcvenlik Kurumu Genel Sa\u011fl\u0131k Sigortas\u0131 Tescil ve Prim Dairesi Ba\u015fkan\u0131 U\u011fur \u00dcnalan bas\u0131n mensuplar\u0131n\u0131n sorular\u0131n\u0131 da cevapland\u0131rd\u0131.<\/p>\n<p>SGK Manisa \u0130l M\u00fcd\u00fcrl\u00fc\u011f\u00fc Toplant\u0131 Salonunda SGK Manisa \u0130l M\u00fcd\u00fcr\u00fc Yavuz Kurt ve M\u00fcd\u00fcr yard\u0131mc\u0131lar\u0131n\u0131n kat\u0131ld\u0131\u011f\u0131 toplant\u0131n\u0131n a\u00e7\u0131l\u0131\u015f konu\u015fmas\u0131n\u0131 yapan SGK Manisa \u0130l M\u00fcd\u00fcr\u00fc Yavuz Kurt 2020 i\u00e7in uygulanacak olan GSS prim miktar\u0131 ve Manisa\u2019daki verileri payla\u015ft\u0131. Kurt, \u201c2008 y\u0131l\u0131nda ger\u00e7ekle\u015ftirilen sosyal g\u00fcvenlik reformuyla beraber \u00f6zellikle sa\u011fl\u0131k alan\u0131nda t\u00fcm d\u00fcnyaya model te\u015fkil eden bir d\u00f6n\u00fc\u015f\u00fcm\u00fc ya\u015fad\u0131k. Sa\u011fl\u0131ktaki bu reformla beraber 1 Ocak 2012 tarihinden itibaren genel sa\u011fl\u0131k sigortas\u0131 sistemi de \u00fclkemizde zorunlu bir hale geldi ve sadece 2020 y\u0131l\u0131 i\u00e7in ayl\u0131k 88 lira prim \u00f6deyerek herhangi bir sigortal\u0131l\u0131k stat\u00fcs\u00fcnde \u00e7al\u0131\u015fmayan yani i\u015f\u00e7i, esnaf, memur, emekli veya bu sayd\u0131\u011f\u0131m ki\u015filerin bakmakla y\u00fck\u00fcml\u00fc oldu\u011fu ki\u015fi stat\u00fcs\u00fcnde olmayan vatanda\u015flar\u0131m\u0131z\u0131n da sa\u011fl\u0131k hizmetlerine eri\u015fimini m\u00fcmk\u00fcn hale getirdik. \u015eu an Manisa\u2019da 151 bin genel sa\u011fl\u0131k sigortal\u0131m\u0131z var. Bunlar\u0131n 102 bininin primleri devletimiz taraf\u0131ndan kar\u015f\u0131lanmakta. Eski Ye\u015fil Kart ad\u0131yla an\u0131labilir. 49 bin kadar vatanda\u015f\u0131m\u0131z da genel sa\u011fl\u0131k sigortas\u0131 primlerini kendileri \u00f6demekteler\u201d dedi.<\/p>\n<p>Kay\u0131t d\u0131\u015f\u0131na taviz yok<\/p>\n<p>Bir gazetecinin kay\u0131t d\u0131\u015f\u0131 \u00e7al\u0131\u015fan yabanc\u0131 uyruklular\u0131n\u0131n durumunu sormas\u0131 \u00fczerine Kurt \u015funlar\u0131 s\u00f6yledi: \u201cSahada sosyal g\u00fcvenlik denetmenlerimiz eliyle \u00e7ok g\u00fc\u00e7l\u00fc ve s\u00fcrekli varl\u0131k g\u00f6steriyoruz. Kay\u0131t d\u0131\u015f\u0131 istihdamla ilgili yapm\u0131\u015f oldu\u011fumuz denetimlerde Suriyeli veya ba\u015fka bir uyruktaki ki\u015filerin de Aile, \u00c7al\u0131\u015fma ve Sosyal Hizmetler Bakanl\u0131\u011f\u0131m\u0131zdan yabanc\u0131 \u00e7al\u0131\u015fma izni al\u0131nmaks\u0131z\u0131n \u00e7al\u0131\u015ft\u0131r\u0131lmas\u0131na kesinlikle m\u00fcsamaha g\u00f6stermiyoruz. Denetimlerimiz esnas\u0131nda ayr\u0131cal\u0131k tan\u0131maks\u0131z\u0131n, g\u00f6z ard\u0131 etmeksizin mutlak surette bunlar\u0131 da tespit ediyor, uygulanan idari para cezalar\u0131n\u0131 da i\u015fverenlerimize tebli\u011f ediyoruz.\u201d<\/p>\n<p>Hi\u00e7bir sigortal\u0131l\u0131k stat\u00fcs\u00fcne tabi olmayanlar\u0131n 2020 y\u0131l\u0131 i\u00e7in ayl\u0131k 88,29 TL \u00f6demek suretiyle kendileri ve bakmakla y\u00fck\u00fcml\u00fc olduklar\u0131 e\u015f ve \u00e7ocuklar\u0131 i\u00e7in sa\u011fl\u0131k hizmetlerinden faydalanabildiklerini dile getiren Sosyal G\u00fcvenlik Kurumu Genel Sa\u011fl\u0131k Sigortas\u0131 Tescil ve Prim Dairesi Ba\u015fkan\u0131 U\u011fur \u00dcnalan, \u201cGSS primini \u00f6deyecek ekonomik imkana sahip olmayanlar ikametgahlar\u0131n\u0131n bulundu\u011fu yerdeki Sosyal Yard\u0131mla\u015fma ve Dayan\u0131\u015fma Vakf\u0131na ba\u015fvuruda bulunarak gelir tespiti talep edebilirler. Yap\u0131lan gelir testi sonucunda ayn\u0131 hane i\u00e7inde ya\u015fayanlar\u0131n ki\u015fi ba\u015f\u0131na d\u00fc\u015fen geliri asgari \u00fccretin \u00fc\u00e7te birinden yani 981 TL\u2019den az ise bu ki\u015filerin primleri devlet taraf\u0131ndan kar\u015f\u0131lanmaktad\u0131r\u201d dedi.<\/p>\n<p>\u201cArt\u0131k hastanelerde kimse rehin kalm\u0131yor\u201d<\/p>\n<p>Ger\u00e7ekle\u015ftirilen reformla birlikte \u00f6nemli ad\u0131mlar at\u0131ld\u0131\u011f\u0131n\u0131 anlatan \u00dcnalan, \u201cGer\u00e7ekle\u015ftirilen sistem \u00fclkemizde \u00e7ok \u00f6nemli bir sorun olan sa\u011fl\u0131k sisteminin iyile\u015fmesi, d\u00fczeltilmesi ve insan\u0131m\u0131z\u0131n maruz kald\u0131\u011f\u0131 farkl\u0131 uygulamalar\u0131n ortadan kald\u0131r\u0131larak yeni bir reform niteli\u011fi ta\u015f\u0131maktad\u0131r. Bu anlamda ge\u00e7mi\u015fte hastane kap\u0131lar\u0131nda sabah\u0131n erken saatlerinde, gecenin ge\u00e7 saatlerinde vatanda\u015flar\u0131m\u0131z\u0131n hastane kuyruklar\u0131nda ne kadar \u00e7ile \u00e7ekti\u011fine hepimiz \u015fahit oluyorduk. Bu reformla birlikte bug\u00fcn T\u00fcrkiye\u2019de o s\u0131k\u0131nt\u0131lar\u0131n sona erdi\u011fini maddi anlamda kimsenin hastaneden icra yoluyla, \u00e7\u0131kar\u0131lmama gibi, rehin tutuldu\u011funu \u015fu anda T\u00fcrkiye\u2019de \u00e7ok \u015f\u00fck\u00fcr duymuyoruz, g\u00f6rm\u00fcyoruz, bilmiyoruz\u201d diye konu\u015ftu.<\/p>\n<p>&#8220;Suriyeliler bizim \u00e7at\u0131m\u0131z d\u0131\u015f\u0131nda&#8221;<\/p>\n<p>Bir gazetecinin toplumda Suriyelilerin \u00fccretsiz bak\u0131ld\u0131\u011f\u0131 y\u00f6n\u00fcnde bir alg\u0131 oldu\u011funu sormas\u0131 \u00fczerine \u00dcnalan, \u201cSuriyeliler bizim 62\u2019ye E kapsam\u0131nda yada 60\u2019a C kapsam\u0131nda de\u011ferlendiriliyor diye bir\u00e7ok vatanda\u015f\u0131m\u0131z\u0131n serzeni\u015fi bu y\u00f6ndeydi. Suriyeliler bu kapsam d\u0131\u015f\u0131nda. Tamamen bizim \u015femsiyemizin, \u00e7at\u0131m\u0131z\u0131n d\u0131\u015f\u0131nda tutuluyor. Onlar\u0131n kendi stat\u00fcleri kapsam\u0131nda sa\u011fl\u0131k hizmeti ald\u0131klar\u0131na \u015fahit oluyoruz. Vatanda\u015fa bunu do\u011fru anlatmak, do\u011fru iletmek gerekiyor. Burada maalesef T\u00fcrkiye\u2019deki kendi vatanda\u015flar\u0131m\u0131z zaman zaman o serzeni\u015fte bulunuyorlar. T\u00fcrkiye\u2019deki yabanc\u0131 uyruklu \u00f6\u011frenciler ise 60\u2019a D kapsam\u0131nda 706 TL gibi bir \u00fccreti \u00f6demeleri kayd\u0131yla, T\u00fcrkiye\u2019deki sa\u011fl\u0131k sisteminden, sa\u011fl\u0131k hizmetinden faydalanabiliyor. \u00d6zellikle uluslararas\u0131 \u00f6\u011frencilerle ilgili belli s\u00fcreler koyuyoruz. Onlar\u0131n sa\u011fl\u0131k hizmetinden faydalanabilmesi i\u00e7in ilk kay\u0131t tarihinden itibaren 3 ay i\u00e7erisinde m\u00fcracaatlar\u0131n\u0131n olmas\u0131 gerekiyor. Bu anlamda o m\u00fcracaat\u0131 ge\u00e7irdiklerinde maalesef sa\u011fl\u0131k hizmetlerinden faydalanamaz duruma geliyorlar. Biz bununla ilgili de yeni bir reform niteli\u011fi ta\u015f\u0131yan bir d\u00fczenlememizi hayata ge\u00e7irece\u011fiz ve bu ma\u011fduriyetlerin \u00f6n\u00fcne ge\u00e7mi\u015f olaca\u011f\u0131z. \u00dclkemizde kendi primini \u00f6deyen yabanc\u0131 uyruklu \u00f6\u011frencimiz yakla\u015f\u0131k 3 bin 500 ki\u015fi. YTB kapsam\u0131nda burslu olarak \u00fclkemize gelen \u00f6\u011frencilerin primleri de YTB kapsam\u0131nda \u00f6deniyor. Yakla\u015f\u0131k 12 bin ki\u015fi de YTB kapsam\u0131nda gelen yabanc\u0131 uyruklu \u00f6\u011frencimiz var. Toplamda 15 bin 500 \u00f6\u011frencimiz var. Bunlara da sa\u011fl\u0131k hizmeti sunuyoruz, \u00fccretlerini alarak\u201d ifadelerini kulland\u0131.<\/p>\n<p>T\u00fcrkiye\u2019de 8 milyondan fazla ki\u015fi sa\u011fl\u0131ktan \u00fccretsiz yararlan\u0131yor<\/p>\n<p>T\u00fcrkiye genelinde GSS kapsam\u0131nda faydalanan ki\u015filerden de bahseden \u00dcnalan, \u201c\u00dclkemizde 8 milyon 100 bin civar\u0131nda eski ad\u0131yla Ye\u015fil Kartl\u0131 dedi\u011fimiz primlerini devletin \u00f6dedi\u011fi vatanda\u015f\u0131m\u0131z var. 2 milyon 100 bin civar\u0131nda da 60\u2019a G kapsam\u0131nda kendi primini kendi \u00f6deyen ki\u015fi say\u0131m\u0131z var. \u015eu anda d\u00fcnyada bir numaray\u0131z. Bu anlamda \u00f6v\u00fcnerek ifade ediyoruz. Say\u0131n Cumhurba\u015fkan\u0131m\u0131z da bunu \u00f6v\u00fcnerek ifade ediyor. Ger\u00e7ekten T\u00fcrkiye\u2019deki sa\u011fl\u0131k sistemi \u015fu anda m\u00fckemmel durumda. \u00dccret olarak da de\u011ferlendirdi\u011fimizde yakla\u015f\u0131k 89 Lira \u00f6dedi\u011finizde t\u00fcm \u00f6zel hastanelerde dahil olmak \u00fczere her tarafa gidebiliyorsunuz. Var m\u0131 d\u00fcnyada b\u00f6yle bir \u00f6rne\u011fi? M\u00fcmk\u00fcn de\u011fil. Yurt d\u0131\u015f\u0131ndaki akrabalar\u0131m\u0131za, vatanda\u015flar\u0131m\u0131za sordu\u011fumuzda sa\u011fl\u0131k i\u00e7in d\u00fcnyan\u0131n paras\u0131n\u0131 \u00f6dediklerini ifade ediyorlar ama T\u00fcrkiye\u2019ye geldiklerinde bu mutlulu\u011fu kendileri g\u00f6r\u00fcyor, ya\u015f\u0131yor\u201d dedi.<\/p>\n","protected":false},"excerpt":{"rendered":"<p>SOSYAL G\u00dcVENL\u0130K KURUMU GENEL SA\u011eLIK S\u0130GORTASI TESC\u0130L VE PR\u0130M DA\u0130RES\u0130 BA\u015eKANI U\u011eUR \u00dcNALAN, T\u00dcRK\u0130YE\u2019N\u0130N SA\u011eLIK S\u0130STEM\u0130N\u0130N M\u00dcKEMMEL DURUMDA OLDU\u011eUNU VE D\u00dcNYAYA E\u015e\u0130 BENZER\u0130 OLMADI\u011eINI BEL\u0130RTT\u0130<\/p>\n","protected":false},"author":1,"featured_media":256379,"comment_status":"closed","ping_status":"open","sticky":false,"template":"","format":"standard","meta":{"jetpack_post_was_ever_published":false,"_jetpack_newsletter_access":"","_jetpack_dont_email_post_to_subs":false,"_jetpack_newsletter_tier_id":0,"_jetpack_memberships_contains_paywalled_content":false,"_jetpack_memberships_contains_paid_content":false,"footnotes":"","jetpack_publicize_message":"","jetpack_publicize_feature_enabled":true,"jetpack_social_post_already_shared":true,"jetpack_social_options":{"image_generator_settings":{"template":"highway","default_image_id":0,"font":"","enabled":false},"version":2}},"categories":[1],"tags":[2124,77,1996,734,6233,177],"class_list":["post-256378","post","type-post","status-publish","format-standard","has-post-thumbnail","hentry","category-genel","tag-dunyaya","tag-oldu","tag-ornek","tag-saglik","tag-sistemi","tag-turkiyenin"],"jetpack_publicize_connections":[],"jetpack_featured_media_url":"https:\/\/i0.wp.com\/www.tvturk.com\/wp-content\/uploads\/2020\/01\/turkiyenin-saglik-sistemi-dunyaya-ornek-oldu_0a250ab.jpg?fit=1000%2C666","jetpack_sharing_enabled":true,"jetpack_shortlink":"https:\/\/wp.me\/paKIfm-14H8","_links":{"self":[{"href":"http:\/\/www.tvturk.com\/index.php\/wp-json\/wp\/v2\/posts\/256378","targetHints":{"allow":["GET"]}}],"collection":[{"href":"http:\/\/www.tvturk.com\/index.php\/wp-json\/wp\/v2\/posts"}],"about":[{"href":"http:\/\/www.tvturk.com\/index.php\/wp-json\/wp\/v2\/types\/post"}],"author":[{"embeddable":true,"href":"http:\/\/www.tvturk.com\/index.php\/wp-json\/wp\/v2\/users\/1"}],"replies":[{"embeddable":true,"href":"http:\/\/www.tvturk.com\/index.php\/wp-json\/wp\/v2\/comments?post=256378"}],"version-history":[{"count":0,"href":"http:\/\/www.tvturk.com\/index.php\/wp-json\/wp\/v2\/posts\/256378\/revisions"}],"wp:featuredmedia":[{"embeddable":true,"href":"http:\/\/www.tvturk.com\/index.php\/wp-json\/wp\/v2\/media\/256379"}],"wp:attachment":[{"href":"http:\/\/www.tvturk.com\/index.php\/wp-json\/wp\/v2\/media?parent=256378"}],"wp:term":[{"taxonomy":"category","embeddable":true,"href":"http:\/\/www.tvturk.com\/index.php\/wp-json\/wp\/v2\/categories?post=256378"},{"taxonomy":"post_tag","embeddable":true,"href":"http:\/\/www.tvturk.com\/index.php\/wp-json\/wp\/v2\/tags?post=256378"}],"curies":[{"name":"wp","href":"https:\/\/api.w.org\/{rel}","templated":true}]}}