{"id":256386,"date":"2020-01-16T15:03:12","date_gmt":"2020-01-16T12:03:12","guid":{"rendered":"http:\/\/www.tvturk.com\/index.php\/6-istanbul-cocuk-ve-genclik-sanat-bienaline-basvurular-basladi\/"},"modified":"2020-01-16T15:03:12","modified_gmt":"2020-01-16T12:03:12","slug":"6-istanbul-cocuk-ve-genclik-sanat-bienaline-basvurular-basladi","status":"publish","type":"post","link":"http:\/\/www.tvturk.com\/index.php\/6-istanbul-cocuk-ve-genclik-sanat-bienaline-basvurular-basladi\/","title":{"rendered":"6. \u0130stanbul \u00c7ocuk ve Gen\u00e7lik Sanat Bienali\u2019ne ba\u015fvurular ba\u015flad\u0131"},"content":{"rendered":"<p>\u2018Bulu\u015fma Noktas\u0131\u2019 konsepti ile 20 Nisan-20 May\u0131s 2020 tarihleri aras\u0131nda d\u00fczenlenecek 6. \u0130stanbul \u00c7ocuk ve Gen\u00e7lik Sanat Bienali\u2019ne ba\u015fvurular ba\u015flad\u0131. 10 \u00fclke ve T\u00fcrkiye\u2019nin 50\u2019den fazla ilinden okullar\u0131n kat\u0131l\u0131m\u0131n\u0131n beklendi\u011fi 6. \u0130stanbul \u00c7ocuk ve Gen\u00e7lik Sanat Bienali\u2019ne 60 binden fazla ki\u015finin ziyaret etmesi bekleniyor.<\/p>\n<p>Farkl\u0131 co\u011frafyalarla k\u00fclt\u00fcrlerinin, \u00e7ocuk g\u00f6z\u00fc ve esteti\u011fi ile ifade edilmesini sa\u011flamak amac\u0131yla 20 Nisan-20 May\u0131s 2020 tarihleri aras\u0131nda alt\u0131nc\u0131s\u0131 d\u00fczenlenecek \u0130stanbul \u00c7ocuk ve Gen\u00e7lik Sanat Bienali\u2019ne ba\u015fvurular ba\u015flad\u0131. 10 \u00fclkeden ve T\u00fcrkiye\u2019nin 50 ilinden fazla okuldan kat\u0131l\u0131m\u0131n beklendi\u011fi 6. \u0130stanbul \u00c7ocuk ve Gen\u00e7lik Sanat Bienali\u2019nde anaokul, ilkokul, ortaokul ve liselerden 6 binin \u00fczerinde \u00f6\u011frencinin \u00e7al\u0131\u015fma yapmas\u0131 desteklenecek. STK, yerel y\u00f6netim, Milli E\u011fitim temsilcilerinden olu\u015fan bir grup e\u011fitimcinin bir araya gelerek kurdu\u011fu bir sivil toplum \u00f6rg\u00fct\u00fc olan Palet K\u00fclt\u00fcr Sanat ve E\u011fitim Derne\u011fi\u2019nin d\u00fczenlendi\u011fi 6. \u0130stanbul \u00c7ocuk ve Gen\u00e7lik Sanat Bienali\u2019nin konsepti ise \u2018Bulu\u015fma Noktas\u0131.\u2019<\/p>\n<p>Bienal Direkt\u00f6r\u00fc Gazi Sel\u00e7uk, 6. \u0130stanbul \u00c7ocuk ve Gen\u00e7lik Sanat Bienali\u2019nin \u201cBulu\u015fma Noktas\u0131\u201d konseptini \u015f\u00f6yle anlatt\u0131: \u201cBienal, \u201cBulu\u015fma Noktas\u0131 ile \u2018ben\u2019, \u2018mek\u00e2n\u2019 ve \u2018uzam\u2019 ba\u011flam\u0131nda kar\u015f\u0131m\u0131za \u00e7\u0131kan olgulara sanat yoluyla mercek tutacak. \u00c7ocuklar ve gen\u00e7ler kendi d\u00fcnyalar\u0131nda kar\u015f\u0131la\u015ft\u0131klar\u0131, ya\u015fad\u0131klar\u0131, kar\u015f\u0131 kar\u015f\u0131ya kald\u0131klar\u0131 problemlere nas\u0131l tepki veriyor? Neler d\u00fc\u015f\u00fcn\u00fcyor ve hissediyorlar? Ya\u015fad\u0131klar\u0131yla, bu sorunlar\u0131n hangi noktalar\u0131nda bulu\u015fup, \u00e7o\u011fal\u0131yor ve \u00e7o\u011falt\u0131yorlar? \u0130\u015fte \u2018Bulu\u015fma Noktas\u0131\u2019nda bizi birbirimize benzer veya farkl\u0131 k\u0131lan \u00f6zelliklerimizi bulu\u015fup konu\u015fabilir, tart\u0131\u015fabilir ve bunu farkl\u0131 bi\u00e7imlerle ifade edebiliriz.\u201d<\/p>\n","protected":false},"excerpt":{"rendered":"<p>6. \u0130STANBUL \u00c7OCUK VE GEN\u00c7L\u0130K SANAT B\u0130ENAL\u0130\u2019NE BA\u015eVURULAR BA\u015eLADI<\/p>\n","protected":false},"author":1,"featured_media":256387,"comment_status":"closed","ping_status":"open","sticky":false,"template":"","format":"standard","meta":{"jetpack_post_was_ever_published":false,"_jetpack_newsletter_access":"","_jetpack_dont_email_post_to_subs":false,"_jetpack_newsletter_tier_id":0,"_jetpack_memberships_contains_paywalled_content":false,"_jetpack_memberships_contains_paid_content":false,"footnotes":"","jetpack_publicize_message":"","jetpack_publicize_feature_enabled":true,"jetpack_social_post_already_shared":true,"jetpack_social_options":{"image_generator_settings":{"template":"highway","default_image_id":0,"font":"","enabled":false},"version":2}},"categories":[656],"tags":[55,1657,63383,1008,512,730,4854],"class_list":["post-256386","post","type-post","status-publish","format-standard","has-post-thumbnail","hentry","category-kultur-sanat","tag-basladi","tag-basvurular","tag-bienaline","tag-cocuk","tag-genclik","tag-istanbul","tag-sanat"],"jetpack_publicize_connections":[],"jetpack_featured_media_url":"https:\/\/i0.wp.com\/www.tvturk.com\/wp-content\/uploads\/2020\/01\/6-istanbul-cocuk-ve-genclik-sanat-bienaline-basvurular-basladi_121cd9c.jpg?fit=1000%2C666","jetpack_sharing_enabled":true,"jetpack_shortlink":"https:\/\/wp.me\/paKIfm-14Hg","_links":{"self":[{"href":"http:\/\/www.tvturk.com\/index.php\/wp-json\/wp\/v2\/posts\/256386","targetHints":{"allow":["GET"]}}],"collection":[{"href":"http:\/\/www.tvturk.com\/index.php\/wp-json\/wp\/v2\/posts"}],"about":[{"href":"http:\/\/www.tvturk.com\/index.php\/wp-json\/wp\/v2\/types\/post"}],"author":[{"embeddable":true,"href":"http:\/\/www.tvturk.com\/index.php\/wp-json\/wp\/v2\/users\/1"}],"replies":[{"embeddable":true,"href":"http:\/\/www.tvturk.com\/index.php\/wp-json\/wp\/v2\/comments?post=256386"}],"version-history":[{"count":0,"href":"http:\/\/www.tvturk.com\/index.php\/wp-json\/wp\/v2\/posts\/256386\/revisions"}],"wp:featuredmedia":[{"embeddable":true,"href":"http:\/\/www.tvturk.com\/index.php\/wp-json\/wp\/v2\/media\/256387"}],"wp:attachment":[{"href":"http:\/\/www.tvturk.com\/index.php\/wp-json\/wp\/v2\/media?parent=256386"}],"wp:term":[{"taxonomy":"category","embeddable":true,"href":"http:\/\/www.tvturk.com\/index.php\/wp-json\/wp\/v2\/categories?post=256386"},{"taxonomy":"post_tag","embeddable":true,"href":"http:\/\/www.tvturk.com\/index.php\/wp-json\/wp\/v2\/tags?post=256386"}],"curies":[{"name":"wp","href":"https:\/\/api.w.org\/{rel}","templated":true}]}}