{"id":256394,"date":"2020-01-16T15:32:45","date_gmt":"2020-01-16T12:32:45","guid":{"rendered":"http:\/\/www.tvturk.com\/index.php\/ankara-galatasarayli-yonetici-ve-isadamlari-derneginden-yeni-yila-merhaba-etkinligi\/"},"modified":"2020-01-16T15:32:45","modified_gmt":"2020-01-16T12:32:45","slug":"ankara-galatasarayli-yonetici-ve-isadamlari-derneginden-yeni-yila-merhaba-etkinligi","status":"publish","type":"post","link":"http:\/\/www.tvturk.com\/index.php\/ankara-galatasarayli-yonetici-ve-isadamlari-derneginden-yeni-yila-merhaba-etkinligi\/","title":{"rendered":"Ankara Galatasarayl\u0131 Y\u00f6netici ve \u0130\u015fadamlar\u0131 Derne\u011finden \u2018Yeni Y\u0131la Merhaba\u2019 etkinli\u011fi"},"content":{"rendered":"<p>Ankara Galatasarayl\u0131 Y\u00f6netici ve \u0130\u015fadamlar\u0131 Derne\u011fi bir otelde \u2018Yeni Y\u0131la Merhaba\u2019 temal\u0131 etkinlik d\u00fczenledi.<\/p>\n<p>Ankara Galatasarayl\u0131 Y\u00f6netici ve \u0130\u015fadam\u0131 Derne\u011fi bir otelde \u2018Yeni Y\u0131la Merhaba\u2019 temal\u0131 \u2018Galatasaray Business Network\u2019 etkinli\u011fi d\u00fczenledi. Etkinli\u011fe bir\u00e7ok Galatasarayl\u0131 i\u015f adam\u0131 kat\u0131l\u0131rken, gecede Galatasaray mar\u015flar\u0131 s\u00f6ylendi.<\/p>\n<p>Burada \u0130HA muhabirine a\u00e7\u0131klamalarda bulunan Ankara Galatasarayl\u0131 Y\u00f6netici ve \u0130\u015fadam\u0131 Dernek Ba\u015fkan\u0131 \u00d6zg\u00fcr Bayraktar sosyal faaliyetlere yo\u011fun bir \u015fekilde \u00e7aba g\u00f6sterdiklerini belirterek, \u015fu ifadeleri kulland\u0131:<\/p>\n<p>\u201cBu gecenin amac\u0131 2020 y\u0131l\u0131na arkada\u015flar\u0131m\u0131zla Galatasaray camias\u0131yla Ankara\u2019daki Galatasarayl\u0131 ve y\u00f6netici insanlarla birlikte \u2018merhaba\u2019 demek. Derne\u011fe ba\u011fl\u0131 \u015fu an 450 \u00fcyemiz var. Bunun 300 tanesi aktif \u00fcyedir. Derne\u011fimiz Galatasaray Spor Kul\u00fcb\u00fc\u2019n\u00fcn b\u00fcnyesinde olmas\u0131 hasebiyle Galatasaray Spor Kul\u00fcb\u00fc\u2019n\u00fcn belirledi\u011fi esas \u00e7er\u00e7evesinde faaliyetlerini s\u00fcrd\u00fcrmektedir. Bunun yan\u0131nda Ankara\u2019da sosyal faaliyetlere yo\u011fun bir \u015fekilde caba g\u00f6stermektedir.&#8221;<\/p>\n","protected":false},"excerpt":{"rendered":"<p>ANKARA GALATASARAYLI Y\u00d6NET\u0130C\u0130 VE \u0130\u015eADAMI DERNEK BA\u015eKANI \u00d6ZG\u00dcR BAYRAKTAR<\/p>\n","protected":false},"author":1,"featured_media":256395,"comment_status":"closed","ping_status":"open","sticky":false,"template":"","format":"standard","meta":{"jetpack_post_was_ever_published":false,"_jetpack_newsletter_access":"","_jetpack_dont_email_post_to_subs":false,"_jetpack_newsletter_tier_id":0,"_jetpack_memberships_contains_paywalled_content":false,"_jetpack_memberships_contains_paid_content":false,"footnotes":"","jetpack_publicize_message":"","jetpack_publicize_feature_enabled":true,"jetpack_social_post_already_shared":true,"jetpack_social_options":{"image_generator_settings":{"template":"highway","default_image_id":0,"font":"","enabled":false},"version":2}},"categories":[657],"tags":[4997,1475,4577,69,17581,6531,87,8709,8514],"class_list":["post-256394","post","type-post","status-publish","format-standard","has-post-thumbnail","hentry","category-spor","tag-merhaba","tag-ankara","tag-derneginden","tag-etkinligi","tag-galatasarayli","tag-isadamlari","tag-yeni","tag-yila","tag-yonetici"],"jetpack_publicize_connections":[],"jetpack_featured_media_url":"https:\/\/i0.wp.com\/www.tvturk.com\/wp-content\/uploads\/2020\/01\/ankara-galatasarayli-yonetici-ve-isadamlari-derneginden-yeni-yila-merhaba-etkinligi_705ae6d.jpg?fit=1000%2C666","jetpack_sharing_enabled":true,"jetpack_shortlink":"https:\/\/wp.me\/paKIfm-14Ho","_links":{"self":[{"href":"http:\/\/www.tvturk.com\/index.php\/wp-json\/wp\/v2\/posts\/256394","targetHints":{"allow":["GET"]}}],"collection":[{"href":"http:\/\/www.tvturk.com\/index.php\/wp-json\/wp\/v2\/posts"}],"about":[{"href":"http:\/\/www.tvturk.com\/index.php\/wp-json\/wp\/v2\/types\/post"}],"author":[{"embeddable":true,"href":"http:\/\/www.tvturk.com\/index.php\/wp-json\/wp\/v2\/users\/1"}],"replies":[{"embeddable":true,"href":"http:\/\/www.tvturk.com\/index.php\/wp-json\/wp\/v2\/comments?post=256394"}],"version-history":[{"count":0,"href":"http:\/\/www.tvturk.com\/index.php\/wp-json\/wp\/v2\/posts\/256394\/revisions"}],"wp:featuredmedia":[{"embeddable":true,"href":"http:\/\/www.tvturk.com\/index.php\/wp-json\/wp\/v2\/media\/256395"}],"wp:attachment":[{"href":"http:\/\/www.tvturk.com\/index.php\/wp-json\/wp\/v2\/media?parent=256394"}],"wp:term":[{"taxonomy":"category","embeddable":true,"href":"http:\/\/www.tvturk.com\/index.php\/wp-json\/wp\/v2\/categories?post=256394"},{"taxonomy":"post_tag","embeddable":true,"href":"http:\/\/www.tvturk.com\/index.php\/wp-json\/wp\/v2\/tags?post=256394"}],"curies":[{"name":"wp","href":"https:\/\/api.w.org\/{rel}","templated":true}]}}