{"id":256430,"date":"2020-01-16T17:02:59","date_gmt":"2020-01-16T14:02:59","guid":{"rendered":"http:\/\/www.tvturk.com\/index.php\/yeni-malatyasporu-basaksehir-macina-ali-ravci-hazirliyor\/"},"modified":"2020-01-16T17:02:59","modified_gmt":"2020-01-16T14:02:59","slug":"yeni-malatyasporu-basaksehir-macina-ali-ravci-hazirliyor","status":"publish","type":"post","link":"http:\/\/www.tvturk.com\/index.php\/yeni-malatyasporu-basaksehir-macina-ali-ravci-hazirliyor\/","title":{"rendered":"Yeni Malatyaspor\u2019u Ba\u015fak\u015fehir ma\u00e7\u0131na Ali Ravc\u0131 haz\u0131rl\u0131yor"},"content":{"rendered":"<p>S\u00fcper Lig\u2019in 18. haftas\u0131nda 18 Ocak Cumartesi g\u00fcn\u00fc deplasmanda Ba\u015fak\u015fehir ile kar\u015f\u0131la\u015facak Yeni Malatyaspor bu ma\u00e7\u0131n haz\u0131rl\u0131klar\u0131n\u0131 s\u00fcrd\u00fcr\u00fcyor.<\/p>\n<p>Nurettin Soykan Tesisleri\u2019nde Kul\u00fcp Sportif Direkt\u00f6r\u00fc Ali Ravc\u0131 y\u00f6netiminde tam kadro yap\u0131lan antrenmanda futbolcular\u0131n ne\u015feli olduklar\u0131 g\u00f6r\u00fcld\u00fc.<\/p>\n<p>\u00c7al\u0131\u015fman\u0131n ba\u015f\u0131nda futbolcular\u0131yla k\u0131sa bir toplant\u0131 yapan Ali Ravc\u0131, \u00f6nlerinde bulunan Ba\u015fak\u015fehir ma\u00e7\u0131n\u0131 kazanarak ikinci yar\u0131ya iyi bir ba\u015flang\u0131\u00e7 yapmalar\u0131 gerekti\u011fini payla\u015ft\u0131.<\/p>\n<p>D\u00fcz ko\u015fu ve \u0131s\u0131nma hareketleriyle ba\u015flayan antrenman taktik \u00e7al\u0131\u015fmayla sona erdi. Antrenman\u0131 Kul\u00fcp 2. Ba\u015fkan\u0131 Selim Pilten ve y\u00f6neticilerden \u0130lhan \u00c7elebi de bir s\u00fcre izledi.<\/p>\n<p>Yeni Malatyaspor yar\u0131n yapaca\u011f\u0131 antrenman\u0131n ard\u0131ndan \u0130stanbul\u2019a gidecek.<\/p>\n","protected":false},"excerpt":{"rendered":"<p>S\u00dcPER L\u0130G\u2019\u0130N 18. HAFTASINDA 18 OCAK CUMARTES\u0130 G\u00dcN\u00dc DEPLASMANDA BA\u015eAK\u015eEH\u0130R \u0130LE KAR\u015eILA\u015eACAK YEN\u0130 MALATYASPOR, BU MA\u00c7IN HAZIRLIKLARINI S\u00dcRD\u00dcR\u00dcYOR.<\/p>\n","protected":false},"author":1,"featured_media":256431,"comment_status":"closed","ping_status":"open","sticky":false,"template":"","format":"standard","meta":{"jetpack_post_was_ever_published":false,"_jetpack_newsletter_access":"","_jetpack_dont_email_post_to_subs":false,"_jetpack_newsletter_tier_id":0,"_jetpack_memberships_contains_paywalled_content":false,"_jetpack_memberships_contains_paid_content":false,"footnotes":"","jetpack_publicize_message":"","jetpack_publicize_feature_enabled":true,"jetpack_social_post_already_shared":true,"jetpack_social_options":{"image_generator_settings":{"template":"highway","default_image_id":0,"font":"","enabled":false},"version":2}},"categories":[657],"tags":[6004,625,20671,2865,29108,28015,87],"class_list":["post-256430","post","type-post","status-publish","format-standard","has-post-thumbnail","hentry","category-spor","tag-basaksehir","tag-ali","tag-hazirliyor","tag-macina","tag-malatyasporu","tag-ravci","tag-yeni"],"jetpack_publicize_connections":[],"jetpack_featured_media_url":"https:\/\/i0.wp.com\/www.tvturk.com\/wp-content\/uploads\/2020\/01\/yeni-malatyasporu-basaksehir-macina-ali-ravci-hazirliyor_c87f273.jpg?fit=958%2C796","jetpack_sharing_enabled":true,"jetpack_shortlink":"https:\/\/wp.me\/paKIfm-14HY","_links":{"self":[{"href":"http:\/\/www.tvturk.com\/index.php\/wp-json\/wp\/v2\/posts\/256430","targetHints":{"allow":["GET"]}}],"collection":[{"href":"http:\/\/www.tvturk.com\/index.php\/wp-json\/wp\/v2\/posts"}],"about":[{"href":"http:\/\/www.tvturk.com\/index.php\/wp-json\/wp\/v2\/types\/post"}],"author":[{"embeddable":true,"href":"http:\/\/www.tvturk.com\/index.php\/wp-json\/wp\/v2\/users\/1"}],"replies":[{"embeddable":true,"href":"http:\/\/www.tvturk.com\/index.php\/wp-json\/wp\/v2\/comments?post=256430"}],"version-history":[{"count":0,"href":"http:\/\/www.tvturk.com\/index.php\/wp-json\/wp\/v2\/posts\/256430\/revisions"}],"wp:featuredmedia":[{"embeddable":true,"href":"http:\/\/www.tvturk.com\/index.php\/wp-json\/wp\/v2\/media\/256431"}],"wp:attachment":[{"href":"http:\/\/www.tvturk.com\/index.php\/wp-json\/wp\/v2\/media?parent=256430"}],"wp:term":[{"taxonomy":"category","embeddable":true,"href":"http:\/\/www.tvturk.com\/index.php\/wp-json\/wp\/v2\/categories?post=256430"},{"taxonomy":"post_tag","embeddable":true,"href":"http:\/\/www.tvturk.com\/index.php\/wp-json\/wp\/v2\/tags?post=256430"}],"curies":[{"name":"wp","href":"https:\/\/api.w.org\/{rel}","templated":true}]}}