{"id":256446,"date":"2020-01-16T17:46:26","date_gmt":"2020-01-16T14:46:26","guid":{"rendered":"http:\/\/www.tvturk.com\/index.php\/yariyil-tatilinde-velilerin-tercihi-termal-tatil-olacak\/"},"modified":"2020-01-16T17:46:26","modified_gmt":"2020-01-16T14:46:26","slug":"yariyil-tatilinde-velilerin-tercihi-termal-tatil-olacak","status":"publish","type":"post","link":"http:\/\/www.tvturk.com\/index.php\/yariyil-tatilinde-velilerin-tercihi-termal-tatil-olacak\/","title":{"rendered":"Yar\u0131y\u0131l tatilinde velilerin tercihi termal tatil olacak"},"content":{"rendered":"<p>Tatilde \u00e7ocuklar\u0131n\u0131n stres at\u0131p do\u011fa ile i\u00e7 i\u00e7e g\u00fczel vakit ge\u00e7irmelerini isteyen aileler mevsim itibar\u0131yla en fazla termal tesislere ilgi g\u00f6steriyor.<\/p>\n<p>Karaderili \u015eirketler Grubunun Yalova Termal il\u00e7esine bulunan 2200 yatak kapasiteli termal oteli Terma City Otel\u2019in \u0130\u015fletme M\u00fcd\u00fcr\u00fc Mustafa H\u00fcg\u00fcl, 15 tatile y\u00f6nelik rezervasyonlar\u0131n s\u00fcrd\u00fc\u011f\u00fcn\u00fc aktararak, &#8220;Aileler tatil f\u0131rsatlar\u0131n\u0131 iyi de\u011ferlendirip erken rezervasyon f\u0131rsatlar\u0131n\u0131 ka\u00e7\u0131rm\u0131yorlar. K\u0131\u015f turizmin de t\u00fcketici olduk\u00e7a bilin\u00e7li hareket ediyor. Termal f\u0131rsatlar\u0131 ka\u00e7\u0131rmak istemiyor. Hem dinlenme hem de sa\u011fl\u0131k a\u00e7\u0131s\u0131ndan vazge\u00e7ilmez olan termal oteller gerekli ilgiyi g\u00f6r\u00fcyor. Otelimizde 15 tatil i\u00e7in \u015fu anda y\u00fczde 75-80 seviyesinde rezervasyonlar mevcut. Bu haftaki rezervasyonlarla ara tatili y\u00fczde 85-90 dolulukla ge\u00e7irece\u011fiz. 15 tatil sebebi ile rezervasyonlar\u0131n y\u00fczde 50 art\u0131\u015f g\u00f6sterdi\u011fini g\u00f6rebiliyoruz. Tatil boyunca termal sular\u0131m\u0131zdan 6 bin metrekare \u00fczerine kurulu SPA merkezimizden, \u00e7ocuk e\u011flence merkezleri, ve Termal il\u00e7emizin do\u011fas\u0131ndan faydalanmak, dinlenmek, huzurlu bir \u015fekilde tatilini ge\u00e7irmek isteyen ailelerimiz i\u00e7in ayr\u0131ca zengin yemek ve i\u00e7me se\u00e7enekleri ve t\u00fcm sosyal donat\u0131lar\u0131m\u0131z ile haz\u0131r bir \u015fekilde a\u011f\u0131rlamak i\u00e7in haz\u0131r\u0131z. Termal otellerde bilinenin aksine spa&amp;k\u00fcr merkezi, sinema salonlar\u0131, e\u011flence kul\u00fcpleri, spor salonlar\u0131, \u00e7ocuk e\u011flence merkezleri ve t\u00fcm sosyal donat\u0131lar\u0131m\u0131z ile  gen\u00e7leri a\u011f\u0131rlamay\u0131 hedef edindik. Biz buna yeni nesil termal diyoruz. Yaz turizminin aksine, uygun konaklama fiyatlar\u0131yla da dikkat \u00e7eken termal oteller tatilciler a\u00e7\u0131s\u0131ndan b\u00fcy\u00fck bir avantaj. Tesisimizde sadece yurt i\u00e7i de\u011fil, yurt d\u0131\u015f\u0131ndan da yo\u011fun talep al\u0131yoruz. Turist kapasitesi y\u00fcksek olan tesisimizde gelen talepler ve ilgiden mutluyuz&#8221; dedi.<\/p>\n","protected":false},"excerpt":{"rendered":"<p>KARADER\u0130L\u0130 \u015e\u0130RKETLER GRUBUNUN YALOVA TERMAL \u0130L\u00c7ES\u0130NE BULUNAN 2200 YATAK KAPAS\u0130TEL\u0130 TERMAL OTEL\u0130 TERMA C\u0130TY OTEL \u0130\u015eLETME M\u00dcD\u00dcR\u00dc MUSTAFA H\u00dcG\u00dcL\u2019\u00dcN YAPTI\u011eI A\u00c7IKLAMADA 15 TAT\u0130LE Y\u00d6NEL\u0130K REZERVASYONLARIN T\u00dcM HIZIYLA S\u00dcRD\u00dc\u011e\u00dcN\u00dc AKTARARAK, \u015eUNLARI S\u00d6YLED\u0130: \u2018\u2019 A\u0130LELER TAT\u0130L FIRSATLARINI \u0130Y\u0130 DE\u011eERLEND\u0130R\u0130P ERKEN REZERVASYON FIRSATLARINI KA\u00c7IRMIYORLAR. KI\u015e TUR\u0130Z\u0130M\u0130N DE T\u00dcKET\u0130C\u0130 OLDUK\u00c7A B\u0130L\u0130N\u00c7L\u0130 HAREKET ED\u0130YOR. TERMAL FIRSATLARI KA\u00c7IRMAK \u0130STEM\u0130YOR. HEM D\u0130NLENMECE HEM DE SA\u011eLIK A\u00c7ISINDAN VAZGE\u00c7\u0130LMEZ OLAN TERMAL OTELLER GEREKL\u0130 \u0130LG\u0130L\u0130 G\u00d6R\u00dcYOR. OTEL\u0130M\u0130ZDE 15 TAT\u0130L \u0130\u00c7\u0130N \u015eU ANDA Y\u00dcZDE 75-80 SEV\u0130YES\u0130NDE REZERVASYONLAR MEVCUT. BU HAFTAK\u0130 REZERVASYONLARLA ARA TAT\u0130L\u0130 Y\u00dcZDE 85-90 DOLULUKLA GE\u00c7\u0130RECE\u011e\u0130Z. 15 TAT\u0130L SEBEB\u0130 \u0130LE REZERVASYONLARIN Y\u00dcZDE 50 ARTI\u015e G\u00d6STERD\u0130\u011e\u0130N\u0130 G\u00d6REB\u0130L\u0130YORUZ.<\/p>\n","protected":false},"author":1,"featured_media":256447,"comment_status":"closed","ping_status":"open","sticky":false,"template":"","format":"standard","meta":{"jetpack_post_was_ever_published":false,"_jetpack_newsletter_access":"","_jetpack_dont_email_post_to_subs":false,"_jetpack_newsletter_tier_id":0,"_jetpack_memberships_contains_paywalled_content":false,"_jetpack_memberships_contains_paid_content":false,"footnotes":"","jetpack_publicize_message":"","jetpack_publicize_feature_enabled":true,"jetpack_social_post_already_shared":true,"jetpack_social_options":{"image_generator_settings":{"template":"highway","default_image_id":0,"font":"","enabled":false},"version":2}},"categories":[19],"tags":[1189,3575,4755,6150,9047,54964,2209],"class_list":["post-256446","post","type-post","status-publish","format-standard","has-post-thumbnail","hentry","category-ekonomi","tag-olacak","tag-tatil","tag-tatilinde","tag-tercihi","tag-termal","tag-velilerin","tag-yariyil"],"jetpack_publicize_connections":[],"jetpack_featured_media_url":"https:\/\/i0.wp.com\/www.tvturk.com\/wp-content\/uploads\/2020\/01\/yariyil-tatilinde-velilerin-tercihi-termal-tatil-olacak_f41544a.jpg?fit=1000%2C665","jetpack_sharing_enabled":true,"jetpack_shortlink":"https:\/\/wp.me\/paKIfm-14Ie","_links":{"self":[{"href":"http:\/\/www.tvturk.com\/index.php\/wp-json\/wp\/v2\/posts\/256446","targetHints":{"allow":["GET"]}}],"collection":[{"href":"http:\/\/www.tvturk.com\/index.php\/wp-json\/wp\/v2\/posts"}],"about":[{"href":"http:\/\/www.tvturk.com\/index.php\/wp-json\/wp\/v2\/types\/post"}],"author":[{"embeddable":true,"href":"http:\/\/www.tvturk.com\/index.php\/wp-json\/wp\/v2\/users\/1"}],"replies":[{"embeddable":true,"href":"http:\/\/www.tvturk.com\/index.php\/wp-json\/wp\/v2\/comments?post=256446"}],"version-history":[{"count":0,"href":"http:\/\/www.tvturk.com\/index.php\/wp-json\/wp\/v2\/posts\/256446\/revisions"}],"wp:featuredmedia":[{"embeddable":true,"href":"http:\/\/www.tvturk.com\/index.php\/wp-json\/wp\/v2\/media\/256447"}],"wp:attachment":[{"href":"http:\/\/www.tvturk.com\/index.php\/wp-json\/wp\/v2\/media?parent=256446"}],"wp:term":[{"taxonomy":"category","embeddable":true,"href":"http:\/\/www.tvturk.com\/index.php\/wp-json\/wp\/v2\/categories?post=256446"},{"taxonomy":"post_tag","embeddable":true,"href":"http:\/\/www.tvturk.com\/index.php\/wp-json\/wp\/v2\/tags?post=256446"}],"curies":[{"name":"wp","href":"https:\/\/api.w.org\/{rel}","templated":true}]}}