{"id":256496,"date":"2020-01-16T20:32:46","date_gmt":"2020-01-16T17:32:46","guid":{"rendered":"http:\/\/www.tvturk.com\/index.php\/sivassporda-fernando-4-hafta-yok\/"},"modified":"2020-01-16T20:32:46","modified_gmt":"2020-01-16T17:32:46","slug":"sivassporda-fernando-4-hafta-yok","status":"publish","type":"post","link":"http:\/\/www.tvturk.com\/index.php\/sivassporda-fernando-4-hafta-yok\/","title":{"rendered":"Sivasspor\u2019da Fernando 4 hafta yok"},"content":{"rendered":"<p>Antalya kamp\u0131nda sakatlanan Sivassporlu oyuncu Fernando\u2019nun en az 4 hafta sahalardan uzak kalaca\u011f\u0131 a\u00e7\u0131kland\u0131.<\/p>\n<p>Sivasspor\u2019da ssakatl\u0131\u011f\u0131 bulunan; Fernando Andrade, Marcelo Goiano, Aaron Appindangoye ve Emre K\u0131l\u0131n\u00e7\u2019\u0131n sa\u011fl\u0131k durumu hakk\u0131nda kul\u00fcp doktoru Burak Ayy\u0131ld\u0131z resmi internet sitesine a\u00e7\u0131klamada bulundu.<\/p>\n<p>K\u0131rm\u0131z\u0131-beyazl\u0131 kul\u00fcb\u00fcn resmi internet sitesinden yap\u0131lan a\u00e7\u0131klamada \u015fu ifadeler kullan\u0131ld\u0131:<\/p>\n<p>&#8220;Fernando Andrade: Antalya\u2019da yapt\u0131\u011f\u0131m\u0131z devre aras\u0131 kamp \u00e7al\u0131\u015fmalar\u0131 s\u0131ras\u0131nda sa\u011f alt adalesinden sakatlanan oyuncumuz Fernando Andrade tedavisinin devam\u0131 i\u00e7in Portekiz\u2019e g\u00f6nderildi. Oyuncumuzun 4 hafta tedavisinin devam etmesi planlanmaktad\u0131r.<\/p>\n<p>Marcelo Goiano: Ziraat T\u00fcrkiye Kupas\u0131 son 16 tur ma\u00e7\u0131nda sal\u0131 g\u00fcn\u00fc saham\u0131zda oynad\u0131\u011f\u0131m\u0131z Yeni Malatyaspor ma\u00e7\u0131nda sa\u011f ayak bile\u011finde ba\u011f gerilmesi ve hafif \u00f6dem olu\u015fan oyuncumuzun tedavisi tamamland\u0131 ve sporcumuzun yar\u0131n tak\u0131m\u0131m\u0131zla birlikte \u00e7al\u0131\u015fmalara kat\u0131lmas\u0131 planlanmaktad\u0131r.<\/p>\n<p>Aaron Appindangoye: Yine Yeni Malatyaspor ma\u00e7\u0131nda sa\u011f arka \u00fcst adalesinde hafif a\u011fr\u0131 olu\u015fan oyuncumuzun tedavisi tamamland\u0131. Aaron Appindangoye\u2019nin de yar\u0131n tak\u0131mla \u00e7al\u0131\u015fmalara ba\u015flamas\u0131 planlanmaktad\u0131r.<\/p>\n<p>Emre K\u0131l\u0131n\u00e7: Yeni Malatyaspor ma\u00e7\u0131nda sakatlanan di\u011fer sporcumuz Emre K\u0131l\u0131n\u00e7 ise daha \u00f6nce sporcu f\u0131t\u0131\u011f\u0131 ameliyat\u0131 ge\u00e7irdi\u011fi sol kas\u0131k \u00fcst k\u0131sm\u0131nda gerilmeye ba\u011fl\u0131 hafif a\u011fr\u0131 olu\u015ftu. Yap\u0131lan kontrolleri neticesinde oyuncumuz bug\u00fcn antrenmanda yer ald\u0131.&#8221;<\/p>\n","protected":false},"excerpt":{"rendered":"<p>ANTALYA KAMPINDA SAKATLANAN S\u0130VASSPORLU OYUNCU FERNANDO&#8217;NUN EN AZ 4 HAFTA SAHALARDAN UZAK KALACA\u011eI A\u00c7IKLANDI.<\/p>\n","protected":false},"author":1,"featured_media":256497,"comment_status":"closed","ping_status":"open","sticky":false,"template":"","format":"standard","meta":{"jetpack_post_was_ever_published":false,"_jetpack_newsletter_access":"","_jetpack_dont_email_post_to_subs":false,"_jetpack_newsletter_tier_id":0,"_jetpack_memberships_contains_paywalled_content":false,"_jetpack_memberships_contains_paid_content":false,"footnotes":"","jetpack_publicize_message":"","jetpack_publicize_feature_enabled":true,"jetpack_social_post_already_shared":true,"jetpack_social_options":{"image_generator_settings":{"template":"highway","default_image_id":0,"font":"","enabled":false},"version":2}},"categories":[657],"tags":[11869,1178,16377,664],"class_list":["post-256496","post","type-post","status-publish","format-standard","has-post-thumbnail","hentry","category-spor","tag-fernando","tag-hafta","tag-sivassporda","tag-yok"],"jetpack_publicize_connections":[],"jetpack_featured_media_url":"https:\/\/i0.wp.com\/www.tvturk.com\/wp-content\/uploads\/2020\/01\/sivassporda-fernando-4-hafta-yok_2166fc8.jpg?fit=1000%2C803","jetpack_sharing_enabled":true,"jetpack_shortlink":"https:\/\/wp.me\/paKIfm-14J2","_links":{"self":[{"href":"http:\/\/www.tvturk.com\/index.php\/wp-json\/wp\/v2\/posts\/256496","targetHints":{"allow":["GET"]}}],"collection":[{"href":"http:\/\/www.tvturk.com\/index.php\/wp-json\/wp\/v2\/posts"}],"about":[{"href":"http:\/\/www.tvturk.com\/index.php\/wp-json\/wp\/v2\/types\/post"}],"author":[{"embeddable":true,"href":"http:\/\/www.tvturk.com\/index.php\/wp-json\/wp\/v2\/users\/1"}],"replies":[{"embeddable":true,"href":"http:\/\/www.tvturk.com\/index.php\/wp-json\/wp\/v2\/comments?post=256496"}],"version-history":[{"count":0,"href":"http:\/\/www.tvturk.com\/index.php\/wp-json\/wp\/v2\/posts\/256496\/revisions"}],"wp:featuredmedia":[{"embeddable":true,"href":"http:\/\/www.tvturk.com\/index.php\/wp-json\/wp\/v2\/media\/256497"}],"wp:attachment":[{"href":"http:\/\/www.tvturk.com\/index.php\/wp-json\/wp\/v2\/media?parent=256496"}],"wp:term":[{"taxonomy":"category","embeddable":true,"href":"http:\/\/www.tvturk.com\/index.php\/wp-json\/wp\/v2\/categories?post=256496"},{"taxonomy":"post_tag","embeddable":true,"href":"http:\/\/www.tvturk.com\/index.php\/wp-json\/wp\/v2\/tags?post=256496"}],"curies":[{"name":"wp","href":"https:\/\/api.w.org\/{rel}","templated":true}]}}