{"id":256512,"date":"2020-01-16T22:02:53","date_gmt":"2020-01-16T19:02:53","guid":{"rendered":"http:\/\/www.tvturk.com\/index.php\/elazigspor-iki-oyuncunun-sozlesmesini-uzatti\/"},"modified":"2020-01-16T22:02:53","modified_gmt":"2020-01-16T19:02:53","slug":"elazigspor-iki-oyuncunun-sozlesmesini-uzatti","status":"publish","type":"post","link":"http:\/\/www.tvturk.com\/index.php\/elazigspor-iki-oyuncunun-sozlesmesini-uzatti\/","title":{"rendered":"Elaz\u0131\u011fspor iki oyuncunun s\u00f6zle\u015fmesini uzatt\u0131"},"content":{"rendered":"<p>Elaz\u0131\u011fspor, i\u00e7 transferde forvet \u00d6mer Y\u0131ld\u0131z ve orta saha oyuncusu Selim Enes \u00d6zeren\u2019in s\u00f6zle\u015fmelerini 2023\u2019e kadar uzatt\u0131.<\/p>\n<p>Yasa\u011f\u0131 nedeniyle transfer yapamayan TFF 2. Lig K\u0131rm\u0131z\u0131 Grup ekiplerinden Elaz\u0131\u011fspor, i\u00e7 transferde \u00d6mer Y\u0131ld\u0131z ve Selim Enes \u00d6zeren\u2019le yeniden anla\u015fma sa\u011flad\u0131. Her iki futbolcu i\u00e7in kul\u00fcp tesislerinde imza t\u00f6reni d\u00fczenlendi.<\/p>\n<p>\u0130mza t\u00f6reninde a\u00e7\u0131klamalarda bulunan Kul\u00fcp Ba\u015fkan\u0131 Sel\u00e7uk \u00d6zt\u00fcrk, \u201cEmin ad\u0131mlarla kul\u00fcb\u00fcm\u00fcz\u00fcn gelece\u011fini olu\u015fturma \u00e7al\u0131\u015fmalar\u0131m\u0131z\u0131 s\u00fcrd\u00fcr\u00fcyoruz. \u0130\u00e7 transfer g\u00f6r\u00fc\u015fmelerimiz kapsam\u0131nda altyap\u0131m\u0131zdan yeti\u015fen de\u011ferli iki gen\u00e7 futbolcumuz Selim Enes \u00d6zeren ve \u00d6mer Y\u0131ld\u0131z\u2019\u0131n s\u00f6zle\u015fmelerini belirledi\u011fimiz hedef do\u011frultusunda 2023 y\u0131l\u0131na kadar uzatm\u0131\u015f bulunmaktay\u0131z. \u0130nan\u0131yorum ki; her iki futbolcumuzda bordo-beyaz formam\u0131z alt\u0131nda \u00f6nemli ba\u015far\u0131lara imza atacaklard\u0131r. Futbolcular\u0131m\u0131zla yapt\u0131\u011f\u0131m\u0131z yeni s\u00f6zle\u015fmelerin camiam\u0131za hay\u0131rl\u0131 olmas\u0131n\u0131 temenni ediyorum\u201d dedi.<\/p>\n","protected":false},"excerpt":{"rendered":"<p>ELAZI\u011eSPOR, \u0130\u00c7 TRANSFERDE FORVET \u00d6MER YILDIZ&#8217;IN S\u00d6ZLE\u015eMES\u0130N\u0130 2023&#8217;E KADAR UZATTI.<\/p>\n","protected":false},"author":1,"featured_media":256513,"comment_status":"closed","ping_status":"open","sticky":false,"template":"","format":"standard","meta":{"jetpack_post_was_ever_published":false,"_jetpack_newsletter_access":"","_jetpack_dont_email_post_to_subs":false,"_jetpack_newsletter_tier_id":0,"_jetpack_memberships_contains_paywalled_content":false,"_jetpack_memberships_contains_paid_content":false,"footnotes":"","jetpack_publicize_message":"","jetpack_publicize_feature_enabled":true,"jetpack_social_post_already_shared":true,"jetpack_social_options":{"image_generator_settings":{"template":"highway","default_image_id":0,"font":"","enabled":false},"version":2}},"categories":[657],"tags":[6427,1220,43650,13265,13266],"class_list":["post-256512","post","type-post","status-publish","format-standard","has-post-thumbnail","hentry","category-spor","tag-elazigspor","tag-iki","tag-oyuncunun","tag-sozlesmesini","tag-uzatti"],"jetpack_publicize_connections":[],"jetpack_featured_media_url":"https:\/\/i0.wp.com\/www.tvturk.com\/wp-content\/uploads\/2020\/01\/elazigspor-iki-oyuncunun-sozlesmesini-uzatti_093bb30.jpg?fit=960%2C952","jetpack_sharing_enabled":true,"jetpack_shortlink":"https:\/\/wp.me\/paKIfm-14Ji","_links":{"self":[{"href":"http:\/\/www.tvturk.com\/index.php\/wp-json\/wp\/v2\/posts\/256512","targetHints":{"allow":["GET"]}}],"collection":[{"href":"http:\/\/www.tvturk.com\/index.php\/wp-json\/wp\/v2\/posts"}],"about":[{"href":"http:\/\/www.tvturk.com\/index.php\/wp-json\/wp\/v2\/types\/post"}],"author":[{"embeddable":true,"href":"http:\/\/www.tvturk.com\/index.php\/wp-json\/wp\/v2\/users\/1"}],"replies":[{"embeddable":true,"href":"http:\/\/www.tvturk.com\/index.php\/wp-json\/wp\/v2\/comments?post=256512"}],"version-history":[{"count":0,"href":"http:\/\/www.tvturk.com\/index.php\/wp-json\/wp\/v2\/posts\/256512\/revisions"}],"wp:featuredmedia":[{"embeddable":true,"href":"http:\/\/www.tvturk.com\/index.php\/wp-json\/wp\/v2\/media\/256513"}],"wp:attachment":[{"href":"http:\/\/www.tvturk.com\/index.php\/wp-json\/wp\/v2\/media?parent=256512"}],"wp:term":[{"taxonomy":"category","embeddable":true,"href":"http:\/\/www.tvturk.com\/index.php\/wp-json\/wp\/v2\/categories?post=256512"},{"taxonomy":"post_tag","embeddable":true,"href":"http:\/\/www.tvturk.com\/index.php\/wp-json\/wp\/v2\/tags?post=256512"}],"curies":[{"name":"wp","href":"https:\/\/api.w.org\/{rel}","templated":true}]}}